{"id":791718,"date":"2026-02-12T11:48:21","date_gmt":"2026-02-12T11:48:21","guid":{"rendered":"https:\/\/www.europesays.com\/de\/791718\/"},"modified":"2026-02-12T11:48:21","modified_gmt":"2026-02-12T11:48:21","slug":"was-2026-im-museum-abteiberg-passiert","status":"publish","type":"post","link":"https:\/\/www.europesays.com\/de\/791718\/","title":{"rendered":"Was 2026 im Museum Abteiberg passiert"},"content":{"rendered":"<p class=\"text_ohne_einzug richtext text-em-55 !leading-serif mx-6 desktop:mx-0\"> Die prominenteste Neuheit ist schwer zu ignorieren \u2013 wer durch die Gladbacher Innenstadt l\u00e4uft, kann sie gar nicht \u00fcbersehen. Eine gro\u00dfe L\u00fccke klafft seit vergangenem Jahr in der H\u00e4userfront an der oberen Hindenburgstra\u00dfe gegen\u00fcber dem alten Sinn-Geb\u00e4ude. Rund 44 Jahre nach der Er\u00f6ffnung des Museums soll dort mit den Pl\u00e4nen f\u00fcr das \u201eMuseumsquartier\u201c ein offener Platz mit Gr\u00fcnfl\u00e4chen und Kunst vor dem Geb\u00e4ude entstehen. Doch auch im Museum selbst stehen in n\u00e4chster Zeit zahlreiche spannende Projekte an.<\/p>\n","protected":false},"excerpt":{"rendered":"Die prominenteste Neuheit ist schwer zu ignorieren \u2013 wer durch die Gladbacher Innenstadt l\u00e4uft, kann sie gar nicht&hellip;\n","protected":false},"author":2,"featured_media":791719,"comment_status":"","ping_status":"","sticky":false,"template":"","format":"standard","meta":{"footnotes":"","_share_on_mastodon":"0"},"categories":[1849],"tags":[13586,71018,2076,3364,29,548,663,3934,30,13,3910,53225,11638,4455,2264,108450,14,15,1209,12,27898,178595],"class_list":["post-791718","post","type-post","status-publish","format-standard","has-post-thumbnail","category-moenchengladbach","tag-sammlung","tag-abteiberg","tag-ausstellung","tag-de","tag-deutschland","tag-eu","tag-europa","tag-europe","tag-germany","tag-headlines","tag-kuenstler","tag-kuenstlerischen","tag-luft","tag-moenchengladbach","tag-museum","tag-museums","tag-nachrichten","tag-news","tag-nordrhein-westfalen","tag-schlagzeilen","tag-werke","tag-werkgruppe"],"share_on_mastodon":{"url":"https:\/\/pubeurope.com\/@de\/116057506142605123","error":""},"_links":{"self":[{"href":"https:\/\/www.europesays.com\/de\/wp-json\/wp\/v2\/posts\/791718","targetHints":{"allow":["GET"]}}],"collection":[{"href":"https:\/\/www.europesays.com\/de\/wp-json\/wp\/v2\/posts"}],"about":[{"href":"https:\/\/www.europesays.com\/de\/wp-json\/wp\/v2\/types\/post"}],"author":[{"embeddable":true,"href":"https:\/\/www.europesays.com\/de\/wp-json\/wp\/v2\/users\/2"}],"replies":[{"embeddable":true,"href":"https:\/\/www.europesays.com\/de\/wp-json\/wp\/v2\/comments?post=791718"}],"version-history":[{"count":0,"href":"https:\/\/www.europesays.com\/de\/wp-json\/wp\/v2\/posts\/791718\/revisions"}],"wp:featuredmedia":[{"embeddable":true,"href":"https:\/\/www.europesays.com\/de\/wp-json\/wp\/v2\/media\/791719"}],"wp:attachment":[{"href":"https:\/\/www.europesays.com\/de\/wp-json\/wp\/v2\/media?parent=791718"}],"wp:term":[{"taxonomy":"category","embeddable":true,"href":"https:\/\/www.europesays.com\/de\/wp-json\/wp\/v2\/categories?post=791718"},{"taxonomy":"post_tag","embeddable":true,"href":"https:\/\/www.europesays.com\/de\/wp-json\/wp\/v2\/tags?post=791718"}],"curies":[{"name":"wp","href":"https:\/\/api.w.org\/{rel}","templated":true}]}}