{"id":791808,"date":"2026-02-12T12:37:11","date_gmt":"2026-02-12T12:37:11","guid":{"rendered":"https:\/\/www.europesays.com\/de\/791808\/"},"modified":"2026-02-12T12:37:11","modified_gmt":"2026-02-12T12:37:11","slug":"waffenverbot-am-hauptbahnhof-und-koeln-sued-ueber-karneval","status":"publish","type":"post","link":"https:\/\/www.europesays.com\/de\/791808\/","title":{"rendered":"Waffenverbot am Hauptbahnhof und K\u00f6ln-S\u00fcd \u00fcber Karneval"},"content":{"rendered":"<p class=\"small date article__date\">Ver\u00f6ffentlicht:\u00a0Donnerstag, 12.02.2026 13:13<\/p>\n<p>In der Adventszeit und rund um den Jahreswechsel war es schon so. \u00dcber Karneval jetzt wieder: Die Bundespolizei verh\u00e4ngt f\u00fcr den K\u00f6lner Hauptbahnhof eine Waffenverbotszone. <\/p>\n<p><img decoding=\"async\" alt=\"\" src=\"https:\/\/www.europesays.com\/de\/wp-content\/uploads\/2026\/02\/waffenverbotszone-hauptbahnhof.jpg&#038;crop=0x539x2232x1394&#038;resize=1280x799&#038;dt=202511201127580.jpeg\" data-size=\"1280x799\"\/>\u00a9 Bundespolizei<\/p>\n<p>Von Weiberfastnacht bis Veilchendienstag sind gef\u00e4hrliche Gegenst\u00e4nde jeder Art verboten. Das soll f\u00fcr mehr Sicherheit und Ordnung sorgen, sagt die Bundespolizei. Diese Allgemeinverf\u00fcgung gilt unter anderem auch f\u00fcr den Bahnhof K\u00f6ln-S\u00fcd. <\/p>\n<p>Wer sich nicht dran h\u00e4lt, riskiere einen Platzverweis, ein Mitfahrverbot im Zug und ein Zwangsgeld.\u00a0(DD)<\/p>\n","protected":false},"excerpt":{"rendered":"Ver\u00f6ffentlicht:\u00a0Donnerstag, 12.02.2026 13:13 In der Adventszeit und rund um den Jahreswechsel war es schon so. \u00dcber Karneval jetzt&hellip;\n","protected":false},"author":2,"featured_media":791809,"comment_status":"","ping_status":"","sticky":false,"template":"","format":"standard","meta":{"footnotes":"","_share_on_mastodon":"0"},"categories":[1828],"tags":[2499,421,29,30,3601,1420,1209,13667],"class_list":["post-791808","post","type-post","status-publish","format-standard","has-post-thumbnail","category-koeln","tag-kln","tag-bundespolizei","tag-deutschland","tag-germany","tag-hauptbahnhof","tag-koeln","tag-nordrhein-westfalen","tag-waffenverbotszone"],"share_on_mastodon":{"url":"https:\/\/pubeurope.com\/@de\/116057698954149983","error":""},"_links":{"self":[{"href":"https:\/\/www.europesays.com\/de\/wp-json\/wp\/v2\/posts\/791808","targetHints":{"allow":["GET"]}}],"collection":[{"href":"https:\/\/www.europesays.com\/de\/wp-json\/wp\/v2\/posts"}],"about":[{"href":"https:\/\/www.europesays.com\/de\/wp-json\/wp\/v2\/types\/post"}],"author":[{"embeddable":true,"href":"https:\/\/www.europesays.com\/de\/wp-json\/wp\/v2\/users\/2"}],"replies":[{"embeddable":true,"href":"https:\/\/www.europesays.com\/de\/wp-json\/wp\/v2\/comments?post=791808"}],"version-history":[{"count":0,"href":"https:\/\/www.europesays.com\/de\/wp-json\/wp\/v2\/posts\/791808\/revisions"}],"wp:featuredmedia":[{"embeddable":true,"href":"https:\/\/www.europesays.com\/de\/wp-json\/wp\/v2\/media\/791809"}],"wp:attachment":[{"href":"https:\/\/www.europesays.com\/de\/wp-json\/wp\/v2\/media?parent=791808"}],"wp:term":[{"taxonomy":"category","embeddable":true,"href":"https:\/\/www.europesays.com\/de\/wp-json\/wp\/v2\/categories?post=791808"},{"taxonomy":"post_tag","embeddable":true,"href":"https:\/\/www.europesays.com\/de\/wp-json\/wp\/v2\/tags?post=791808"}],"curies":[{"name":"wp","href":"https:\/\/api.w.org\/{rel}","templated":true}]}}