{"id":79215,"date":"2025-05-02T19:00:09","date_gmt":"2025-05-02T19:00:09","guid":{"rendered":"https:\/\/www.europesays.com\/de\/79215\/"},"modified":"2025-05-02T19:00:09","modified_gmt":"2025-05-02T19:00:09","slug":"niedersachsen-bremen-auszeichnung-fuer-queerbeauftragten-der-bundesregierung","status":"publish","type":"post","link":"https:\/\/www.europesays.com\/de\/79215\/","title":{"rendered":"Niedersachsen &#038; Bremen: Auszeichnung f\u00fcr Queerbeauftragten der Bundesregierung"},"content":{"rendered":"<p>                    Niedersachsen &amp; Bremen<br \/>\n                Auszeichnung f\u00fcr Queerbeauftragten der Bundesregierung<\/p>\n<p>\t\t\t\t              02.05.2025, 19:51 Uhr<\/p>\n<p><strong>Er ist der erste Queerbeauftragte einer Bundesregierung. Jetzt bekam Sven Lehmann den Rosa-Courage-Preis beim Kulturfestival &#8222;Gay in May&#8220; in Osnabr\u00fcck verliehen.<\/strong><\/p>\n<p>Osnabr\u00fcck (dpa\/lni) &#8211; Der Beauftragte der amtierenden Bundesregierung f\u00fcr die Akzeptanz sexueller und geschlechtlicher Vielfalt, Sven Lehmann, ist mit dem Preis des queeren Festivals &#8222;Gay in May&#8220; in Osnabr\u00fcck ausgezeichnet worden. Die fr\u00fchere WDR-Moderatorin Bettina B\u00f6ttinger \u00fcberreichte Lehmann den Rosa-Courage-Preis, wie eine Sprecherin sagte. B\u00f6ttinger war auch Laudatorin der Verleihung, die im Friedenssaal des historischen Rathauses in Osnabr\u00fcck stattfand.<\/p>\n<p>Mit dem Preis will der Verein herausragendes Engagement f\u00fcr die queere Gemeinschaft w\u00fcrdigen. Er wird seit 1992 verliehen. Lehmann werde f\u00fcr sein langj\u00e4hriges Engagement f\u00fcr die Rechte lesbischen, schwulen, bisexuellen, transsexuellen, intersexuellen und queeren Menschen geehrt sowie f\u00fcr seinen Einsatz f\u00fcr eine gerechtere, vielf\u00e4ltigere Gesellschaft, hie\u00df es in der Begr\u00fcndung.\u00a0<\/p>\n<p>Als erster Queerbeauftragter der Bundesregierung habe Lehmann zahlreiche Initiativen auf den Weg gebracht &#8211; etwa die Reform des Transsexuellengesetzes zum Selbstbestimmungsgesetz, Ma\u00dfnahmen zum Bek\u00e4mpfen von Hasskriminalit\u00e4t und den nationalen Aktionsplan f\u00fcr Akzeptanz und Schutz sexueller und geschlechtlicher Vielfalt.<\/p>\n","protected":false},"excerpt":{"rendered":"Niedersachsen &amp; Bremen Auszeichnung f\u00fcr Queerbeauftragten der Bundesregierung 02.05.2025, 19:51 Uhr Er ist der erste Queerbeauftragte einer Bundesregierung.&hellip;\n","protected":false},"author":2,"featured_media":79216,"comment_status":"","ping_status":"","sticky":false,"template":"","format":"standard","meta":{"footnotes":""},"categories":[1824],"tags":[3681,2420,1173,3364,29,30,1411,33822],"class_list":{"0":"post-79215","1":"post","2":"type-post","3":"status-publish","4":"format-standard","5":"has-post-thumbnail","7":"category-bremen","8":"tag-auszeichnung","9":"tag-bremen","10":"tag-bundesregierung","11":"tag-de","12":"tag-deutschland","13":"tag-germany","14":"tag-niedersachsen","15":"tag-queerbeauftragten"},"share_on_mastodon":{"url":"","error":""},"_links":{"self":[{"href":"https:\/\/www.europesays.com\/de\/wp-json\/wp\/v2\/posts\/79215","targetHints":{"allow":["GET"]}}],"collection":[{"href":"https:\/\/www.europesays.com\/de\/wp-json\/wp\/v2\/posts"}],"about":[{"href":"https:\/\/www.europesays.com\/de\/wp-json\/wp\/v2\/types\/post"}],"author":[{"embeddable":true,"href":"https:\/\/www.europesays.com\/de\/wp-json\/wp\/v2\/users\/2"}],"replies":[{"embeddable":true,"href":"https:\/\/www.europesays.com\/de\/wp-json\/wp\/v2\/comments?post=79215"}],"version-history":[{"count":0,"href":"https:\/\/www.europesays.com\/de\/wp-json\/wp\/v2\/posts\/79215\/revisions"}],"wp:featuredmedia":[{"embeddable":true,"href":"https:\/\/www.europesays.com\/de\/wp-json\/wp\/v2\/media\/79216"}],"wp:attachment":[{"href":"https:\/\/www.europesays.com\/de\/wp-json\/wp\/v2\/media?parent=79215"}],"wp:term":[{"taxonomy":"category","embeddable":true,"href":"https:\/\/www.europesays.com\/de\/wp-json\/wp\/v2\/categories?post=79215"},{"taxonomy":"post_tag","embeddable":true,"href":"https:\/\/www.europesays.com\/de\/wp-json\/wp\/v2\/tags?post=79215"}],"curies":[{"name":"wp","href":"https:\/\/api.w.org\/{rel}","templated":true}]}}