{"id":792319,"date":"2026-02-12T17:13:11","date_gmt":"2026-02-12T17:13:11","guid":{"rendered":"https:\/\/www.europesays.com\/de\/792319\/"},"modified":"2026-02-12T17:13:11","modified_gmt":"2026-02-12T17:13:11","slug":"mannheim-18-jaehrige-randalierten-in-kaefertal-polizeiberichte-aus-rhein-neckar-odenwald","status":"publish","type":"post","link":"https:\/\/www.europesays.com\/de\/792319\/","title":{"rendered":"Mannheim: 18-J\u00e4hrige randalierten in K\u00e4fertal &#8211; Polizeiberichte aus Rhein-Neckar-Odenwald"},"content":{"rendered":"<p>Mannheim. (pol\/fil) Zwei 18-J\u00e4hrige sind letzten Donnerstagabend in K\u00e4fertal wegen mehrerer Sachbesch\u00e4digungen festgenommen worden. Das teilt die Polizei am Donnerstag mit.<\/p>\n<p>Die\u00a0jungen M\u00e4nner\u00a0sollen zun\u00e4chst versucht haben, in der Deidesheimer Stra\u00dfe die Fensterscheiben eines Einfamilienhauses mit Steinen einzuwerfen. Als sie das nicht schafften,\u00a0fl\u00fcchteten\u00a0die beiden in\u00a0die Geschwister-Gr\u00fcnbaum-Stra\u00dfe und\u00a0warfen\u00a0dort erneut mehrere Steine in Richtung des Eingangsbereichs eines Supermarktes.<\/p>\n<p>Anschlie\u00dfend\u00a0warfen sie einen Blumentopf eine Treppe hinunter. Vom 10. Stock eines Parkhauses in der D\u00fcrkheimer Stra\u00dfe warfen sie Teile eines Ger\u00fcsts hinab und besch\u00e4digten zudem ein Notausgangsschild sowie einen Bewegungsmelder. In der Mettlacher Stra\u00dfe rissen sie\u00a0au\u00dferdem ein an einem Baum befestigtes Schild ab und traten aus einem Holzzaun zwei Lamellen heraus. Ein Zeuge, der auf die 18-J\u00e4hrigen aufmerksam wurde, verst\u00e4ndigte die Polizei. Die Beamten konnten die Tatverd\u00e4chtigen nach kurzer Verfolgung festnehmen.\u00a0<\/p>\n<p>Bereits die Woche zuvor\u00a0soll es in der Deidesheimer Stra\u00dfe zu einer Sachbesch\u00e4digung durch die\u00a0jungen M\u00e4nner gekommen sein. Beide erwartet nun eine Anzeige wegen Sachbesch\u00e4digung. Die Ermittlungen dauern an.<\/p>\n","protected":false},"excerpt":{"rendered":"Mannheim. (pol\/fil) Zwei 18-J\u00e4hrige sind letzten Donnerstagabend in K\u00e4fertal wegen mehrerer Sachbesch\u00e4digungen festgenommen worden. Das teilt die Polizei&hellip;\n","protected":false},"author":2,"featured_media":394544,"comment_status":"","ping_status":"","sticky":false,"template":"","format":"standard","meta":{"footnotes":"","_share_on_mastodon":"0"},"categories":[1845],"tags":[1634,3364,29,548,663,3934,30,13,2096,14,15,17343,12],"class_list":["post-792319","post","type-post","status-publish","format-standard","has-post-thumbnail","category-mannheim","tag-baden-wuerttemberg","tag-de","tag-deutschland","tag-eu","tag-europa","tag-europe","tag-germany","tag-headlines","tag-mannheim","tag-nachrichten","tag-news","tag-polizei-blaulicht-heidelberg-mannheim-rhein-neckar-metropolregion-sinsheim-kraichgau-neckarodenwald-odenwald-bauland-heilbronn","tag-schlagzeilen"],"share_on_mastodon":{"url":"https:\/\/pubeurope.com\/@de\/116058784056475762","error":""},"_links":{"self":[{"href":"https:\/\/www.europesays.com\/de\/wp-json\/wp\/v2\/posts\/792319","targetHints":{"allow":["GET"]}}],"collection":[{"href":"https:\/\/www.europesays.com\/de\/wp-json\/wp\/v2\/posts"}],"about":[{"href":"https:\/\/www.europesays.com\/de\/wp-json\/wp\/v2\/types\/post"}],"author":[{"embeddable":true,"href":"https:\/\/www.europesays.com\/de\/wp-json\/wp\/v2\/users\/2"}],"replies":[{"embeddable":true,"href":"https:\/\/www.europesays.com\/de\/wp-json\/wp\/v2\/comments?post=792319"}],"version-history":[{"count":0,"href":"https:\/\/www.europesays.com\/de\/wp-json\/wp\/v2\/posts\/792319\/revisions"}],"wp:featuredmedia":[{"embeddable":true,"href":"https:\/\/www.europesays.com\/de\/wp-json\/wp\/v2\/media\/394544"}],"wp:attachment":[{"href":"https:\/\/www.europesays.com\/de\/wp-json\/wp\/v2\/media?parent=792319"}],"wp:term":[{"taxonomy":"category","embeddable":true,"href":"https:\/\/www.europesays.com\/de\/wp-json\/wp\/v2\/categories?post=792319"},{"taxonomy":"post_tag","embeddable":true,"href":"https:\/\/www.europesays.com\/de\/wp-json\/wp\/v2\/tags?post=792319"}],"curies":[{"name":"wp","href":"https:\/\/api.w.org\/{rel}","templated":true}]}}