{"id":792411,"date":"2026-02-12T18:05:12","date_gmt":"2026-02-12T18:05:12","guid":{"rendered":"https:\/\/www.europesays.com\/de\/792411\/"},"modified":"2026-02-12T18:05:12","modified_gmt":"2026-02-12T18:05:12","slug":"auto-ueberrollt-fussgaenger-in-neukoelln-mann-schwer-verletzt","status":"publish","type":"post","link":"https:\/\/www.europesays.com\/de\/792411\/","title":{"rendered":"Auto \u00fcberrollt Fu\u00dfg\u00e4nger in Neuk\u00f6lln \u2013 Mann schwer verletzt"},"content":{"rendered":"<p>\n            Sie haben vermutlich einen Ad-Blocker aktiviert. Aus diesem Grund k\u00f6nnen die Funktionen des Podcast-Players eingeschr\u00e4nkt sein. Bitte deaktivieren Sie den Ad-Blocker,<br \/>\n            um den Podcast h\u00f6ren zu k\u00f6nnen.\n          <\/p>\n<p>              <img height=\"50\" alt=\"podcast-image\" class=\"float-left mr-5 h-[50px] w-[50px] rounded shadow-md md:h-[150px] md:w-[150px]\"\/><\/p>\n<p>\n        00:00<br \/>\n        Podcast Progress<\/p>\n<p>        00:00\n      <\/p>\n<ul data-position=\"above\" class=\"absolute z-90 hidden bg-background-300 text-copy-primary\">\n<p>        Facebook<\/p>\n<p>         X <\/p>\n<p>        WhatsApp<\/p>\n<p>        E-Mail<\/p>\n<\/ul>\n","protected":false},"excerpt":{"rendered":"Sie haben vermutlich einen Ad-Blocker aktiviert. Aus diesem Grund k\u00f6nnen die Funktionen des Podcast-Players eingeschr\u00e4nkt sein. Bitte deaktivieren&hellip;\n","protected":false},"author":2,"featured_media":792412,"comment_status":"","ping_status":"","sticky":false,"template":"","format":"standard","meta":{"footnotes":"","_share_on_mastodon":"0"},"categories":[1825],"tags":[1941,1939,296,1937,29,30,1940,1938],"class_list":["post-792411","post","type-post","status-publish","format-standard","has-post-thumbnail","category-berlin","tag-aktuelle-nachrichten-aus-berlin","tag-aktuelle-news-aus-berlin","tag-berlin","tag-berlin-news","tag-deutschland","tag-germany","tag-nachrichten-aus-berlin","tag-news-aus-berlin"],"share_on_mastodon":{"url":"https:\/\/pubeurope.com\/@de\/116058988602194620","error":""},"_links":{"self":[{"href":"https:\/\/www.europesays.com\/de\/wp-json\/wp\/v2\/posts\/792411","targetHints":{"allow":["GET"]}}],"collection":[{"href":"https:\/\/www.europesays.com\/de\/wp-json\/wp\/v2\/posts"}],"about":[{"href":"https:\/\/www.europesays.com\/de\/wp-json\/wp\/v2\/types\/post"}],"author":[{"embeddable":true,"href":"https:\/\/www.europesays.com\/de\/wp-json\/wp\/v2\/users\/2"}],"replies":[{"embeddable":true,"href":"https:\/\/www.europesays.com\/de\/wp-json\/wp\/v2\/comments?post=792411"}],"version-history":[{"count":0,"href":"https:\/\/www.europesays.com\/de\/wp-json\/wp\/v2\/posts\/792411\/revisions"}],"wp:featuredmedia":[{"embeddable":true,"href":"https:\/\/www.europesays.com\/de\/wp-json\/wp\/v2\/media\/792412"}],"wp:attachment":[{"href":"https:\/\/www.europesays.com\/de\/wp-json\/wp\/v2\/media?parent=792411"}],"wp:term":[{"taxonomy":"category","embeddable":true,"href":"https:\/\/www.europesays.com\/de\/wp-json\/wp\/v2\/categories?post=792411"},{"taxonomy":"post_tag","embeddable":true,"href":"https:\/\/www.europesays.com\/de\/wp-json\/wp\/v2\/tags?post=792411"}],"curies":[{"name":"wp","href":"https:\/\/api.w.org\/{rel}","templated":true}]}}