{"id":792419,"date":"2026-02-12T18:09:12","date_gmt":"2026-02-12T18:09:12","guid":{"rendered":"https:\/\/www.europesays.com\/de\/792419\/"},"modified":"2026-02-12T18:09:12","modified_gmt":"2026-02-12T18:09:12","slug":"raetsel-um-knall-und-erschuetterung-im-maerkischen-viertel","status":"publish","type":"post","link":"https:\/\/www.europesays.com\/de\/792419\/","title":{"rendered":"R\u00e4tsel um Knall und Ersch\u00fctterung im M\u00e4rkischen Viertel"},"content":{"rendered":"<p class=\"expressive-copy-lg-body\">Ein lauter Knall und deutliche Ersch\u00fctterungen, die sogar in einigen Wohnungen zu sp\u00fcren waren. So schildern Bewohner des <a href=\"https:\/\/www.morgenpost.de\/bezirke\/reinickendorf\/article410672833\/690-neue-wohnungen-fuers-maerkische-viertel-in-berlin.html\" data-category-full-path=\"https:\/\/www.morgenpost.de\/bezirke\/reinickendorf\/\" data-paid-status=\"premium\" data-article-publish-date=\"1765380636\" rel=\"nofollow noopener\" target=\"_blank\">M\u00e4rkischen Viertels<\/a> im Internet, was sie am Mittwochabend erlebt haben.<\/p>\n<p class=\"expressive-copy-lg-body\">Ausgangspunkt der ersten Meldung sei die Finsterwalder Stra\u00dfe 92. Dort habe die Wohnung eines Betroffenen pl\u00f6tzlich vibriert, als es zudem einmalig laut geknallt habe. Mehrere andere Personen beschrieben deutlich sp\u00fcrbares Wackeln in Wohnungen und ausgel\u00f6ste Autoalarmanlagen.<\/p>\n<p>Explosion im M\u00e4rkischen Viertel: Polizei r\u00fcckt am Abend aus<\/p>\n<p class=\"expressive-copy-lg-body\">Immer wieder gibt es r\u00e4tselhafte Knall-Vorf\u00e4lle im M\u00e4rkischen Viertel. Ende 2023 <a href=\"https:\/\/www.morgenpost.de\/berlin\/article240759256\/Unbekannte-sprengen-Geldautomat-im-Maerkischen-Viertel.html\" data-category-full-path=\"https:\/\/www.morgenpost.de\/berlin\/\" data-paid-status=\"free\" data-article-publish-date=\"1701865724\" target=\"_blank\" rel=\"nofollow noopener\">wurde zum Beispiel ein Geldautomat gesprengt.<\/a>  Dieses Mal schien die Ersch\u00fctterung jedoch so gewaltig, dass einige der Anwohner eine Gasexplosion vermuteten, in einem der Einfamilienh\u00e4user in der N\u00e4he des Campus Hannah H\u00f6ch in der Finsterwalder Stra\u00dfe. <\/p>\n<p class=\"expressive-copy-lg-body\">Auf Morgenpost-Anfrage best\u00e4tigt die Polizei, dass sie \u201ewegen einer vermeintlichen Explosion\u201c um 20.25 Uhr in den Senftenberger Ring und in die Finsterwalder Stra\u00dfe gerufen worden war. <\/p>\n<p>Bushaltestelle besch\u00e4digt: Polizei schlie\u00dft Explosion als Ursache aus<\/p>\n<p class=\"expressive-copy-lg-body\">Im Senftenberger Ring konnten die Beamten \u00fcberhaupt keinen Schaden und keine Ursache entdecken. In der Finsterwalder Stra\u00dfe fanden die Polizisten eine Bushaltestelle der <a href=\"https:\/\/www.morgenpost.de\/berlin\/berliner-verkehrsbetriebe-bvg\/\" target=\"_blank\" rel=\"nofollow noopener\">BVG<\/a> vor, bei der von sechs Scheiben drei zerst\u00f6rt worden waren. Personen wurden vor Ort nicht mehr angetroffen und Spuren wurden auch nicht gefunden. \u201eDer Einsatz von <a href=\"https:\/\/www.morgenpost.de\/berlin\/article410664504\/silvester-in-berlin-illegale-pyrotechnik-bereitet-sorgen.html\" data-category-full-path=\"https:\/\/www.morgenpost.de\/berlin\/\" data-paid-status=\"free\" data-article-publish-date=\"1765287858\" rel=\"nofollow noopener\" target=\"_blank\">Pyrotechnik <\/a>ist zumindest unwahrscheinlich, weil keine offensichtlichen Spuren davon zur\u00fcckgelassen wurden\u201c, sagte ein Polizeisprecher gegen\u00fcber der Morgenpost. <\/p>\n<p class=\"expressive-copy-lg-body\">Generell betrachtet die Polizei eine Explosion als Ursache \u201eals unwahrscheinlich, da sonst alle sechs Scheiben kaputtgegangen w\u00e4ren\u201c. Es wurde ein Ermittlungsverfahren wegen gemeinschaftlicher Sachbesch\u00e4digung eingeleitet.<\/p>\n","protected":false},"excerpt":{"rendered":"Ein lauter Knall und deutliche Ersch\u00fctterungen, die sogar in einigen Wohnungen zu sp\u00fcren waren. So schildern Bewohner des&hellip;\n","protected":false},"author":2,"featured_media":792420,"comment_status":"","ping_status":"","sticky":false,"template":"","format":"standard","meta":{"footnotes":"","_share_on_mastodon":"0"},"categories":[1825],"tags":[296,29,30],"class_list":["post-792419","post","type-post","status-publish","format-standard","has-post-thumbnail","category-berlin","tag-berlin","tag-deutschland","tag-germany"],"share_on_mastodon":{"url":"https:\/\/pubeurope.com\/@de\/116059004306015846","error":""},"_links":{"self":[{"href":"https:\/\/www.europesays.com\/de\/wp-json\/wp\/v2\/posts\/792419","targetHints":{"allow":["GET"]}}],"collection":[{"href":"https:\/\/www.europesays.com\/de\/wp-json\/wp\/v2\/posts"}],"about":[{"href":"https:\/\/www.europesays.com\/de\/wp-json\/wp\/v2\/types\/post"}],"author":[{"embeddable":true,"href":"https:\/\/www.europesays.com\/de\/wp-json\/wp\/v2\/users\/2"}],"replies":[{"embeddable":true,"href":"https:\/\/www.europesays.com\/de\/wp-json\/wp\/v2\/comments?post=792419"}],"version-history":[{"count":0,"href":"https:\/\/www.europesays.com\/de\/wp-json\/wp\/v2\/posts\/792419\/revisions"}],"wp:featuredmedia":[{"embeddable":true,"href":"https:\/\/www.europesays.com\/de\/wp-json\/wp\/v2\/media\/792420"}],"wp:attachment":[{"href":"https:\/\/www.europesays.com\/de\/wp-json\/wp\/v2\/media?parent=792419"}],"wp:term":[{"taxonomy":"category","embeddable":true,"href":"https:\/\/www.europesays.com\/de\/wp-json\/wp\/v2\/categories?post=792419"},{"taxonomy":"post_tag","embeddable":true,"href":"https:\/\/www.europesays.com\/de\/wp-json\/wp\/v2\/tags?post=792419"}],"curies":[{"name":"wp","href":"https:\/\/api.w.org\/{rel}","templated":true}]}}