{"id":79248,"date":"2025-05-02T19:17:22","date_gmt":"2025-05-02T19:17:22","guid":{"rendered":"https:\/\/www.europesays.com\/de\/79248\/"},"modified":"2025-05-02T19:17:22","modified_gmt":"2025-05-02T19:17:22","slug":"moorweide-jetzt-entscheidet-die-stadt","status":"publish","type":"post","link":"https:\/\/www.europesays.com\/de\/79248\/","title":{"rendered":"Moorweide \u2013 Jetzt entscheidet die Stadt"},"content":{"rendered":"<p>  Koalitionsvertrag <\/p>\n<p class=\"text-bold m-0\">Naturschutz oder Veranstaltungsfl\u00e4che? Die Nutzung der Moorweide spaltet seit langem die Bezirksversammlung. Nun ist sie nicht mehr zust\u00e4ndig \u2013 und auch bei dieser Entscheidung gehen die Meinungen auseinander.<\/p>\n<p>    <a href=\"https:\/\/www.eimsbuetteler-nachrichten.de\/author\/ellaschinkel\/\" title=\"Ella Schinkel\" alt=\"Ella Schinkel\" class=\"author-line text-secondary\" rel=\"nofollow noopener\" target=\"_blank\">Von Ella Schinkel<\/a><\/p>\n<p>Die Nutzung der Moorweide am Bahnhof Dammtor bewegt die Eimsb\u00fctteler Bezirksversammlung seit vielen Jahren. Zuletzt wurden mehrere Nutzungskonzepte formuliert. CDU und Gr\u00fcne schlossen sich mit einem gemeinsamen Antrag zusammen. Mit dem neuen Koalitionsvertrag der Rot-Gr\u00fcnen-Regierung hat sich die Zust\u00e4ndigkeit jedoch ver\u00e4ndert: K\u00fcnftig soll die Wirtschaftsbeh\u00f6rde der Stadt Hamburg \u00fcber die Gr\u00fcnfl\u00e4che entscheiden.<\/p>\n<p><\/p>\n<p>Moorweide: Dauerbrenner in der Bezirksversammlung<\/p>\n<p>In den vergangenen Jahren gab es immer wieder Diskussionen, ob auf der Moorweide Veranstaltungen stattfinden d\u00fcrfen.<\/p>\n<p>Die Eimsb\u00fctteler SPD-Fraktion sprach sich wiederholt f\u00fcr eine kommerzielle Nutzung aus. Veranstaltungen auf der Gro\u00dfen und Kleinen Moorweide w\u00fcrden das Miteinander st\u00e4rken und ein Ort der Kultur, des Austausches und des gemeinsamen Erlebens sein, sagte Gabor Gottlieb von der SPD-Fraktion gegen\u00fcber den Eimsb\u00fctteler Nachrichten.\n  <\/p>\n<p>Gegenstimmen wiesen auf die \u00f6kologische Bedeutung und die historische Belastung der Gr\u00fcnfl\u00e4che hin. Im NS-Regime wurde die Moorweide als Sammelplatz f\u00fcr die Deportation von J\u00fcdinnen und Juden genutzt.<\/p>\n<p>Der Koalitionsvertrag \u00fcbertr\u00e4gt Zust\u00e4ndigkeit<\/p>\n<p>Ein k\u00fcrzlich in der Bezirksversammlung eingereichter Gemeinschaftsantrag von Gr\u00fcnen und CDU sah ein Nutzungskonzept vor, welches einzelne Veranstaltungen unter strengen Auflagen erlauben sollte. Regenerationszeiten, eingeschr\u00e4nkte Nutzungsdauer und die Pflicht, die Fl\u00e4che im vorgefundenen Zustand zur\u00fcckzulassen, sollten den \u00f6kologischen Schutz der Moorweiden gew\u00e4hrleisten.<\/p>\n<p>In der Sitzung der Bezirksversammlung am 24. April sollte \u00fcber den Antrag abgestimmt werden. Dazu kam es aber nicht. Laut Koalitionsvertrag ist jetzt die Stadt zust\u00e4ndig und nicht mehr der Bezirk.\u00a0<\/p>\n<p>\u201eAls Beitrag zur Belebung der Innenstadt wollen wir weiter das Angebot von kulturellen Veranstaltungen ausbauen\u201c, hei\u00dft es im Koalitionsvertrag. Deswegen werde die Wirtschaftsbeh\u00f6rde beauftragt, ein strukturiertes Nutzungskonzept f\u00fcr die Moorweide zu entwickeln und umzusetzen. Das Konzept solle eine nachhaltige Sondernutzung der Kleinen und Gro\u00dfen Moorweide durch \u00f6ffentliche Veranstaltungen erm\u00f6glichen und dabei den \u00f6kologischen Schutz der Gr\u00fcnfl\u00e4che gew\u00e4hrleisten.<\/p>\n<p>Reaktionen aus der Bezirksversammlung<\/p>\n<p>Sascha Greshake von der CDU-Fraktion Eimsb\u00fcttel zeigte sich \u00fcber die neue Zust\u00e4ndigkeit emp\u00f6rt. Die Moorweide werde den rot-gr\u00fcnen Regierungsvorstellungen geopfert und der Bezirk an dieser Stelle entm\u00fcndigt.\u00a0<\/p>\n<p>Auch Mikey Kleinert von der Linken \u00e4u\u00dferte Unverst\u00e4ndnis \u00fcber die Entscheidung. Die Linksfraktion lehne jegliche kommerzielle Nutzung der Fl\u00e4che ab. Dass nun ausgerechnet die Wirtschaftsbeh\u00f6rde die Verantwortung f\u00fcr ein Nutzungskonzept \u00fcbernehmen solle, unterstreiche eine bedenkliche Priorit\u00e4tensetzung und ignoriere die Bed\u00fcrfnisse der Eimsb\u00fctteler Bev\u00f6lkerung.<\/p>\n<p>Gabor Gottlieb von der SPD-Fraktion sagte hingegen, aufgrund der Tatsache, <a href=\"https:\/\/www.eimsbuetteler-nachrichten.de\/zirkus-circus-roncalli-grosse-moorweide-bezirksversammlung-senat-hamburg-eimsbuettel\/\" target=\"_blank\" rel=\"noreferrer noopener nofollow\">dass der Hamburger Senat bereits in der Vergangenheit beim Thema Moorweide habe eingreifen m\u00fcssen<\/a>, sei es konsequent, dass die Stadt jetzt Verantwortung \u00fcbernehme. Die Nutzung werde so f\u00fcr alle m\u00f6glich gemacht und schaffe endlich Planungssicherheit.<\/p>\n<p>Bis die Wirtschaftsbeh\u00f6rde ein Nutzungskonzept beschlie\u00dfe, gelten die alten Regelungen.\u00a0<\/p>\n<p>Die Eimsb\u00fctteler Gr\u00fcnenfraktion hat bis Redaktionsschluss keine Stellungnahme abgegeben.<\/p>\n<p>l<strong>okal. unabh\u00e4ngig. unbestechlich.<\/strong><\/p>\n<p><img loading=\"lazy\" decoding=\"async\" width=\"1798\" height=\"1200\" src=\"https:\/\/www.europesays.com\/de\/wp-content\/uploads\/2025\/05\/Hamburg-Eimsbuettel_Eimsbuettel-Abo-magazin-online-eimsbuetteler-nachrichten-1798x1200.jpg\" alt=\"\" class=\"wp-image-227620\"  \/><\/p>\n<p>Mit Eimsb\u00fcttel+ hast du Zugriff auf alle Plus-Inhalte der Eimsb\u00fctteler Nachrichten. Zudem erh\u00e4ltst du exklusive Angebote, Deals und Rabatte von unseren Partnern. <\/p>\n","protected":false},"excerpt":{"rendered":"Koalitionsvertrag Naturschutz oder Veranstaltungsfl\u00e4che? Die Nutzung der Moorweide spaltet seit langem die Bezirksversammlung. Nun ist sie nicht mehr&hellip;\n","protected":false},"author":2,"featured_media":79249,"comment_status":"","ping_status":"","sticky":false,"template":"","format":"standard","meta":{"footnotes":"","_share_on_mastodon":"0"},"categories":[1826],"tags":[33829,33830,33831,29,33832,33833,30,33834,692,1215,33835,33836,2382,33837,12031],"class_list":["post-79248","post","type-post","status-publish","format-standard","has-post-thumbnail","category-hamburg","tag-bezirksversammlung","tag-cdu-eimsbuettel","tag-dammtor","tag-deutschland","tag-die-linke-eimsbuettel","tag-eimsbuettel-plus","tag-germany","tag-gruene-eimsbuettel","tag-hamburg","tag-koalitionsvertrag","tag-moorweide","tag-rotherbaum","tag-senat","tag-spd-eimsbuettel","tag-umweltschutz"],"share_on_mastodon":{"url":"https:\/\/pubeurope.com\/@de\/114439850857731759","error":""},"_links":{"self":[{"href":"https:\/\/www.europesays.com\/de\/wp-json\/wp\/v2\/posts\/79248","targetHints":{"allow":["GET"]}}],"collection":[{"href":"https:\/\/www.europesays.com\/de\/wp-json\/wp\/v2\/posts"}],"about":[{"href":"https:\/\/www.europesays.com\/de\/wp-json\/wp\/v2\/types\/post"}],"author":[{"embeddable":true,"href":"https:\/\/www.europesays.com\/de\/wp-json\/wp\/v2\/users\/2"}],"replies":[{"embeddable":true,"href":"https:\/\/www.europesays.com\/de\/wp-json\/wp\/v2\/comments?post=79248"}],"version-history":[{"count":0,"href":"https:\/\/www.europesays.com\/de\/wp-json\/wp\/v2\/posts\/79248\/revisions"}],"wp:featuredmedia":[{"embeddable":true,"href":"https:\/\/www.europesays.com\/de\/wp-json\/wp\/v2\/media\/79249"}],"wp:attachment":[{"href":"https:\/\/www.europesays.com\/de\/wp-json\/wp\/v2\/media?parent=79248"}],"wp:term":[{"taxonomy":"category","embeddable":true,"href":"https:\/\/www.europesays.com\/de\/wp-json\/wp\/v2\/categories?post=79248"},{"taxonomy":"post_tag","embeddable":true,"href":"https:\/\/www.europesays.com\/de\/wp-json\/wp\/v2\/tags?post=79248"}],"curies":[{"name":"wp","href":"https:\/\/api.w.org\/{rel}","templated":true}]}}