{"id":792563,"date":"2026-02-12T19:26:11","date_gmt":"2026-02-12T19:26:11","guid":{"rendered":"https:\/\/www.europesays.com\/de\/792563\/"},"modified":"2026-02-12T19:26:11","modified_gmt":"2026-02-12T19:26:11","slug":"schmuck-gold-und-uhren-einbruch-in-tresorraum","status":"publish","type":"post","link":"https:\/\/www.europesays.com\/de\/792563\/","title":{"rendered":"Schmuck, Gold und Uhren: Einbruch in Tresorraum"},"content":{"rendered":"<p>Mehr als drei Jahre nach einem spektakul\u00e4ren Einbruch in einen Tresorraum in Berlin-Charlottenburg mit Millionen-Beute hat die Polizei am Hauptstadtflughafen BER einen weiteren mutma\u00dflichen T\u00e4ter festgenommen. Der 38-J\u00e4hrige sei mit einem Haftbefehl gesucht und am Mittwochmittag bei der Einreise aus Ankara \u00fcberpr\u00fcft worden, teilte die Staatsanwaltschaft mit.<\/p>\n<p>Nach derzeitigem Erkenntnisstand soll er an dem Einbruch am 19. November 2022 in der Fasanenstra\u00dfe beteiligt gewesen sein. Bei der Tat soll er Schmuck, Gold und Uhren aus einem Tresorraum im Wert von rund 18 Millionen Euro gestohlen haben. Die T\u00e4ter legten anschlie\u00dfend Feuer, um Spuren zu vernichten. Die Beute ist verschwunden.<\/p>\n","protected":false},"excerpt":{"rendered":"Mehr als drei Jahre nach einem spektakul\u00e4ren Einbruch in einen Tresorraum in Berlin-Charlottenburg mit Millionen-Beute hat die Polizei&hellip;\n","protected":false},"author":2,"featured_media":792564,"comment_status":"","ping_status":"","sticky":false,"template":"","format":"standard","meta":{"footnotes":"","_share_on_mastodon":"0"},"categories":[1825],"tags":[296,29,30],"class_list":["post-792563","post","type-post","status-publish","format-standard","has-post-thumbnail","category-berlin","tag-berlin","tag-deutschland","tag-germany"],"share_on_mastodon":{"url":"https:\/\/pubeurope.com\/@de\/116059307223133704","error":""},"_links":{"self":[{"href":"https:\/\/www.europesays.com\/de\/wp-json\/wp\/v2\/posts\/792563","targetHints":{"allow":["GET"]}}],"collection":[{"href":"https:\/\/www.europesays.com\/de\/wp-json\/wp\/v2\/posts"}],"about":[{"href":"https:\/\/www.europesays.com\/de\/wp-json\/wp\/v2\/types\/post"}],"author":[{"embeddable":true,"href":"https:\/\/www.europesays.com\/de\/wp-json\/wp\/v2\/users\/2"}],"replies":[{"embeddable":true,"href":"https:\/\/www.europesays.com\/de\/wp-json\/wp\/v2\/comments?post=792563"}],"version-history":[{"count":0,"href":"https:\/\/www.europesays.com\/de\/wp-json\/wp\/v2\/posts\/792563\/revisions"}],"wp:featuredmedia":[{"embeddable":true,"href":"https:\/\/www.europesays.com\/de\/wp-json\/wp\/v2\/media\/792564"}],"wp:attachment":[{"href":"https:\/\/www.europesays.com\/de\/wp-json\/wp\/v2\/media?parent=792563"}],"wp:term":[{"taxonomy":"category","embeddable":true,"href":"https:\/\/www.europesays.com\/de\/wp-json\/wp\/v2\/categories?post=792563"},{"taxonomy":"post_tag","embeddable":true,"href":"https:\/\/www.europesays.com\/de\/wp-json\/wp\/v2\/tags?post=792563"}],"curies":[{"name":"wp","href":"https:\/\/api.w.org\/{rel}","templated":true}]}}