{"id":792569,"date":"2026-02-12T19:29:13","date_gmt":"2026-02-12T19:29:13","guid":{"rendered":"https:\/\/www.europesays.com\/de\/792569\/"},"modified":"2026-02-12T19:29:13","modified_gmt":"2026-02-12T19:29:13","slug":"berlin-brandenburg-die-76-berlinale-ist-eroeffnet","status":"publish","type":"post","link":"https:\/\/www.europesays.com\/de\/792569\/","title":{"rendered":"Berlin &#038; Brandenburg: Die 76. Berlinale ist er\u00f6ffnet"},"content":{"rendered":"<p>Berlin &amp; BrandenburgDie 76. Berlinale ist er\u00f6ffnet<img decoding=\"async\" class=\"Image_img__fQCi0 Image_Img_16_9__4BLfH\" loading=\"eager\" fetchpriority=\"high\" src=\"https:\/\/www.europesays.com\/de\/wp-content\/uploads\/2026\/02\/Michelle-Yeoh-kam-zum-Eroeffnungsabend-der-Berlinale.webp.webp\" alt=\"Michelle-Yeoh-kam-zum-Eroeffnungsabend-der-Berlinale\"\/>TeilenFolgen auf:<a href=\"https:\/\/www.whatsapp.com\/channel\/0029Va5cdVJD8SDp5YZgYF01\" title=\"Auf WhatsApp folgen\" target=\"_blank\" rel=\"nofollow noopener\"><img decoding=\"async\" src=\"https:\/\/www.n-tv.de\/socialIcons\/whatsapp.svg\" alt=\"whatsapp\" class=\"ArticleShare_icon__FsrC2\"\/><\/a><a href=\"https:\/\/news.google.com\/publications\/CAAiEPMdif5mpRNxiLOeUpHCwwsqFAgKIhDzHYn-ZqUTcYiznlKRwsML?hl=de&amp;gl=DE&amp;ceid=DE%3Ade\" title=\"Auf Google News folgen\" target=\"_blank\" rel=\"nofollow noopener\"><img decoding=\"async\" src=\"https:\/\/www.n-tv.de\/socialIcons\/google.svg\" alt=\"whatsapp\" class=\"ArticleShare_icon__FsrC2\"\/><\/a><\/p>\n<p class=\"Typography_text-m__XI0da Typography_weight-bold__uT6mq storyline_lead_text_leadtext__q_wg8\">Jetzt geht es los mit den Filmfestspielen: Die Berlinale ist er\u00f6ffnet. Zum Auftakt brachte Oscar-Preistr\u00e4gerin Michelle Yeoh Glamour an den Potsdamer Platz.<\/p>\n<p class=\"Typography_text-default__P3otY Typography_weight-normal__pqUbH storyline_paragraph_p__qSR5N\">Berlin (dpa\/bb) &#8211; Die Internationalen Filmfestspiele in Berlin sind er\u00f6ffnet. Festivaldirektorin Tricia Tuttle erkl\u00e4rte die 76. Berlinale am Abend f\u00fcr er\u00f6ffnet. Zum Auftakt wird das Politdrama &#8222;No Good Men&#8220; \u00fcber Frauen in Afghanistan gezeigt.<\/p>\n<p class=\"Typography_text-default__P3otY Typography_weight-normal__pqUbH storyline_paragraph_p__qSR5N\">Zur Er\u00f6ffnung kam auch Schauspielerin Michelle Yeoh (&#8222;Wicked&#8220;, &#8222;Everything Everywhere All at Once&#8220;), die mit dem Goldenen Ehrenb\u00e4ren f\u00fcr ihr Lebenswerk geehrt wurde. Die Berlinale l\u00e4uft nun bis zum 22. Februar.<\/p>\n<p class=\"Typography_text-s__wu_cm Typography_weight-normal__pqUbH Typography_color-darkgrey__sZEnP article-detail-footer_source__KslPc\">Quelle: dpa<\/p>\n","protected":false},"excerpt":{"rendered":"Berlin &amp; BrandenburgDie 76. Berlinale ist er\u00f6ffnetTeilenFolgen auf: Jetzt geht es los mit den Filmfestspielen: Die Berlinale ist&hellip;\n","protected":false},"author":2,"featured_media":792570,"comment_status":"","ping_status":"","sticky":false,"template":"","format":"standard","meta":{"footnotes":"","_share_on_mastodon":"0"},"categories":[1825],"tags":[296,29,30],"class_list":["post-792569","post","type-post","status-publish","format-standard","has-post-thumbnail","category-berlin","tag-berlin","tag-deutschland","tag-germany"],"share_on_mastodon":{"url":"https:\/\/pubeurope.com\/@de\/116059319100700120","error":""},"_links":{"self":[{"href":"https:\/\/www.europesays.com\/de\/wp-json\/wp\/v2\/posts\/792569","targetHints":{"allow":["GET"]}}],"collection":[{"href":"https:\/\/www.europesays.com\/de\/wp-json\/wp\/v2\/posts"}],"about":[{"href":"https:\/\/www.europesays.com\/de\/wp-json\/wp\/v2\/types\/post"}],"author":[{"embeddable":true,"href":"https:\/\/www.europesays.com\/de\/wp-json\/wp\/v2\/users\/2"}],"replies":[{"embeddable":true,"href":"https:\/\/www.europesays.com\/de\/wp-json\/wp\/v2\/comments?post=792569"}],"version-history":[{"count":0,"href":"https:\/\/www.europesays.com\/de\/wp-json\/wp\/v2\/posts\/792569\/revisions"}],"wp:featuredmedia":[{"embeddable":true,"href":"https:\/\/www.europesays.com\/de\/wp-json\/wp\/v2\/media\/792570"}],"wp:attachment":[{"href":"https:\/\/www.europesays.com\/de\/wp-json\/wp\/v2\/media?parent=792569"}],"wp:term":[{"taxonomy":"category","embeddable":true,"href":"https:\/\/www.europesays.com\/de\/wp-json\/wp\/v2\/categories?post=792569"},{"taxonomy":"post_tag","embeddable":true,"href":"https:\/\/www.europesays.com\/de\/wp-json\/wp\/v2\/tags?post=792569"}],"curies":[{"name":"wp","href":"https:\/\/api.w.org\/{rel}","templated":true}]}}