{"id":792573,"date":"2026-02-12T19:33:17","date_gmt":"2026-02-12T19:33:17","guid":{"rendered":"https:\/\/www.europesays.com\/de\/792573\/"},"modified":"2026-02-12T19:33:17","modified_gmt":"2026-02-12T19:33:17","slug":"warum-amazon-den-sci-fi-western-so-frueh-abgesetzt-hat","status":"publish","type":"post","link":"https:\/\/www.europesays.com\/de\/792573\/","title":{"rendered":"Warum Amazon den Sci-Fi-Western so fr\u00fch abgesetzt hat"},"content":{"rendered":"<ol class=\"id-DonaldBreadcrumb lp_west_breadcrumb id-DonaldBreadcrumb--default\" data-k5a-pos=\"west_breadcrumb\">\n<li class=\"id-Breadcrumb-item\"><a href=\"https:\/\/www.serienjunkies.de\/\" class=\"id-Breadcrumb-link\" data-id-ec=\"{\" shn=\"\" textlink=\"\" data-k5a-pos=\"1_serienjunkies\" rel=\"nofollow noopener\" target=\"_blank\">serienjunkies<\/a><\/li>\n<li class=\"id-Breadcrumb-item\"><a href=\"https:\/\/www.serienjunkies.de\/news\/\" class=\"id-Breadcrumb-link\" data-id-ec=\"{\" shn=\"\" textlink=\"\" data-k5a-pos=\"2_news\" rel=\"nofollow noopener\" target=\"_blank\">News<\/a><\/li>\n<li class=\"id-Breadcrumb-item\"><a href=\"https:\/\/www.serienjunkies.de\/news\/serien\/\" class=\"id-Breadcrumb-link\" data-id-ec=\"{\" shn=\"\" textlink=\"\" data-k5a-pos=\"3_serien\" rel=\"nofollow noopener\" target=\"_blank\">Serien<\/a><\/li>\n<\/ol>\n<p class=\"id-Story-timestamp id-Story-timestamp--default\">Stand: 12.02.2026, 18:59 Uhr<\/p>\n<p class=\"id-Story-authors id-Story-authors--default\">Von: <a class=\"id-Story-authors-link lp_west_author\" href=\"https:\/\/www.serienjunkies.de\/autor\/bjarne-bock-bjk278jw.html\" title=\"Zur Autorenseite von Bjarne Bock\" data-id-ec=\"{\" shn=\"\" author-link=\"\" bock=\"\" data-k5a-pos=\"west_author\" rel=\"nofollow noopener\" target=\"_blank\">Bjarne Bock<\/a><\/p>\n<p class=\"id-Story-interactionBar id-Story-interactionBar--default\">DruckenTeilen<\/p>\n<p class=\"id-StoryElement-leadText\">Trotz toller Kritiken wurde diese Amazon-Original-Serie nach nur zwei Staffeln eingestampft. Ein herber Verlust f\u00fcr Fans von Sci-Fi-Western.<\/p>\n<p class=\"id-StoryElement-paragraph\">Manchmal treffen Kunst und Kalk\u00fcl aufeinander \u2013 und verlieren beide. \u201e<a href=\"https:\/\/www.serienjunkies.de\/outer-range\/\" target=\"_blank\" class=\"id-import-Link\" data-id-ec=\"{&quot;sht&quot;:&quot;Container&quot;,&quot;shn&quot;:&quot;Story&quot;,&quot;p&quot;:{&quot;containerType&quot;:&quot;Paragraph&quot;,&quot;displayType&quot;:&quot;Paragraph InlineLink&quot;,&quot;type&quot;:&quot;INLINE_LINK&quot;,&quot;value&quot;:&quot;Outer Range&quot;,&quot;variant&quot;:&quot;standardLink&quot;,&quot;sponsored&quot;:false,&quot;linkHref&quot;:&quot;https:\/\/www.serienjunkies.de\/outer-range\/&quot;,&quot;storyElementPosition&quot;:8,&quot;storyElementCount&quot;:17}}\" rel=\"nofollow noopener\">Outer Range<\/a>\u201c, Amazons vielschichtiger Sci\u2011Fi\u2011Western mit <a href=\"https:\/\/www.serienjunkies.de\/person\/josh-brolin\/934\/\" target=\"_blank\" class=\"id-import-Link\" data-id-ec=\"{&quot;sht&quot;:&quot;Container&quot;,&quot;shn&quot;:&quot;Story&quot;,&quot;p&quot;:{&quot;containerType&quot;:&quot;Paragraph&quot;,&quot;displayType&quot;:&quot;Paragraph InlineLink&quot;,&quot;type&quot;:&quot;INLINE_LINK&quot;,&quot;value&quot;:&quot;Josh Brolin&quot;,&quot;variant&quot;:&quot;standardLink&quot;,&quot;sponsored&quot;:false,&quot;linkHref&quot;:&quot;https:\/\/www.serienjunkies.de\/person\/josh-brolin\/934\/&quot;,&quot;storyElementPosition&quot;:8,&quot;storyElementCount&quot;:17}}\" rel=\"nofollow noopener\">Josh Brolin<\/a> (\u201eNo Country for Old Men\u201c), verband Zeitreisen mit Familiendrama und epischen Landschaften \u00e0 la \u201e<a href=\"https:\/\/www.serienjunkies.de\/yellowstone\/\" target=\"_blank\" class=\"id-import-Link\" data-id-ec=\"{&quot;sht&quot;:&quot;Container&quot;,&quot;shn&quot;:&quot;Story&quot;,&quot;p&quot;:{&quot;containerType&quot;:&quot;Paragraph&quot;,&quot;displayType&quot;:&quot;Paragraph InlineLink&quot;,&quot;type&quot;:&quot;INLINE_LINK&quot;,&quot;value&quot;:&quot;Yellowstone&quot;,&quot;variant&quot;:&quot;standardLink&quot;,&quot;sponsored&quot;:false,&quot;linkHref&quot;:&quot;https:\/\/www.serienjunkies.de\/yellowstone\/&quot;,&quot;storyElementPosition&quot;:8,&quot;storyElementCount&quot;:17}}\" rel=\"nofollow noopener\">Yellowstone<\/a>\u201c zu einem ungew\u00f6hnlichen Serienerlebnis. Trotz hervorragender Kritiken und wachsender Beliebtheit endete die Serie nach zwei Staffeln abrupt. Ihr Erfolgsgeheimnis und zugleich ihr Schicksal waren riesige Ambitionen.<\/p>\n<p><img decoding=\"async\" class=\"id-RatioPlaceholder-element wv_story_el_image\" src=\"https:\/\/www.europesays.com\/de\/wp-content\/uploads\/2026\/02\/41456885-serienposter-von-outer-range-PFBG.jpg\" loading=\"lazy\"   height=\"619\" width=\"1100\" alt=\"Serienposter von &#x201E;Outer Range&#x201C;\"\/>6 Millionen pro Folge: Dieser sehenswerte Sci-Fi-Western wurde viel zu fr\u00fch abgesetzt \u00a9\u00a0Prime Video<\/p>\n<p class=\"id-StoryElement-paragraph\">Laut Collider verschlang jede der 15 Episoden Produktionskosten von rund sechs Millionen US\u2011Dollar. Nach <a href=\"https:\/\/www.serienjunkies.de\/outer-range\/season2.html\" target=\"_blank\" class=\"id-import-Link\" data-id-ec=\"{&quot;sht&quot;:&quot;Container&quot;,&quot;shn&quot;:&quot;Story&quot;,&quot;p&quot;:{&quot;containerType&quot;:&quot;Paragraph&quot;,&quot;displayType&quot;:&quot;Paragraph InlineLink&quot;,&quot;type&quot;:&quot;INLINE_LINK&quot;,&quot;value&quot;:&quot;Staffel 2&quot;,&quot;variant&quot;:&quot;standardLink&quot;,&quot;sponsored&quot;:false,&quot;linkHref&quot;:&quot;https:\/\/www.serienjunkies.de\/outer-range\/season2.html&quot;,&quot;storyElementPosition&quot;:11,&quot;storyElementCount&quot;:17}}\" rel=\"nofollow noopener\">Staffel 2<\/a>, die im Mai 2024 erschien, zog <a href=\"https:\/\/www.serienjunkies.de\/sender\/amazon\/\" target=\"_blank\" class=\"id-import-Link\" data-id-ec=\"{&quot;sht&quot;:&quot;Container&quot;,&quot;shn&quot;:&quot;Story&quot;,&quot;p&quot;:{&quot;containerType&quot;:&quot;Paragraph&quot;,&quot;displayType&quot;:&quot;Paragraph InlineLink&quot;,&quot;type&quot;:&quot;INLINE_LINK&quot;,&quot;value&quot;:&quot;Prime Video&quot;,&quot;variant&quot;:&quot;standardLink&quot;,&quot;sponsored&quot;:false,&quot;linkHref&quot;:&quot;https:\/\/www.serienjunkies.de\/sender\/amazon\/&quot;,&quot;storyElementPosition&quot;:11,&quot;storyElementCount&quot;:17}}\" rel=\"nofollow noopener\">Prime Video<\/a> die Rei\u00dfleine, weil die Kosten zu hoch waren. Dabei zeigte die zweite Staffel deutliche Qualit\u00e4tssteigerung: Auf Rotten Tomatoes stieg der Score von 79 auf 92 Prozent positive Kritiken. Eine herbe Entt\u00e4uschung f\u00fcr die Fans, die gro\u00dfes Potential in der Serie sahen. <a href=\"https:\/\/www.serienjunkies.de\/vod\/out\/5c95d67917b190a0f2f0de527b294bf57a8aaef996ea827b418d49a40e7a9192\" rel=\"sponsored nofollow noopener\" target=\"_blank\" class=\"id-import-Link\" data-id-ec=\"{&quot;sht&quot;:&quot;Container&quot;,&quot;shn&quot;:&quot;Story&quot;,&quot;p&quot;:{&quot;containerType&quot;:&quot;Paragraph&quot;,&quot;displayType&quot;:&quot;Paragraph InlineLink&quot;,&quot;type&quot;:&quot;INLINE_LINK&quot;,&quot;value&quot;:&quot;Jetzt &#x201E;Outer Range&#x201C; bei Prime Video ansehen&quot;,&quot;variant&quot;:&quot;standardLink&quot;,&quot;sponsored&quot;:true,&quot;linkHref&quot;:&quot;https:\/\/www.serienjunkies.de\/vod\/out\/5c95d67917b190a0f2f0de527b294bf57a8aaef996ea827b418d49a40e7a9192&quot;,&quot;storyElementPosition&quot;:11,&quot;storyElementCount&quot;:17}}\">Jetzt \u201eOuter Range\u201c bei Prime Video ansehen<\/a> (Affiliate-Link).<\/p>\n<p>\u201eOuter Range\u201c: Zwischen Western und Zeitloch<\/p>\n<p class=\"id-StoryElement-paragraph\">Im Zentrum steht Rancher Royal Abbott (Brolin), der in Wyoming ein r\u00e4tselhaftes Loch im Boden entdeckt, ein Abgrund, der Raum, Zeit und Gewissen verschlingt. Zwischen Schuld, Liebe und kosmischem Schrecken k\u00e4mpft seine Familie um ihr Land und ihre Zukunft. Das Resultat ist kein klassischer Western, sondern ein \u201eWeird Western\u201c, der staubige Weiten mit metaphysischen Fragen mischt und den Zuschauer zwischen Realit\u00e4t und Mythos h\u00e4lt.<\/p>\n<p class=\"id-StoryElement-paragraph\">Die Serie punktete nicht nur visuell. Neben Brolin gl\u00e4nzten <a href=\"https:\/\/www.serienjunkies.de\/person\/imogen-poots\/103999\/\" target=\"_blank\" class=\"id-import-Link\" data-id-ec=\"{&quot;sht&quot;:&quot;Container&quot;,&quot;shn&quot;:&quot;Story&quot;,&quot;p&quot;:{&quot;containerType&quot;:&quot;Paragraph&quot;,&quot;displayType&quot;:&quot;Paragraph InlineLink&quot;,&quot;type&quot;:&quot;INLINE_LINK&quot;,&quot;value&quot;:&quot;Imogen Poots&quot;,&quot;variant&quot;:&quot;standardLink&quot;,&quot;sponsored&quot;:false,&quot;linkHref&quot;:&quot;https:\/\/www.serienjunkies.de\/person\/imogen-poots\/103999\/&quot;,&quot;storyElementPosition&quot;:15,&quot;storyElementCount&quot;:17}}\" rel=\"nofollow noopener\">Imogen Poots<\/a>, Lili Taylor und Lewis Pullman in Rollen voller Ambivalenz. Produziert wurde \u201eOuter Range\u201c von namhaften Kr\u00e4ften wie <a href=\"https:\/\/www.serienjunkies.de\/person\/brad-pitt\/2890\/\" target=\"_blank\" class=\"id-import-Link\" data-id-ec=\"{&quot;sht&quot;:&quot;Container&quot;,&quot;shn&quot;:&quot;Story&quot;,&quot;p&quot;:{&quot;containerType&quot;:&quot;Paragraph&quot;,&quot;displayType&quot;:&quot;Paragraph InlineLink&quot;,&quot;type&quot;:&quot;INLINE_LINK&quot;,&quot;value&quot;:&quot;Brad Pitt&quot;,&quot;variant&quot;:&quot;standardLink&quot;,&quot;sponsored&quot;:false,&quot;linkHref&quot;:&quot;https:\/\/www.serienjunkies.de\/person\/brad-pitt\/2890\/&quot;,&quot;storyElementPosition&quot;:15,&quot;storyElementCount&quot;:17}}\" rel=\"nofollow noopener\">Brad Pitt<\/a> und Dede Gardner, was den cineastischen Look erkl\u00e4rt. Die hohen Effekte\u2011 und Au\u00dfendreh\u2011Kosten machten jede Episode zu einem Mini\u2011Kinofilm. Kritiker lobten besonders Brolins Regie\u2011Deb\u00fct in Folge sieben der zweiten Staffel. Passend zum Thema: <a href=\"https:\/\/www.serienjunkies.de\/news\/serien\/ersatz-prime-videos-fourth-wing-serie-ist-der-perfekte-harry-potter-94164734.html\" class=\"id-import-Link\" data-id-ec=\"{&quot;sht&quot;:&quot;Container&quot;,&quot;shn&quot;:&quot;Story&quot;,&quot;p&quot;:{&quot;containerType&quot;:&quot;Paragraph&quot;,&quot;displayType&quot;:&quot;Paragraph InlineLink&quot;,&quot;type&quot;:&quot;INLINE_LINK&quot;,&quot;value&quot;:&quot;Prime Video verfilmt gr&#xF6;&#xDF;ten Fantasy-Buchhit des Jahrzehnts &#x2013; und macht &#x201E;Harry Potter&#x201C; Konkurrenz&quot;,&quot;variant&quot;:&quot;standardLink&quot;,&quot;sponsored&quot;:false,&quot;linkHref&quot;:&quot;https:\/\/www.serienjunkies.de\/news\/serien\/ersatz-prime-videos-fourth-wing-serie-ist-der-perfekte-harry-potter-94164734.html&quot;,&quot;storyElementPosition&quot;:15,&quot;storyElementCount&quot;:17}}\" rel=\"nofollow noopener\" target=\"_blank\">Prime Video verfilmt gr\u00f6\u00dften Fantasy-Buchhit des Jahrzehnts \u2013 und macht \u201eHarry Potter\u201c Konkurrenz<\/a>.<\/p>\n<p>Von \u201eYellowstone\u201c bis \u201eGame of Thrones\u201c: Diese beliebten Serien bekommen 2026 ein Spin-off<img decoding=\"async\" class=\"id-RatioPlaceholder-element wv_story_el_interstitialImage\" src=\"https:\/\/www.europesays.com\/de\/wp-content\/uploads\/2026\/01\/41137432-tulsa-king-und-yellowstone-bekommen-spin-offs-cfe.jpg\" loading=\"lazy\"   height=\"1647\" width=\"3500\" alt=\"Tulsa King und Yellowstone bekommen Spin-offs\"\/><a href=\"https:\/\/www.serienjunkies.de\/news\/storys\/diese-beliebten-serien-bekommen-2026-ein-neues-spin-off-zr-94125920.html\" class=\"id-StoryElement-intestitialLink-link\" data-id-ec=\"{\" shn=\"\" ansehen=\"\" data-k5a-pos=\"west_story_15_photoGalleryLink\" title=\"Zur Fotostrecke: Von &#x201E;Yellowstone&#x201C; bis &#x201E;Game of Thrones&#x201C;: Diese beliebten Serien bekommen 2026 ein Spin-off\" rel=\"nofollow noopener\" target=\"_blank\">Fotostrecke ansehen<\/a><\/p>\n<p class=\"id-StoryElement-paragraph\">Wer den Mix aus Western\u2011Erz\u00e4hlung und Science-Fiction sucht, findet \u00e4hnliche Themen in \u201e<a href=\"https:\/\/www.serienjunkies.de\/westworld\/\" target=\"_blank\" class=\"id-import-Link\" data-id-ec=\"{&quot;sht&quot;:&quot;Container&quot;,&quot;shn&quot;:&quot;Story&quot;,&quot;p&quot;:{&quot;containerType&quot;:&quot;Paragraph&quot;,&quot;displayType&quot;:&quot;Paragraph InlineLink&quot;,&quot;type&quot;:&quot;INLINE_LINK&quot;,&quot;value&quot;:&quot;Westworld&quot;,&quot;variant&quot;:&quot;standardLink&quot;,&quot;sponsored&quot;:false,&quot;linkHref&quot;:&quot;https:\/\/www.serienjunkies.de\/westworld\/&quot;,&quot;storyElementPosition&quot;:17,&quot;storyElementCount&quot;:17}}\" rel=\"nofollow noopener\">Westworld<\/a>\u201c oder \u201e<a href=\"https:\/\/www.serienjunkies.de\/Firefly\/\" target=\"_blank\" class=\"id-import-Link\" data-id-ec=\"{&quot;sht&quot;:&quot;Container&quot;,&quot;shn&quot;:&quot;Story&quot;,&quot;p&quot;:{&quot;containerType&quot;:&quot;Paragraph&quot;,&quot;displayType&quot;:&quot;Paragraph InlineLink&quot;,&quot;type&quot;:&quot;INLINE_LINK&quot;,&quot;value&quot;:&quot;Firefly&quot;,&quot;variant&quot;:&quot;standardLink&quot;,&quot;sponsored&quot;:false,&quot;linkHref&quot;:&quot;https:\/\/www.serienjunkies.de\/Firefly\/&quot;,&quot;storyElementPosition&quot;:17,&quot;storyElementCount&quot;:17}}\" rel=\"nofollow noopener\">Firefly<\/a>\u201c. Trotz der Absetzung bleibt \u201eOuter Range\u201c ein Tipp f\u00fcr alle, die ungew\u00f6hnliche Genre\u2011Grenzg\u00e4nge sch\u00e4tzen. Mit atmosph\u00e4rischer Dichte, starker Besetzung und philosophischem Kern zeigt die Serie, dass die fr\u00fche Absetzung wahrscheinlich ein Fehler war. Apropos Fehler: <a href=\"https:\/\/www.serienjunkies.de\/news\/serien\/knight-of-the-seven-kingdoms-diesen-fehler-bereut-der-showrunner-94164461.html\" class=\"id-import-Link\" data-id-ec=\"{&quot;sht&quot;:&quot;Container&quot;,&quot;shn&quot;:&quot;Story&quot;,&quot;p&quot;:{&quot;containerType&quot;:&quot;Paragraph&quot;,&quot;displayType&quot;:&quot;Paragraph InlineLink&quot;,&quot;type&quot;:&quot;INLINE_LINK&quot;,&quot;value&quot;:&quot;Der Showrunner von &#x201E;A Knight of the Seven Kingdoms&#x201C; bereut diese Entscheidung&quot;,&quot;variant&quot;:&quot;standardLink&quot;,&quot;sponsored&quot;:false,&quot;linkHref&quot;:&quot;https:\/\/www.serienjunkies.de\/news\/serien\/knight-of-the-seven-kingdoms-diesen-fehler-bereut-der-showrunner-94164461.html&quot;,&quot;storyElementPosition&quot;:17,&quot;storyElementCount&quot;:17}}\" rel=\"nofollow noopener\" target=\"_blank\">Der Showrunner von \u201eA Knight of the Seven Kingdoms\u201c bereut diese Entscheidung<\/a>.<\/p>\n","protected":false},"excerpt":{"rendered":"serienjunkies News Serien Stand: 12.02.2026, 18:59 Uhr Von: Bjarne Bock DruckenTeilen Trotz toller Kritiken wurde diese Amazon-Original-Serie nach&hellip;\n","protected":false},"author":2,"featured_media":792574,"comment_status":"","ping_status":"","sticky":false,"template":"","format":"standard","meta":{"footnotes":"","_share_on_mastodon":"0"},"categories":[1773],"tags":[29,214,30,471,1780,215],"class_list":["post-792573","post","type-post","status-publish","format-standard","has-post-thumbnail","category-serien","tag-deutschland","tag-entertainment","tag-germany","tag-serien","tag-series","tag-unterhaltung"],"share_on_mastodon":{"url":"https:\/\/pubeurope.com\/@de\/116059334832378216","error":""},"_links":{"self":[{"href":"https:\/\/www.europesays.com\/de\/wp-json\/wp\/v2\/posts\/792573","targetHints":{"allow":["GET"]}}],"collection":[{"href":"https:\/\/www.europesays.com\/de\/wp-json\/wp\/v2\/posts"}],"about":[{"href":"https:\/\/www.europesays.com\/de\/wp-json\/wp\/v2\/types\/post"}],"author":[{"embeddable":true,"href":"https:\/\/www.europesays.com\/de\/wp-json\/wp\/v2\/users\/2"}],"replies":[{"embeddable":true,"href":"https:\/\/www.europesays.com\/de\/wp-json\/wp\/v2\/comments?post=792573"}],"version-history":[{"count":0,"href":"https:\/\/www.europesays.com\/de\/wp-json\/wp\/v2\/posts\/792573\/revisions"}],"wp:featuredmedia":[{"embeddable":true,"href":"https:\/\/www.europesays.com\/de\/wp-json\/wp\/v2\/media\/792574"}],"wp:attachment":[{"href":"https:\/\/www.europesays.com\/de\/wp-json\/wp\/v2\/media?parent=792573"}],"wp:term":[{"taxonomy":"category","embeddable":true,"href":"https:\/\/www.europesays.com\/de\/wp-json\/wp\/v2\/categories?post=792573"},{"taxonomy":"post_tag","embeddable":true,"href":"https:\/\/www.europesays.com\/de\/wp-json\/wp\/v2\/tags?post=792573"}],"curies":[{"name":"wp","href":"https:\/\/api.w.org\/{rel}","templated":true}]}}