{"id":792667,"date":"2026-02-12T20:24:12","date_gmt":"2026-02-12T20:24:12","guid":{"rendered":"https:\/\/www.europesays.com\/de\/792667\/"},"modified":"2026-02-12T20:24:12","modified_gmt":"2026-02-12T20:24:12","slug":"verkehrseinschraenkungen-am-13-und-14-februar-wegen-demonstrationen","status":"publish","type":"post","link":"https:\/\/www.europesays.com\/de\/792667\/","title":{"rendered":"Verkehrseinschr\u00e4nkungen am 13. und 14. Februar wegen Demonstrationen"},"content":{"rendered":"<p>Am Freitag, 13. Februar, und Sonnabend, 14. Februar 2026, m\u00fcssen sich Verkehrsteilnehmer in Dresden auf erhebliche Einschr\u00e4nkungen einstellen. Grund sind <a href=\"https:\/\/www.dresden.de\/de\/rathaus\/dienstleistungen\/versammlungsuebersicht.php?pk_campaign=Shortcut&amp;pk_kwd=versammlungen\" target=\"_blank\" rel=\"nofollow noopener\">mehrere Gro\u00dfdemonstrationen im Stadtgebiet<\/a>, insbesondere im Zusammenhang mit dem Gedenken an die Zerst\u00f6rung Dresdens im Zweiten Weltkrieg.<\/p>\n<p>Am Freitag beginnen die Versammlungen gegen 17 Uhr. Zwei Demonstrationsz\u00fcge starten zeitgleich vom Fritz-Foerster-Platz und vom Alaunplatz in Richtung Innenstadt. Ab etwa 17:40 Uhr wird die Wilsdruffer Stra\u00dfe f\u00fcr die Menschenkette gesperrt. Bis etwa 21:30 Uhr ist mit weiteren kurzfristigen Sperrungen und Umleitungen zu rechnen \u2013 vor allem in der Inneren Altstadt.&#13;\n<\/p>\n<p>Auch am Sonnabend, 14. Februar, ist mit Verkehrsbehinderungen zu rechnen. Zwischen Mittag und etwa 18:30 Uhr sind mehrere Versammlungen geplant. Betroffen sind unter anderem die Innere Altstadt, die Wilsdruffer Vorstadt\/Seevorstadt-West, die Friedrichstadt und die Innere Neustadt. Kurzzeitige Sperrungen sind insbesondere auf der Marienbr\u00fccke, der Augustusbr\u00fccke sowie im nord\u00f6stlichen Innenstadtring m\u00f6glich. Auch im Bereich Wei\u00dferitzstra\u00dfe\/Friedrichstra\u00dfe kann es zu Einschr\u00e4nkungen kommen \u2013 wichtig etwa f\u00fcr die Anfahrt zum Krankenhaus Friedrichstadt.&#13;\n<\/p>\n<p>Die Stadt Dresden empfiehlt, das Zentrum an beiden Tagen weitr\u00e4umig zu umfahren und sich fr\u00fchzeitig \u00fcber alternative Routen zu informieren. Auch im \u00f6ffentlichen Nahverkehr kann es zu Umleitungen und Wartezeiten kommen. Fahrg\u00e4ste sollten mehr Zeit einplanen und aktuelle Informationen \u00fcber die DVB-App oder <a href=\"https:\/\/www.dvb.de\/de-de\/\" target=\"_blank\" rel=\"nofollow noopener\">die Website<\/a> einholen.&#13;<\/p>\n","protected":false},"excerpt":{"rendered":"Am Freitag, 13. Februar, und Sonnabend, 14. Februar 2026, m\u00fcssen sich Verkehrsteilnehmer in Dresden auf erhebliche Einschr\u00e4nkungen einstellen.&hellip;\n","protected":false},"author":2,"featured_media":792668,"comment_status":"","ping_status":"","sticky":false,"template":"","format":"standard","meta":{"footnotes":"","_share_on_mastodon":"0"},"categories":[1835],"tags":[46150,178716,178717,178714,178715,31097,178723,3364,29,2386,141343,21680,178718,30,178719,121257,98388,178722,859,178721,178713,178724,178720],"class_list":["post-792667","post","type-post","status-publish","format-standard","has-post-thumbnail","category-dresden","tag-friedrichstrae","tag-dd1304","tag-dd1402","tag-13-februar","tag-14-februar","tag-alaunplatz","tag-augustusbrcke","tag-de","tag-deutschland","tag-dresden","tag-dresden-news","tag-friedrichstadt","tag-fritz-foerster-platz","tag-germany","tag-innere-altstadt","tag-innere-neustadt","tag-krankenhaus-friedrichstadt","tag-marienbrcke","tag-sachsen","tag-seevorstadt-west","tag-verkehrseinschrnkungen-dresden","tag-weieritzstrae","tag-wilsdruffer-vorstadt"],"share_on_mastodon":{"url":"https:\/\/pubeurope.com\/@de\/116059535148828214","error":""},"_links":{"self":[{"href":"https:\/\/www.europesays.com\/de\/wp-json\/wp\/v2\/posts\/792667","targetHints":{"allow":["GET"]}}],"collection":[{"href":"https:\/\/www.europesays.com\/de\/wp-json\/wp\/v2\/posts"}],"about":[{"href":"https:\/\/www.europesays.com\/de\/wp-json\/wp\/v2\/types\/post"}],"author":[{"embeddable":true,"href":"https:\/\/www.europesays.com\/de\/wp-json\/wp\/v2\/users\/2"}],"replies":[{"embeddable":true,"href":"https:\/\/www.europesays.com\/de\/wp-json\/wp\/v2\/comments?post=792667"}],"version-history":[{"count":0,"href":"https:\/\/www.europesays.com\/de\/wp-json\/wp\/v2\/posts\/792667\/revisions"}],"wp:featuredmedia":[{"embeddable":true,"href":"https:\/\/www.europesays.com\/de\/wp-json\/wp\/v2\/media\/792668"}],"wp:attachment":[{"href":"https:\/\/www.europesays.com\/de\/wp-json\/wp\/v2\/media?parent=792667"}],"wp:term":[{"taxonomy":"category","embeddable":true,"href":"https:\/\/www.europesays.com\/de\/wp-json\/wp\/v2\/categories?post=792667"},{"taxonomy":"post_tag","embeddable":true,"href":"https:\/\/www.europesays.com\/de\/wp-json\/wp\/v2\/tags?post=792667"}],"curies":[{"name":"wp","href":"https:\/\/api.w.org\/{rel}","templated":true}]}}