{"id":792710,"date":"2026-02-12T20:50:20","date_gmt":"2026-02-12T20:50:20","guid":{"rendered":"https:\/\/www.europesays.com\/de\/792710\/"},"modified":"2026-02-12T20:50:20","modified_gmt":"2026-02-12T20:50:20","slug":"die-76-berlinale-ist-eroeffnet","status":"publish","type":"post","link":"https:\/\/www.europesays.com\/de\/792710\/","title":{"rendered":"Die 76. Berlinale ist er\u00f6ffnet"},"content":{"rendered":"<p class=\"tspCCnp tspCCnq\">Die Internationalen Filmfestspiele in Berlin sind er\u00f6ffnet. Festivaldirektorin Tricia Tuttle erkl\u00e4rte die 76. Berlinale am Abend f\u00fcr er\u00f6ffnet. Zum Auftakt wird das Politdrama \u201eNo Good Men\u201c \u00fcber Frauen in Afghanistan gezeigt.\u00a0<\/p>\n<p class=\"tspCCnp\">Zur Er\u00f6ffnung kam auch Schauspielerin Michelle Yeoh (\u201eWicked\u201c, \u201eEverything Everywhere All at Once\u201c), die mit dem Goldenen Ehrenb\u00e4ren f\u00fcr ihr Lebenswerk geehrt wurde. Die Berlinale l\u00e4uft nun bis zum 22. Februar.<\/p>\n<p class=\"tspCCnp\">\u00a9 dpa-infocom, dpa:260212-930-679996\/1<\/p>\n<p class=\"tspCCnp\">Das ist eine Nachricht direkt aus dem dpa-Newskanal.<\/p>\n","protected":false},"excerpt":{"rendered":"Die Internationalen Filmfestspiele in Berlin sind er\u00f6ffnet. Festivaldirektorin Tricia Tuttle erkl\u00e4rte die 76. Berlinale am Abend f\u00fcr er\u00f6ffnet.&hellip;\n","protected":false},"author":2,"featured_media":792711,"comment_status":"","ping_status":"","sticky":false,"template":"","format":"standard","meta":{"footnotes":"","_share_on_mastodon":"0"},"categories":[1825],"tags":[296,29,30],"class_list":["post-792710","post","type-post","status-publish","format-standard","has-post-thumbnail","category-berlin","tag-berlin","tag-deutschland","tag-germany"],"share_on_mastodon":{"url":"https:\/\/pubeurope.com\/@de\/116059638500577596","error":""},"_links":{"self":[{"href":"https:\/\/www.europesays.com\/de\/wp-json\/wp\/v2\/posts\/792710","targetHints":{"allow":["GET"]}}],"collection":[{"href":"https:\/\/www.europesays.com\/de\/wp-json\/wp\/v2\/posts"}],"about":[{"href":"https:\/\/www.europesays.com\/de\/wp-json\/wp\/v2\/types\/post"}],"author":[{"embeddable":true,"href":"https:\/\/www.europesays.com\/de\/wp-json\/wp\/v2\/users\/2"}],"replies":[{"embeddable":true,"href":"https:\/\/www.europesays.com\/de\/wp-json\/wp\/v2\/comments?post=792710"}],"version-history":[{"count":0,"href":"https:\/\/www.europesays.com\/de\/wp-json\/wp\/v2\/posts\/792710\/revisions"}],"wp:featuredmedia":[{"embeddable":true,"href":"https:\/\/www.europesays.com\/de\/wp-json\/wp\/v2\/media\/792711"}],"wp:attachment":[{"href":"https:\/\/www.europesays.com\/de\/wp-json\/wp\/v2\/media?parent=792710"}],"wp:term":[{"taxonomy":"category","embeddable":true,"href":"https:\/\/www.europesays.com\/de\/wp-json\/wp\/v2\/categories?post=792710"},{"taxonomy":"post_tag","embeddable":true,"href":"https:\/\/www.europesays.com\/de\/wp-json\/wp\/v2\/tags?post=792710"}],"curies":[{"name":"wp","href":"https:\/\/api.w.org\/{rel}","templated":true}]}}