{"id":792767,"date":"2026-02-12T21:21:13","date_gmt":"2026-02-12T21:21:13","guid":{"rendered":"https:\/\/www.europesays.com\/de\/792767\/"},"modified":"2026-02-12T21:21:13","modified_gmt":"2026-02-12T21:21:13","slug":"antholz-seitensprung-beichte-laegreid-bittet-team-um-entschuldigung","status":"publish","type":"post","link":"https:\/\/www.europesays.com\/de\/792767\/","title":{"rendered":"Antholz | Seitensprung-Beichte: Laegreid bittet Team um Entschuldigung"},"content":{"rendered":"<p>Antholz (dpa) &#8211; Der norwegische Biathlet Sturla Holm Laegreid hat vor dem n\u00e4chsten Olympia-Rennen bei seinem Team f\u00fcr sein \u00f6ffentliches Seitensprung-Gest\u00e4ndnis um Entschuldigung gebeten. Wie der Gesamtweltcupsieger der Vorsaison der norwegischen Zeitung \u00abVerdens Gang\u00bb sagte, habe er bei einem gemeinsamen Essen schon am Mittwochabend das Wort ergriffen. \u00abIch wollte vor allen sprechen und mich bei allen entschuldigen\u00bb, sagte der 28-J\u00e4hrige. \u00abIch habe gesagt, dass es eine harte Woche war und ich nicht ich selbst gewesen bin.\u00bb<\/p>\n<p>Der siebenmalige Weltmeister hatte nach dem Gewinn der Bronzemedaille im Einzel am Dienstag in Antholz vor einer Fernsehkamera \u00f6ffentlich gemacht, dass er seine Freundin betrogen hat. Er sei seiner Partnerin, die er erst vor sechs Monaten kennengelernt hatte, vor drei Monaten untreu gewesen. In der vergangenen Woche habe Laegreid ihr das Fremdgehen gestanden, das Paar sei mittlerweile getrennt. Er wolle sie mit seiner Offenheit zur\u00fcckgewinnen, hatte er in dem Interview gesagt.<\/p>\n<p>\u00abIch habe die Party ruiniert\u00bb<\/p>\n<p>F\u00fcr diese Aktion gab es viel Kritik. Vor allem auch, weil der Olympiasieg von Landsmann Johan-Olav Botn dabei v\u00f6llig unterging. \u00abMan k\u00f6nnte sagen, ich habe die Party ruiniert\u00bb, sagte Laegreid. Das sei aber nicht seine Absicht gewesen, deswegen ging die Entschuldigung speziell auch an Botn. \u00abIch glaube, er hat im Nachhinein verstanden, dass es nicht der richtige Ort daf\u00fcr war\u00bb, sagte Norwegens Schie\u00dftrainer Siegfried Mazet, der die Entschuldigung best\u00e4tigte: \u00abEs war wichtig f\u00fcr Sturla, es vor allen auszusprechen.\u00bb<\/p>\n<p>Am Freitag (14.00 Uhr) k\u00e4mpft Laegreid um die n\u00e4chste Olympia-Medaille. Genau wie Botn tritt er in S\u00fcdtirol im Sprint \u00fcber zehn Kilometer an und geh\u00f6rt nach dem starken Auftritt im Einzel zu den Mitfavoriten.<\/p>\n","protected":false},"excerpt":{"rendered":"Antholz (dpa) &#8211; Der norwegische Biathlet Sturla Holm Laegreid hat vor dem n\u00e4chsten Olympia-Rennen bei seinem Team f\u00fcr&hellip;\n","protected":false},"author":2,"featured_media":792768,"comment_status":"","ping_status":"","sticky":false,"template":"","format":"standard","meta":{"footnotes":"","_share_on_mastodon":"0"},"categories":[1841],"tags":[862,1605,3364,29,30,984,355,1209,913,656],"class_list":["post-792767","post","type-post","status-publish","format-standard","has-post-thumbnail","category-bielefeld","tag-biathlon","tag-bielefeld","tag-de","tag-deutschland","tag-germany","tag-international","tag-italien","tag-nordrhein-westfalen","tag-norwegen","tag-olympia"],"share_on_mastodon":{"url":"https:\/\/pubeurope.com\/@de\/116059759071883800","error":""},"_links":{"self":[{"href":"https:\/\/www.europesays.com\/de\/wp-json\/wp\/v2\/posts\/792767","targetHints":{"allow":["GET"]}}],"collection":[{"href":"https:\/\/www.europesays.com\/de\/wp-json\/wp\/v2\/posts"}],"about":[{"href":"https:\/\/www.europesays.com\/de\/wp-json\/wp\/v2\/types\/post"}],"author":[{"embeddable":true,"href":"https:\/\/www.europesays.com\/de\/wp-json\/wp\/v2\/users\/2"}],"replies":[{"embeddable":true,"href":"https:\/\/www.europesays.com\/de\/wp-json\/wp\/v2\/comments?post=792767"}],"version-history":[{"count":0,"href":"https:\/\/www.europesays.com\/de\/wp-json\/wp\/v2\/posts\/792767\/revisions"}],"wp:featuredmedia":[{"embeddable":true,"href":"https:\/\/www.europesays.com\/de\/wp-json\/wp\/v2\/media\/792768"}],"wp:attachment":[{"href":"https:\/\/www.europesays.com\/de\/wp-json\/wp\/v2\/media?parent=792767"}],"wp:term":[{"taxonomy":"category","embeddable":true,"href":"https:\/\/www.europesays.com\/de\/wp-json\/wp\/v2\/categories?post=792767"},{"taxonomy":"post_tag","embeddable":true,"href":"https:\/\/www.europesays.com\/de\/wp-json\/wp\/v2\/tags?post=792767"}],"curies":[{"name":"wp","href":"https:\/\/api.w.org\/{rel}","templated":true}]}}