{"id":792771,"date":"2026-02-12T21:23:21","date_gmt":"2026-02-12T21:23:21","guid":{"rendered":"https:\/\/www.europesays.com\/de\/792771\/"},"modified":"2026-02-12T21:23:21","modified_gmt":"2026-02-12T21:23:21","slug":"bus-prallt-mit-lastwagen-zusammen","status":"publish","type":"post","link":"https:\/\/www.europesays.com\/de\/792771\/","title":{"rendered":"Bus prallt mit Lastwagen zusammen"},"content":{"rendered":"<p class=\"richtext text-em-55 !leading-serif mx-6 desktop:mx-0\">Beim Zusammenprall eines Linienbusses mit einem Lastwagen sind in Kleve sechs Menschen verletzt worden, zwei davon schwer. Der 42-j\u00e4hrige Busfahrer habe beim Linksabbiegen den entgegenkommenden Lastwagen gerammt. Er erlitt schwere Verletzungen, wie eine Polizeisprecherin sagte. Schwer verletzt wurde au\u00dferdem eine 29 Jahre alte Frau im Bus. Vier weitere Fahrg\u00e4ste st\u00fcrzten durch die Wucht des Aufpralls und erlitten leichte Verletzungen.<\/p>\n","protected":false},"excerpt":{"rendered":"Beim Zusammenprall eines Linienbusses mit einem Lastwagen sind in Kleve sechs Menschen verletzt worden, zwei davon schwer. Der&hellip;\n","protected":false},"author":2,"featured_media":792772,"comment_status":"","ping_status":"","sticky":false,"template":"","format":"standard","meta":{"footnotes":"","_share_on_mastodon":"0"},"categories":[1840],"tags":[3364,29,30,1209,4418],"class_list":["post-792771","post","type-post","status-publish","format-standard","has-post-thumbnail","category-wuppertal","tag-de","tag-deutschland","tag-germany","tag-nordrhein-westfalen","tag-wuppertal"],"share_on_mastodon":{"url":"https:\/\/pubeurope.com\/@de\/116059767202828082","error":""},"_links":{"self":[{"href":"https:\/\/www.europesays.com\/de\/wp-json\/wp\/v2\/posts\/792771","targetHints":{"allow":["GET"]}}],"collection":[{"href":"https:\/\/www.europesays.com\/de\/wp-json\/wp\/v2\/posts"}],"about":[{"href":"https:\/\/www.europesays.com\/de\/wp-json\/wp\/v2\/types\/post"}],"author":[{"embeddable":true,"href":"https:\/\/www.europesays.com\/de\/wp-json\/wp\/v2\/users\/2"}],"replies":[{"embeddable":true,"href":"https:\/\/www.europesays.com\/de\/wp-json\/wp\/v2\/comments?post=792771"}],"version-history":[{"count":0,"href":"https:\/\/www.europesays.com\/de\/wp-json\/wp\/v2\/posts\/792771\/revisions"}],"wp:featuredmedia":[{"embeddable":true,"href":"https:\/\/www.europesays.com\/de\/wp-json\/wp\/v2\/media\/792772"}],"wp:attachment":[{"href":"https:\/\/www.europesays.com\/de\/wp-json\/wp\/v2\/media?parent=792771"}],"wp:term":[{"taxonomy":"category","embeddable":true,"href":"https:\/\/www.europesays.com\/de\/wp-json\/wp\/v2\/categories?post=792771"},{"taxonomy":"post_tag","embeddable":true,"href":"https:\/\/www.europesays.com\/de\/wp-json\/wp\/v2\/tags?post=792771"}],"curies":[{"name":"wp","href":"https:\/\/api.w.org\/{rel}","templated":true}]}}