{"id":792773,"date":"2026-02-12T21:24:12","date_gmt":"2026-02-12T21:24:12","guid":{"rendered":"https:\/\/www.europesays.com\/de\/792773\/"},"modified":"2026-02-12T21:24:12","modified_gmt":"2026-02-12T21:24:12","slug":"entdeckertouren-durch-bochum-bochum-tourismus","status":"publish","type":"post","link":"https:\/\/www.europesays.com\/de\/792773\/","title":{"rendered":"Entdeckertouren durch Bochum \u2013 Bochum Tourismus"},"content":{"rendered":"<p class=\"lead\">\u00d6ffentliche F\u00fchrungen von Bochum Marketing im Jahr 2026 halten einiges bereit<\/p>\n<p class=\"text-justify\">Bochum Marketing l\u00e4dt dazu ein, die Stadt aus neuen Blickwinkeln zu entdecken: Von faszinierenden Unterwelten \u00fcber Genusstouren, historische Streifz\u00fcge und Ausblicke auf einem alten F\u00f6rderger\u00fcst \u2013 sieben gef\u00fchrte Touren sind ab sofort buchbar. Die \u00f6ffentlichen F\u00fchrungen bringen Geschichte und Stadterlebnis f\u00fcr alle zusammen, ob zugezogen und neugierig oder Bochum-Expert*in auf der Suche nach spannenden Anekdoten. \u00a0<\/p>\n<p><strong>F\u00fchrung durch die Unterwelt der Jahrhunderthalle<\/strong><\/p>\n<p class=\"text-justify\">Direkt unter der m\u00e4chtigen Jahrhunderthalle geht es auf Zeit- und Entdeckungsreise. Die Versorgungssch\u00e4chte unterhalb der ehemaligen Gaskraftzentrale waren fr\u00fcher Teil eines weit verzweigten unterirdischen Systems, das externe Produktionsst\u00e4tten in ganz Bochum mit den Betriebskellern verband. Heute sind sie zum Teil f\u00fcr Besuchende sichtbar gemacht worden und geben einen faszinierenden Einblick in die Geschichte des Bochumer Vereins. Durch verschiedene Luken und Sichtfenster ist der authentische Originalzustand vor der Neunutzung als Veranstaltungsst\u00e4tte sichtbar. Dauer: ca. 1 Stunde, 10,50 Euro, Termine jeweils um 12, 13:30 und 15 Uhr im April (11.\/12.\/18.\/19.), Mai (2.\/3.\/16.17.), Juni (20.\/21.) und Oktober (17.\/18.\/24.\/25.).<\/p>\n<p class=\"text-justify\"><a href=\"https:\/\/www.bochum-tourismus.de\/besuch-planen\/stadtfuehrungen\/fuehrung-durch-die-unterwelt.html\" target=\"_blank\" rel=\"nofollow noopener\">https:\/\/www.bochum-tourismus.de\/besuch-planen\/stadtfuehrungen\/fuehrung-durch-die-unterwelt.html<\/a>\u00a0<\/p>\n<p><strong>Krasse Trasse: Trassenradelspa\u00df mit F\u00f6rderger\u00fcst und Ruhrpottpause<\/strong><\/p>\n<p class=\"text-justify\">Mit dem Rad auf den Spuren der Industriekultur: von der Springorum-Trasse und dem Schlosspark Weitmar \u00fcber das Parkband West und die Kray-Wanner-Bahn, bis hin zur Erzbahntrasse und vorbei am Westpark. Zwischendrin wird an der ehemaligen Zeche Holland eine Pause eingelegt, mit Besteigung des F\u00f6rderger\u00fcstes und im Anschluss Currywurst (oder Pommes) mit Fiege-Pils (oder Softdrink). F\u00fcr die passenden Infos bei allen Stopps sorgt ein erfahrener Guide. Ein Rad wird nicht gestellt und muss selbst mitgebracht werden. Dauer: ca. 4 Stunden, 37 Euro inkl. Snack und Getr\u00e4nk, Termine am 16. April und 10. September (15 Uhr).<\/p>\n<p class=\"text-justify\"><a href=\"https:\/\/www.bochum-tourismus.de\/besuch-planen\/stadtfuehrungen\/krasse-trasse.html\" target=\"_blank\" rel=\"nofollow noopener\">https:\/\/www.bochum-tourismus.de\/besuch-planen\/stadtfuehrungen\/krasse-trasse.html<\/a><\/p>\n<p><strong>Stadtrundgang f\u00fcr Leckerschmecker<\/strong><\/p>\n<p class=\"text-justify\">Kulinarik und Stadtkultur \u2013 das ist die perfekte Mischung bei dieser Genie\u00dfertour durch die Bochumer City. Zwischen zwei Verkostungsstopps erfahren Teilnehmende Interessantes und \u00dcberraschendes \u00fcber die Innenstadt. Klassiker wie Currywurst und Fiege Pils sind garantiert dabei, dazu gibt es Lokaltipps und frische Perspektiven. Dauer: ca. 1,75 Stunden, 28 Euro inkl. kulinarischer Highlights, Termine von Mai bis Oktober (9.5., 13.6., 11.7., 8.8., 5.9. und 10.10., jeweils um 11 Uhr).<\/p>\n<p class=\"text-justify\"><a href=\"https:\/\/www.bochum-tourismus.de\/besuch-planen\/stadtfuehrungen\/stadtrundgang-fuer-leckerschmecker.html\" target=\"_blank\" rel=\"nofollow noopener\">https:\/\/www.bochum-tourismus.de\/besuch-planen\/stadtfuehrungen\/stadtrundgang-fuer-leckerschmecker.html<\/a>\u00a0<\/p>\n<p><strong>Hoch hinaus meets Feierabendmarkt<\/strong><\/p>\n<p class=\"text-justify\">Beim Wattenscheider Feierabendmarkt auf dem Gel\u00e4nde der ehemaligen Zeche Holland wird es wieder F\u00fchrungen auf das F\u00f6rderger\u00fcst geben. Wer schwindelfrei ist und die 212 Stufen bis zur obersten Plattform nicht scheut, wird mit einer spektakul\u00e4ren Aussicht vom Tetraeder in Bottrop \u00fcber den Doppelbock von Zollverein in Essen bis hin zum F\u00f6rderger\u00fcst des Deutschen Bergbau-Museum, dem Exzenterhaus und dem Ruhrstadion in Bochum belohnt. Im Anschluss wartet bis 22 Uhr der Feierabendmarkt mit Drinks und Leckereien. Dauer: ca. 1 Stunde, 9,50 Euro, Termine am 22. Mai, 19. Juni und 17. Juli (16:30 und 17:30 Uhr).<\/p>\n<p class=\"text-justify\"><a href=\"https:\/\/www.bochum-tourismus.de\/besuch-planen\/stadtfuehrungen\/hoch-hinaus-meets-feierabendmarkt.html\" target=\"_blank\" rel=\"nofollow noopener\">https:\/\/www.bochum-tourismus.de\/besuch-planen\/stadtfuehrungen\/hoch-hinaus-meets-feierabendmarkt.html<\/a>\u00a0 \u00a0<\/p>\n<p><strong>Hoch hinaus meets WAT\u2019n Sommerfest<\/strong><\/p>\n<p class=\"text-justify\">Auch beim Sommerfest in der Alten Lohnhalle und rund um den Kumpeltreff stehen F\u00fchrungen auf das F\u00f6rderger\u00fcst der ehemaligen Zeche Holland auf dem Programm. Wer die Herausforderung sucht, kann das Revier von ganz oben erleben und im Anschluss den Abend beim Sommerfest mit Grillspezialit\u00e4ten und k\u00fchlen Getr\u00e4nken ausklingen lassen. Dauer: ca. 1 Stunde, 9,50 Euro, Termine am 1. August um 16:30 und 18 Uhr sowie am 2. August um 15 und 16:30 Uhr.<\/p>\n<p class=\"text-justify\"><a href=\"https:\/\/www.bochum-tourismus.de\/besuch-planen\/stadtfuehrungen\/hoch-hinaus-meets-watn-sommerfest.html\" target=\"_blank\" rel=\"nofollow noopener\">https:\/\/www.bochum-tourismus.de\/besuch-planen\/stadtfuehrungen\/hoch-hinaus-meets-watn-sommerfest.html<\/a>\u00a0\u00a0<\/p>\n<p><strong>Westparkf\u00fchrung: Fackeln und Finsternis<\/strong><\/p>\n<p class=\"text-justify\">Die Fackelwanderung taucht den Westpark und das Gel\u00e4nde rund um die Jahrhunderthalle in atmosph\u00e4risches Licht: Eine Fackel in der Hand leuchtet am Abend den Weg, w\u00e4hrend der G\u00e4stef\u00fchrer markante Bauwerke erl\u00e4utert und historische Punkte lebendig werden l\u00e4sst. Der Rundgang versetzt die Teilnehmenden in die Vergangenheit der Bochumer Stahl- und Montanindustrie und vermittelt Wissenswertes \u00fcber das Gel\u00e4nde der Jahrhunderthalle Bochum, den Westpark und das Arbeiterleben zur Bl\u00fctezeit des Bochumer Vereins. Dauer: ca. 1,5 Stunden, 18,50 Euro, Termine am 4. und 31. Oktober (19 Uhr).<\/p>\n<p class=\"text-justify\"><a href=\"https:\/\/www.bochum-tourismus.de\/besuch-planen\/stadtfuehrungen\/fuehrung-fackeln-und-finsternis.html\" target=\"_blank\" rel=\"nofollow noopener\">https:\/\/www.bochum-tourismus.de\/besuch-planen\/stadtfuehrungen\/fuehrung-fackeln-und-finsternis.html<\/a>\u00a0 \u00a0<\/p>\n<p><strong>Bochumer Sagentour<\/strong><\/p>\n<p class=\"text-justify\">Unter dem Motto \u201eVon Irrlichtern, Riesen, dem R\u00e4uberhauptmann Korte und einer Ohrfeige\u201c geht es mit dem Reisebus und viel Fantasie auf eine dreist\u00fcndige Spurensuche nach Mythen, spektakul\u00e4ren Legenden und historischen Figuren. Ob Schauspielhaus, Haus Kemnade oder Stiepeler Dorfkirche, ob Kuhhirte, Greuellinde oder Nibelungen \u2013 die Sagentour verkn\u00fcpft Geschichte und Geschichten. Besonders bei Einbruch der D\u00e4mmerung entstehen G\u00e4nsehautmomente! Dauer: ca. 3 Stunden, 33 Euro, Termine am 18. Oktober und 22. November (16 Uhr).<\/p>\n<p class=\"text-justify\"><a href=\"https:\/\/www.bochum-tourismus.de\/besuch-planen\/stadtfuehrungen\/bochumer-sagentour.html\" target=\"_blank\" rel=\"nofollow noopener\">https:\/\/www.bochum-tourismus.de\/besuch-planen\/stadtfuehrungen\/bochumer-sagentour.html<\/a>\u00a0<\/p>\n<p><strong>Hier gibt\u2019s Tickets<\/strong><\/p>\n<p class=\"text-justify\">Die \u00dcbersicht umfasst alle zurzeit buchbaren regelm\u00e4\u00dfigen Termine f\u00fcr \u00f6ffentliche F\u00fchrungen. Auch 2026 werden im Laufe des Jahres weitere neue F\u00fchrungen hinzukommen. Alle Angebote, aktuelle Termine und M\u00f6glichkeiten zur Buchung finden sich unter <a href=\"https:\/\/www.bochum-tourismus.de\/besuch-planen\/stadtfuehrungen.html\" target=\"_blank\" rel=\"nofollow noopener\">https:\/\/www.bochum-tourismus.de\/besuch-planen\/stadtfuehrungen.html<\/a>. Private Gruppenf\u00fchrungen k\u00f6nnen au\u00dferhalb der \u00f6ffentlichen Termine vereinbart werden. Tickets sind online, in der Touristinfo Bochum an der Huestra\u00dfe 9 oder \u00fcber das CallCenter (0234 963020) erh\u00e4ltlich.<\/p>\n","protected":false},"excerpt":{"rendered":"\u00d6ffentliche F\u00fchrungen von Bochum Marketing im Jahr 2026 halten einiges bereit Bochum Marketing l\u00e4dt dazu ein, die Stadt&hellip;\n","protected":false},"author":2,"featured_media":792774,"comment_status":"","ping_status":"","sticky":false,"template":"","format":"standard","meta":{"footnotes":"","_share_on_mastodon":"0"},"categories":[1839],"tags":[7507,3364,29,30,1209],"class_list":["post-792773","post","type-post","status-publish","format-standard","has-post-thumbnail","category-bochum","tag-bochum","tag-de","tag-deutschland","tag-germany","tag-nordrhein-westfalen"],"share_on_mastodon":{"url":"https:\/\/pubeurope.com\/@de\/116059771169569249","error":""},"_links":{"self":[{"href":"https:\/\/www.europesays.com\/de\/wp-json\/wp\/v2\/posts\/792773","targetHints":{"allow":["GET"]}}],"collection":[{"href":"https:\/\/www.europesays.com\/de\/wp-json\/wp\/v2\/posts"}],"about":[{"href":"https:\/\/www.europesays.com\/de\/wp-json\/wp\/v2\/types\/post"}],"author":[{"embeddable":true,"href":"https:\/\/www.europesays.com\/de\/wp-json\/wp\/v2\/users\/2"}],"replies":[{"embeddable":true,"href":"https:\/\/www.europesays.com\/de\/wp-json\/wp\/v2\/comments?post=792773"}],"version-history":[{"count":0,"href":"https:\/\/www.europesays.com\/de\/wp-json\/wp\/v2\/posts\/792773\/revisions"}],"wp:featuredmedia":[{"embeddable":true,"href":"https:\/\/www.europesays.com\/de\/wp-json\/wp\/v2\/media\/792774"}],"wp:attachment":[{"href":"https:\/\/www.europesays.com\/de\/wp-json\/wp\/v2\/media?parent=792773"}],"wp:term":[{"taxonomy":"category","embeddable":true,"href":"https:\/\/www.europesays.com\/de\/wp-json\/wp\/v2\/categories?post=792773"},{"taxonomy":"post_tag","embeddable":true,"href":"https:\/\/www.europesays.com\/de\/wp-json\/wp\/v2\/tags?post=792773"}],"curies":[{"name":"wp","href":"https:\/\/api.w.org\/{rel}","templated":true}]}}