{"id":792775,"date":"2026-02-12T21:25:15","date_gmt":"2026-02-12T21:25:15","guid":{"rendered":"https:\/\/www.europesays.com\/de\/792775\/"},"modified":"2026-02-12T21:25:15","modified_gmt":"2026-02-12T21:25:15","slug":"bochumer-schlaegt-ex-freundin-mit-hammer-auf-den-kopf-mordkommission-ermittelt","status":"publish","type":"post","link":"https:\/\/www.europesays.com\/de\/792775\/","title":{"rendered":"Bochumer schl\u00e4gt Ex-Freundin mit Hammer auf den Kopf: Mordkommission ermittelt"},"content":{"rendered":"<p class=\"expressive-copy-lg-body\">Ein Streit zwischen einem Bochumer (48) und seiner ehemaligen Lebensgef\u00e4hrtin (42) ist am Mittwoch (11. Februar) eskaliert. Wie die Polizei und Staatsanwaltschaft <a href=\"https:\/\/www.waz.de\/lokales\/bochum\/\" target=\"_blank\" rel=\"nofollow noopener\">Bochum<\/a> erkl\u00e4ren, hat der Mann mehrfach mit einem Hammer auf den Kopf der Frau geschlagen. Die habe sich dabei verletzt, schwebe aber nicht in Lebensgefahr.<\/p>\n<p class=\"expressive-copy-lg-body\">Laut Polizei hat der Mann die Wohnung seiner Ex-Freundin an der Voedestra\u00dfe aufgesucht. Der Streit entstand demnach gegen 15.45 Uhr auf dem B\u00fcrgersteig vor der Wohnung.<\/p>\n<p>Bochumer z\u00fcckt Hammer\u00a0\u2013 Passanten greifen ein<\/p>\n<p class=\"expressive-copy-lg-body\">Im Verlauf des Streits soll der Mann den Hammer gez\u00fcckt haben und auf die Frau losgegangen sein. \u201eZeugen haben den Vorfall beobachtet, sind sofort dazwischengegangen und haben die Polizei gerufen\u201c, sagt Jens Artschwager, Sprecher bei der Polizei Bochum. <\/p>\n<p>            Diese Texte haben viele Menschen interessiert<\/p>\n<p class=\"expressive-copy-lg-body\">Fl\u00fcchten wollte der Mann offenbar nicht: \u201eEr lie\u00df sich ohne Widerstand festnehmen, die Zeugen mussten ihn vorher nicht festhalten\u201c, so Artschwager.<\/p>\n<p>Staatsanwaltschaft Bochum erl\u00e4sst Haftbefehl, Polizei bittet um Zeugen<\/p>\n<p class=\"expressive-copy-lg-body\">Die Staatsanwaltschaft wertet den Fall als versuchtes T\u00f6tungsdelikt. Der 48-J\u00e4hrige wurde einer Haftrichterin vorgef\u00fchrt, die einen Haftbefehl wegen versuchten Totschlags erlie\u00df.<\/p>\n<p class=\"expressive-copy-lg-body\">Eine Mordkommission hat die weiteren Ermittlungen \u00fcbernommen. Um den Ablauf der Tat besser nachvollziehen zu k\u00f6nnen, bittet die Polizei direkte Augenzeugen der Tat, sich unter der Telefonnummer <a href=\"https:\/\/www.waz.de\/lokales\/bochum\/article411186640\/tel:0234 909-4441\" rel=\"nofollow noopener\" target=\"_blank\">0234 909-4441<\/a> (Kriminalwache) zu melden.<\/p>\n","protected":false},"excerpt":{"rendered":"Ein Streit zwischen einem Bochumer (48) und seiner ehemaligen Lebensgef\u00e4hrtin (42) ist am Mittwoch (11. Februar) eskaliert. Wie&hellip;\n","protected":false},"author":2,"featured_media":792776,"comment_status":"","ping_status":"","sticky":false,"template":"","format":"standard","meta":{"footnotes":"","_share_on_mastodon":"0"},"categories":[1839],"tags":[7507,3364,29,30,1209],"class_list":["post-792775","post","type-post","status-publish","format-standard","has-post-thumbnail","category-bochum","tag-bochum","tag-de","tag-deutschland","tag-germany","tag-nordrhein-westfalen"],"share_on_mastodon":{"url":"https:\/\/pubeurope.com\/@de\/116059774992345481","error":""},"_links":{"self":[{"href":"https:\/\/www.europesays.com\/de\/wp-json\/wp\/v2\/posts\/792775","targetHints":{"allow":["GET"]}}],"collection":[{"href":"https:\/\/www.europesays.com\/de\/wp-json\/wp\/v2\/posts"}],"about":[{"href":"https:\/\/www.europesays.com\/de\/wp-json\/wp\/v2\/types\/post"}],"author":[{"embeddable":true,"href":"https:\/\/www.europesays.com\/de\/wp-json\/wp\/v2\/users\/2"}],"replies":[{"embeddable":true,"href":"https:\/\/www.europesays.com\/de\/wp-json\/wp\/v2\/comments?post=792775"}],"version-history":[{"count":0,"href":"https:\/\/www.europesays.com\/de\/wp-json\/wp\/v2\/posts\/792775\/revisions"}],"wp:featuredmedia":[{"embeddable":true,"href":"https:\/\/www.europesays.com\/de\/wp-json\/wp\/v2\/media\/792776"}],"wp:attachment":[{"href":"https:\/\/www.europesays.com\/de\/wp-json\/wp\/v2\/media?parent=792775"}],"wp:term":[{"taxonomy":"category","embeddable":true,"href":"https:\/\/www.europesays.com\/de\/wp-json\/wp\/v2\/categories?post=792775"},{"taxonomy":"post_tag","embeddable":true,"href":"https:\/\/www.europesays.com\/de\/wp-json\/wp\/v2\/tags?post=792775"}],"curies":[{"name":"wp","href":"https:\/\/api.w.org\/{rel}","templated":true}]}}