{"id":792794,"date":"2026-02-12T21:35:13","date_gmt":"2026-02-12T21:35:13","guid":{"rendered":"https:\/\/www.europesays.com\/de\/792794\/"},"modified":"2026-02-12T21:35:13","modified_gmt":"2026-02-12T21:35:13","slug":"eishockey-live-nhl-star-mit-doppelpack-fuer-deutschland","status":"publish","type":"post","link":"https:\/\/www.europesays.com\/de\/792794\/","title":{"rendered":"Eishockey live: NHL-Star mit Doppelpack f\u00fcr Deutschland"},"content":{"rendered":"<p>Eishockey bei Olympia im Liveticker <\/p>\n<p>Erst artistisch, dann gl\u00fccklich: Doppelpack von NHL-Star<\/p>\n<p>Aktualisiert am 12.02.2026 &#8211; 22:32 UhrLesedauer: 4 Min.<\/p>\n<p><a href=\"#focus-0\" class=\"transition-colors duration-200 block text-current relative\" data-sctrack=\"FocusGalleryImage.Reference\"><img fetchpriority=\"high\" data-testid=\"Opener.Image\" style=\"--lqipURL:url('https:\/\/images.t-online.de\/2026\/02\/9DqXja47381Z\/0x107:2048x1152\/fit-in\/150x0\/filters:blur(25)\/image.jpg')\"   loading=\"eager\" src=\"https:\/\/www.europesays.com\/de\/wp-content\/uploads\/2026\/02\/1770932113_996_image.jpg\" alt=\"Milan Cortina Olympics Ice Hockey\" title=\"Milan Cortina Olympics Ice Hockey\" width=\"2048\" height=\"1152\" class=\"bg-[url:var(--lqipURL)] bg-cover bg-center flex h-full w-full max-w-full\" decoding=\"async\"\/><img style=\"--width:32;--height:32\" loading=\"lazy\" src=\"https:\/\/www.t-online.de\/s\/paper\/_next\/static\/media\/zoom-in.f7dae02f.svg\" alt=\"Vergr\u00f6\u00dfern des Bildes\" title=\"Vergr\u00f6\u00dfern des Bildes\" class=\"block h-[calc(var(--height)_\/_16_*_1rem)] w-[calc(var(--width)_\/_16_*_1rem)] max-w-none absolute bottom-8 right-8 rounded-4 bg-snow p-8\" decoding=\"async\"\/><\/a><\/p>\n<p>Jubel beim deutschen Team nach dem Treffer zur 2:1-F\u00fchrung durch Tim St\u00fctzle. (Quelle: Hassan Ammar\/ap)<\/p>\n<p class=\"font-bold text-18 leading-17 user-text-lg:text-22 user-text-xl:text-24\">Deutschlands Eishockey-Herren starten gegen D\u00e4nemark ins Turnier. Gibt&#8217;s zum Auftakt den ersten Sieg? Das erfahren Sie hier im Liveticker.<\/p>\n<p class=\"text-18 leading-17 user-text-lg:text-22 user-text-xl:text-24\">Nach den Frauen starten jetzt auch die deutschen Eishockey-M\u00e4nner in das Olympische Turnier. Gegen D\u00e4nemark ist das Team von Bundestrainer Harold Kreis klarer Favorit. Mit einem Sieg will die Mannschaft um NHL-Superstar <a class=\"transition-colors duration-200 cursor-pointer text-inherit no-underline text-salemsfur md:hover:text-magenta md:hover:border-magenta md:focus:text-magenta border-current border-b border-solid break-words\" href=\"https:\/\/www.t-online.de\/themen\/leon-draisaitl\/\" data-sctrack=\"BodyAnchor\" rel=\"nofollow noopener\" target=\"_blank\">Leon Draisaitl<\/a> ein erstes Ausrufezeichen im Kampf um die Medaillen setzen.<\/p>\n<p class=\"text-18 leading-17 user-text-lg:text-22 user-text-xl:text-24\"><strong class=\"font-bold\">34. Minute:<\/strong> Das deutsche Team hat die Kontrolle wieder \u00fcbernommen \u2013 auch wenn die Schussstatistik mit 20 zu 13 f\u00fcr D\u00e4nemark ein anderes Bild ergibt. Die deutsche F\u00fchrung geht aktuell absolut in Ordnung.<\/p>\n<p class=\"text-18 leading-17 user-text-lg:text-22 user-text-xl:text-24\"><strong class=\"font-bold\">31. Minute:<\/strong> Toooor f\u00fcr Deutschland! Deutschland nutzt das Power-Play schon nach 21 Sekunden. St\u00fctzle schn\u00fcrt den Doppelpack. Sein Schuss wird vom Knie eines D\u00e4nen unhaltbar abgef\u00e4lscht und landet zum 3:1 f\u00fcr Deutschland im Tor D\u00e4nemarks.<\/p>\n<p class=\"text-18 leading-17 user-text-lg:text-22 user-text-xl:text-24\"><strong class=\"font-bold\">31. Minute:<\/strong> Wieder \u00dcberzahl f\u00fcr Deutschland. Aagard muss wegen Haltens an Draisaitl auf die Strafbank.<\/p>\n<p class=\"text-18 leading-17 user-text-lg:text-22 user-text-xl:text-24\"><strong class=\"font-bold\">30. Minute:<\/strong> Grubauer wird jetzt immer mehr zum Fels in der Brandung. Einen abgef\u00e4lschten Schuss von Ehlers schnappt er sich mit der Fanghand. Kurz danach wieder das Duell Ehlers gegen Grubauer \u2013 dieses Mal ist der Torwart mit der Stockhand zur Stelle und entsch\u00e4rft die M\u00f6glichkeit des D\u00e4nen.<\/p>\n<p class=\"text-18 leading-17 user-text-lg:text-22 user-text-xl:text-24\"><strong class=\"font-bold\">28. Minute:<\/strong> Fast der Ausgleich! Aagaard kommt aus Kurzdistanz zum Abschluss, aber Grubauer ist da. Der deutsche Torwart hat jetzt schon 14 Saves.<\/p>\n<p class=\"text-18 leading-17 user-text-lg:text-22 user-text-xl:text-24\"><strong class=\"font-bold\">27. Minute:<\/strong> Jetzt ist ein offener Schlagabtausch mit Torchancen auf beiden Seiten. Auf der deutschen Bank wird unterdessen der Torsch\u00fctze von eben an der linken Hand behandelt.<\/p>\n<p class=\"text-18 leading-17 user-text-lg:text-22 user-text-xl:text-24\"><strong class=\"font-bold\">25. Minute:<\/strong> Toooor f\u00fcr Deutschland! St\u00fctzle nimmt einen Pass von Peterka im Fallen direkt und trifft zum 2:1 f\u00fcr das DEB-Team. Ein artistischer Treffer des NHL-Stars der Ottawa Senators.<\/p>\n<p class=\"text-18 leading-17 user-text-lg:text-22 user-text-xl:text-24\"><strong class=\"font-bold\">24. Minute:<\/strong> Draisaitl kommt auf der rechten Seite durch und geht auf Keeper Andersen zu. Sein Schuss kann der D\u00e4ne parieren. Im Anschluss geraten Tiffels und Bruggisser aneinander, aber nicht weiter schlimm und weiter geht&#8217;s.<\/p>\n<p class=\"text-18 leading-17 user-text-lg:text-22 user-text-xl:text-24\"><strong class=\"font-bold\">23. Minute<\/strong>: D\u00e4nemark startet gut ins zweite Drittel und macht klar, dass das hier f\u00fcr die Deutschen kein Selbstl\u00e4ufer wird. Das Team von Bundestrainer Kreis muss wieder aktiver werden.<\/p>\n<p class=\"text-18 leading-17 user-text-lg:text-22 user-text-xl:text-24\"><strong class=\"font-bold\">21. Minute:<\/strong> Das 2. Drittel l\u00e4uft.<\/p>\n<p class=\"text-18 leading-17 user-text-lg:text-22 user-text-xl:text-24\"><strong class=\"font-bold\">Drittelpause:<\/strong> Der Start der Deutschen war furios, doch dann kam D\u00e4nemark immer besser ins Spiel und letztlich auch zum verdienten Ausgleich. Nach dem Treffer zum 1:1 war es eine ausgeglichene Partie. Die Torschussbilanz nach 20 Minuten lautet acht zu f\u00fcnf f\u00fcr D\u00e4nemark.<\/p>\n","protected":false},"excerpt":{"rendered":"Eishockey bei Olympia im Liveticker Erst artistisch, dann gl\u00fccklich: Doppelpack von NHL-Star Aktualisiert am 12.02.2026 &#8211; 22:32 UhrLesedauer:&hellip;\n","protected":false},"author":2,"featured_media":792795,"comment_status":"","ping_status":"","sticky":false,"template":"","format":"standard","meta":{"footnotes":"","_share_on_mastodon":"0"},"categories":[2],"tags":[100802,331,3924,332,3922,2294,1160,3364,15562,29,24476,2100,30,26192,13,22194,12305,14,3923,15,3921,7935,656,178759,6637,12,39773,178758,5698,26323],"class_list":["post-792794","post","type-post","status-publish","format-standard","has-post-thumbnail","category-deutschland","tag-100802","tag-aktuelle-nachrichten","tag-aktuelle-nachrichten-aus-deutschland","tag-aktuelle-news","tag-aktuelle-news-aus-deutschland","tag-bank","tag-daenemark","tag-de","tag-deb","tag-deutschland","tag-doppelpack","tag-eishockey","tag-germany","tag-harold-kreis","tag-headlines","tag-leon-draisaitl","tag-mailand","tag-nachrichten","tag-nachrichten-aus-deutschland","tag-news","tag-news-aus-deutschland","tag-nhl","tag-olympia","tag-ottawa-senators","tag-save","tag-schlagzeilen","tag-tim-stuetzle","tag-tor-daenemark","tag-turnier","tag-uwe-krupp"],"share_on_mastodon":{"url":"https:\/\/pubeurope.com\/@de\/116059814432414878","error":""},"_links":{"self":[{"href":"https:\/\/www.europesays.com\/de\/wp-json\/wp\/v2\/posts\/792794","targetHints":{"allow":["GET"]}}],"collection":[{"href":"https:\/\/www.europesays.com\/de\/wp-json\/wp\/v2\/posts"}],"about":[{"href":"https:\/\/www.europesays.com\/de\/wp-json\/wp\/v2\/types\/post"}],"author":[{"embeddable":true,"href":"https:\/\/www.europesays.com\/de\/wp-json\/wp\/v2\/users\/2"}],"replies":[{"embeddable":true,"href":"https:\/\/www.europesays.com\/de\/wp-json\/wp\/v2\/comments?post=792794"}],"version-history":[{"count":0,"href":"https:\/\/www.europesays.com\/de\/wp-json\/wp\/v2\/posts\/792794\/revisions"}],"wp:featuredmedia":[{"embeddable":true,"href":"https:\/\/www.europesays.com\/de\/wp-json\/wp\/v2\/media\/792795"}],"wp:attachment":[{"href":"https:\/\/www.europesays.com\/de\/wp-json\/wp\/v2\/media?parent=792794"}],"wp:term":[{"taxonomy":"category","embeddable":true,"href":"https:\/\/www.europesays.com\/de\/wp-json\/wp\/v2\/categories?post=792794"},{"taxonomy":"post_tag","embeddable":true,"href":"https:\/\/www.europesays.com\/de\/wp-json\/wp\/v2\/tags?post=792794"}],"curies":[{"name":"wp","href":"https:\/\/api.w.org\/{rel}","templated":true}]}}