{"id":792834,"date":"2026-02-12T21:56:17","date_gmt":"2026-02-12T21:56:17","guid":{"rendered":"https:\/\/www.europesays.com\/de\/792834\/"},"modified":"2026-02-12T21:56:17","modified_gmt":"2026-02-12T21:56:17","slug":"landtagswahl-baden-wuerttemberg-die-sieben-kleinen-das-sind-die-underdogs-im-stuttgarter-wahlkampf","status":"publish","type":"post","link":"https:\/\/www.europesays.com\/de\/792834\/","title":{"rendered":"Landtagswahl Baden-W\u00fcrttemberg: Die sieben Kleinen \u2013 das sind die Underdogs im Stuttgarter Wahlkampf"},"content":{"rendered":"<p>\t\t\t\t\t\t\t\t\t\t\t\t\t\t\t\t\t\t\t\t\t\t\t\t\t\t\t\t      \t\t            \t\t             \t\t\t\t   \t\t\t\t\t   <img decoding=\"async\" id=\"article-image\" fetchpriority=\"high\" alt=\"Landtagswahl Baden-W\u00fcrttemberg: Die sieben Kleinen  \u2013 das sind die Underdogs im Stuttgarter Wahlkampf\" title=\"Landtagswahl Baden-W\u00fcrttemberg: Die sieben Kleinen  \u2013 das sind die Underdogs im Stuttgarter Wahlkampf\" src=\"https:\/\/www.europesays.com\/de\/wp-content\/uploads\/2026\/02\/media.media.d488413a-167d-435a-884b-8e03f51b5ab2.16x9_700.jpg\" data-linkto=\"https:\/\/www.stuttgarter-nachrichten.de\/javascript:void(0);\"\/>\t\t\t\t\t\t\t\t\t\t\t\t\t\t\t\t\t\t\t\t\t\t\t\tAuch die kleinen Parteien plakatieren flei\u00dfig.\u00a0Foto: LG\/Max Kovalenko\t\t\t<\/p>\n<p>Die Landtagswahl am 8. M\u00e4rz wird in Stuttgart \u00f6ffentlich vom Kampf der gr\u00f6\u00dferen sechs Parteien dominiert. Es gibt dar\u00fcber hinaus aber noch einige Prozentsammler. Eine \u00dcbersicht.<\/p>\n<p> Sechs Parteien sind es, denen Demoskopen Chancen auf den Einzug <a href=\"https:\/\/www.stuttgarter-nachrichten.de\/inhalt.parlament-in-stuttgart-wer-putzt-eigentlich-die-riesigen-fenster-10-fakten-zum-haus-des-landtags.46bbc142-3440-41f5-a6a5-383fc48e89a1.html\" target=\"_blank\" rel=\"nofollow noopener\">in den Landtag nach der Wahl am 8. M\u00e4rz bescheinigen<\/a>: CDU, Gr\u00fcne, SPD, FDP, LInke und AfD. Allerdings treten in den vier Stuttgarter Wahlkreisen auch einige kleinere Gruppierungen an. Wir stellen sie vor: <\/p>\n<p>Volt <\/p>\n<p> <a href=\"https:\/\/www.stuttgarter-nachrichten.de\/inhalt.landtagswahl-bw-2026-wen-soll-ich-waehlen-der-party-check-hilft.6ea163e7-95c8-446f-842e-cbcbf448e72d.html\" target=\"_blank\" rel=\"nofollow noopener\">Die paneurop\u00e4ische Partei will l\u00f6sungsorientierte, zukunftsgerichtete Politik in ganz Europa gestalten,<\/a> weil es f\u00fcr gemeinsame Herausforderungen grenz\u00fcbergreifende L\u00f6sungen brauche. Die Vision ist ein vereintes Europa mit einer f\u00f6deralen Demokratie. Deshalb m\u00fcssten pragmatische L\u00f6sungen aus Europa genutzt werden, um das deutsche Bildungssystem zu reformieren. Die Klimakrise m\u00fcsse gemeinsam und sozial gerecht angegangen werden. Bei der <a href=\"https:\/\/www.stuttgarter-nachrichten.de\/thema\/Landtagswahl\" title=\"Landtagswahl\" class=\"art_thema\" rel=\"nofollow noopener\" target=\"_blank\">Landtagswahl<\/a> 2021 kam die Partei in <a href=\"https:\/\/www.stuttgarter-nachrichten.de\/thema\/Stuttgart\" title=\"Stuttgart\" class=\"art_thema\" rel=\"nofollow noopener\" target=\"_blank\">Stuttgart<\/a> auf 0,9 Prozent (2263 Stimmen). Seit 2024 sitzt Volt mit zwei Vertretern im Gemeinderat, bildet dort mit der SPD eine Fraktionsgemeinschaft. <a href=\"https:\/\/www.stuttgarter-nachrichten.de\/thema\/Die_Partei\" title=\"Die Partei\" class=\"art_thema\" rel=\"nofollow noopener\" target=\"_blank\">Die Partei<\/a> tritt im gesamten Stadtgebiet an, in den Wahlkreisen I und III mit den Stadtr\u00e4ten Celine Hirschka und Tillmann Bollow, im Wahlkreis II mit dem Politologen Andreas Lehrfeld und im Wahlkreis IV mit dem wissenschaftlichen Mitarbeiter Benjamin Hueber.<\/p>\n<p>\u00d6DP <\/p>\n<p>Die \u00f6kologisch-demokratische Partei tritt anders als vor f\u00fcnf Jahren, als sie alle Wahlkreise besetzte, nun nur noch im Innenstadtwahlkreis I an. Vertreten wird sie dort von Dieter Zielke. Die Partei setzt sich f\u00fcr einen konsequenten Klima-, Natur- und Umweltschutz sowie f\u00fcr eine Verkehrs- und Agrarwende ein. Ziele sind eine familien- und kinderfreundliche Politik, sie ist gegen Spenden von Lobbyverb\u00e4nden an Parteien und Politiker. <a href=\"https:\/\/www.stuttgarter-nachrichten.de\/inhalt.filder-pressestammtisch-wird-das-parlament-aus-allen-naehten-platzen.b4e1655a-fbc2-4dbc-9a61-c62b1f007b7a.html\" target=\"_blank\" rel=\"nofollow noopener\">Au\u00dferdem fordert sie mehr direkte Demokratie und Volksabstimmungen. <\/a> <\/p>\n<p>  <img decoding=\"async\" loading=\"lazy\" src=\"https:\/\/www.europesays.com\/de\/wp-content\/uploads\/2026\/02\/media.media.6b5bec05-561a-4ed6-97c1-8a4ab177915f.original1024.media.jpeg\"\/>     Etwa 368.000 Menschen sind am 8. M\u00e4rz in der Landeshauptstadt zur Wahl eines neuen Landtags aufgerufen \u2013 etwas weniger als vor f\u00fcnf Jahren.    Foto: dpa\/Uli Deck    Die Partei <\/p>\n<p>Das Programm der als \u201eSpa\u00dfpartei\u201c charakterisierten Bewegung enth\u00e4lt satirische Forderungen wie mehr Beton und die Wehrpflicht ab 65 Jahren, aber auch ernst gemeinte Forderungen wie den Abbau sozialer Ungleichheit, intensiveren Umwelt- und Tierschutz sowie basisdemokratische Ans\u00e4tze. 2021 reichte es zu 1,6 Prozent (3829 Stimmen). Dieses Mal ist Die Partei nur noch in zwei Wahlkreisen (I und III) vertreten, und zwar mit Jasper Pannen und Franz-Xaver Lallinger. Im Gemeinderat bildet sie mit der Klimaliste und Puls eine dreik\u00f6pfige Gruppe. <\/p>\n<p>Tierschutzpartei <\/p>\n<p>Die Partei Mensch Umwelt Tierschutz versteht sich als politischer Arm derer, die <a href=\"https:\/\/www.stuttgarter-nachrichten.de\/inhalt.bilanz-landesverkehrspolitik-was-wurde-aus-gruenen-verkehrs-visionen.64d4f508-9b6a-448e-ac09-2049214faade.html\" target=\"_blank\" rel=\"nofollow noopener\">sich f\u00fcr Tierrechte, Klima- und Umweltschutz, Gleichstellung, Inklusion und soziale Gerechtigkeit einsetzen.<\/a> Das Wahlprogramm wird als konsequent ethisch, \u00f6kologisch und sozial beschrieben. Kernpunkte sind das Ende der Massentierhaltung sowie ein Verbot von Tierversuchen, der Pelzindustrie und der Jagd. In Stuttgart treten Moritz Riedacher im Wahlkreis I und Sandra Just im Wahlkreis II an. Im Gemeinderat bildet die Tierschutzpartei eine Fraktion mit S\u00d6S und Linken. <\/p>\n<p> <a href=\"https:\/\/www.stuttgarter-nachrichten.de\/inhalt.video-politics-bsw-hofft-auf-neuauszaehlung-wagenknecht-zweifelt-am-amtlichen-endergebnis.2bbc4eac-d7a9-4aa3-9783-00f248e8c32c.html\" target=\"_blank\" rel=\"nofollow noopener\">Der Landesverband des B\u00fcndnisses Sahra Wagenknecht \u2013 Vernunft und Gerechtigkeit (BSW) wurde erst im vorigen Jahr gegr\u00fcndet.<\/a> Ziel im Landtag w\u00e4re es, die Themen zu diskutieren, \u201edie f\u00fcr die gro\u00dfe Mehrheit der Menschen in Baden-W\u00fcrttemberg entscheidend f\u00fcr ein gutes Leben sind\u201c. Bekannt ist die Partei f\u00fcr ihre russlandfreundliche Haltung. Sie meint, die beschlossenen Wirtschaftssanktionen tr\u00fcgen nicht dazu bei, den Krieg in der Ukraine zu beenden. In Stuttgart tritt man in den Wahlkreisen II, III und IV an. Direktkandidaten sind Ronald Stock, Chedly Seefeld-Sahraoui sowie Patrick Moreira Costeira. <\/p>\n<p>  B\u00fcndnis C \u2013 Christen f\u00fcr Deutschland <\/p>\n<p>Das B\u00fcndnis C versteht sich als wertorientierte Partei. Sie ging 2015 aus der Fusion der AUF-Partei f\u00fcr Arbeit, Umwelt und Familie und der Partei Bibeltreuer Christen (PBC) hervor. Sie versteht sich als christliche Alternative und vertritt Positionen, die auf einer biblisch fundierten Ethik basieren. Das B\u00fcndnis C tritt nur im Wahlkreis III an, und zwar mit Christian Papentin.<\/p>\n<p> B\u00fcndnis Deutschland <\/p>\n<p>Das B\u00fcndnis Deutschland ist eine konservativ-liberale Partei, die sich als b\u00fcrgerliche Alternative zwischen CDU\/CSU und der AfD positioniert. Sie ist f\u00fcr die St\u00e4rkung des Mittelstands, B\u00fcrokratieabbau, eine ideologiefreie Energiepolitik, eine konsequente Sicherheitspolitik und eine Steuerung der Migration nach dem Leistungsprinzip. Im Wahlkreis IV tritt Iprahim Tozman an. <\/p>\n","protected":false},"excerpt":{"rendered":"Auch die kleinen Parteien plakatieren flei\u00dfig.\u00a0Foto: LG\/Max Kovalenko Die Landtagswahl am 8. M\u00e4rz wird in Stuttgart \u00f6ffentlich vom&hellip;\n","protected":false},"author":2,"featured_media":792835,"comment_status":"","ping_status":"","sticky":false,"template":"","format":"standard","meta":{"footnotes":"","_share_on_mastodon":"0"},"categories":[1830],"tags":[89693,30734,1634,10208,178768,3364,29,16245,30,19399,45915,26708,1441],"class_list":["post-792834","post","type-post","status-publish","format-standard","has-post-thumbnail","category-stuttgart","tag-tierschutzpartei","tag-volt","tag-baden-wuerttemberg","tag-bsw","tag-buendnis-c","tag-de","tag-deutschland","tag-die-partei","tag-germany","tag-landtagswahl","tag-landtagswahl-baden-wuerttemberg","tag-oedp","tag-stuttgart"],"share_on_mastodon":{"url":"https:\/\/pubeurope.com\/@de\/116059897291703197","error":""},"_links":{"self":[{"href":"https:\/\/www.europesays.com\/de\/wp-json\/wp\/v2\/posts\/792834","targetHints":{"allow":["GET"]}}],"collection":[{"href":"https:\/\/www.europesays.com\/de\/wp-json\/wp\/v2\/posts"}],"about":[{"href":"https:\/\/www.europesays.com\/de\/wp-json\/wp\/v2\/types\/post"}],"author":[{"embeddable":true,"href":"https:\/\/www.europesays.com\/de\/wp-json\/wp\/v2\/users\/2"}],"replies":[{"embeddable":true,"href":"https:\/\/www.europesays.com\/de\/wp-json\/wp\/v2\/comments?post=792834"}],"version-history":[{"count":0,"href":"https:\/\/www.europesays.com\/de\/wp-json\/wp\/v2\/posts\/792834\/revisions"}],"wp:featuredmedia":[{"embeddable":true,"href":"https:\/\/www.europesays.com\/de\/wp-json\/wp\/v2\/media\/792835"}],"wp:attachment":[{"href":"https:\/\/www.europesays.com\/de\/wp-json\/wp\/v2\/media?parent=792834"}],"wp:term":[{"taxonomy":"category","embeddable":true,"href":"https:\/\/www.europesays.com\/de\/wp-json\/wp\/v2\/categories?post=792834"},{"taxonomy":"post_tag","embeddable":true,"href":"https:\/\/www.europesays.com\/de\/wp-json\/wp\/v2\/tags?post=792834"}],"curies":[{"name":"wp","href":"https:\/\/api.w.org\/{rel}","templated":true}]}}