{"id":792861,"date":"2026-02-12T22:10:24","date_gmt":"2026-02-12T22:10:24","guid":{"rendered":"https:\/\/www.europesays.com\/de\/792861\/"},"modified":"2026-02-12T22:10:24","modified_gmt":"2026-02-12T22:10:24","slug":"wie-sie-den-brandopfern-helfen-koennen","status":"publish","type":"post","link":"https:\/\/www.europesays.com\/de\/792861\/","title":{"rendered":"Wie Sie den Brandopfern helfen k\u00f6nnen"},"content":{"rendered":"<p class=\"expressive-copy-lg-body\">Es waren <a href=\"https:\/\/www.morgenpost.de\/berlin\/article411185094\/dramatische-szenen-bei-hochhausbrand-in-berlin-viele-haben-geweint.html\" data-category-full-path=\"https:\/\/www.morgenpost.de\/berlin\/\" data-paid-status=\"free\" data-article-publish-date=\"1770901137\" rel=\"nofollow noopener\" target=\"_blank\">tragische Szenen<\/a>, die sich am Mittwochabend in <a href=\"https:\/\/www.morgenpost.de\/bezirke\/lichtenberg\/\" target=\"_blank\" rel=\"nofollow noopener\">Lichtenberg<\/a> ereigneten. Bei einem Brand in einem Mehrfamilienhaus in der Dolgenseestra\u00dfe kam ein S\u00e4ugling ums Leben, seine 26 Jahre alte Mutter und sein Bruder sind in kritischem Zustand. Auch weitere Bewohner des Hochhauses in Friedrichsfelde mussten medizinisch betreut werden. Mehrere Mieter k\u00f6nnen nach dem Feuer vorerst nicht in ihre Wohnungen. Nun erhalten diese Unterst\u00fctzung.<\/p>\n<p>            <img decoding=\"async\" src=\"https:\/\/www.europesays.com\/de\/wp-content\/uploads\/2026\/02\/411179475_1770874879_v16_9_1200.jpeg\" class=\"relative z-10 block w-full object-cover aspect-[4\/3]\" alt=\"Feuer Hochhaus Dolgenseestra\u00dfe\" title=\"Berlin den 11.02.26 Gegen 20:00 Uhr wurde die Berliner Feuerwehr in Dolgenseestra\u00dfe nach Berlin Friedrichsfelde alarmiert. Dort brannte eine Wohnung in einem 20 geschossigen Hochhauses in voller Ausdehnung. Die Feuerwehr musste zahlreiche Personen aus dem Geb\u00e4ude retten. F\u00fcnf Personen wurden dabei verletzt. Drei schwer davon zwei Kinder alle drei mussten vor Ort reanimiert werden. Des Weiteren gab es eine schwere und eine leicht verletzte Person.\" loading=\"lazy\"\/><\/p>\n<p>  Feuer in der Delgenseestra\u00dfe: Wie man den Brandopfern helfen kann<\/p>\n<p class=\"expressive-copy-lg-body\">Wie die jugendpolitische Sprecherin der <a href=\"https:\/\/www.morgenpost.de\/politik\/cdu\/\" data-category-full-path=\"https:\/\/www.morgenpost.de\/politik\/\" data-paid-status=\"free\" data-article-publish-date=\"1627033577\" rel=\"nofollow noopener\" target=\"_blank\">CDU<\/a>-Fraktion in Lichtenberg, Lilia Usik, nun mitteilte, wurde gemeinsam mit dem Verein \u201eBerliner Familienfreunde e.V.\u201c eine Hilfsaktion ins Leben gerufen. \u201eUnsere gro\u00dfe Anteilnahme gilt allen Betroffenen, Verletzten, ihren Angeh\u00f6rigen. In dieser schweren Situation wollen wir unb\u00fcrokratisch und konkret helfen\u201c, hei\u00dft es. Daher wird um Sachspenden, wie Kleidung, Hygieneartikel sowie Haushalts- und Alltagsgegenst\u00e4nde gebeten. <\/p>\n<p>            <img decoding=\"async\" src=\"https:\/\/www.europesays.com\/de\/wp-content\/uploads\/2026\/02\/411181068_1770890925_v16_9_1200.jpeg\" class=\"relative z-10 block w-full object-cover aspect-[4\/3]\" alt=\"Hochhausbrand Dolgenseestra\u00dfe Friedrichsfelde\" title=\"12.02.2026: Nach einem verheerenden Brand in der 4. Etage eines Hochhauses in Berlin-Friedrichsfelde (Lichtenberg) am Vorabend (11.02.) sind Teile des Hauses unbewohnbar.\" loading=\"lazy\"\/><\/p>\n<p class=\"expressive-copy-lg-body\">Diese Gegenst\u00e4nde k\u00f6nnten beim Verein der \u201eBerliner Familienfreunde\u201c in der Delgenseestra\u00dfe 60a abgegeben werden. Und das zwischen folgenden Zeiten:<\/p>\n<ul class=\"[[data-group=summary]_&amp;]:my-0 my-10 [h3+&amp;]:mt-0 expressive-copy-lg\">\n<li>Mo, 16.2.26 9-12 Uhr<\/li>\n<li>Di, 17.2.26 14-17 Uhr<\/li>\n<li>Mi, 18.2.26 9-12 Uhr<\/li>\n<li>Fr, 20.2.26 10-14 Uhr<\/li>\n<\/ul>\n<p class=\"expressive-copy-lg-body\">Wer dar\u00fcber hinaus unterst\u00fctzen kann und m\u00f6chte, k\u00f6nne auch beim Sortieren, Einr\u00e4umen und Organisieren der Spenden helfen. Zudem w\u00fcrden Fahrdienste ben\u00f6tigt. Wer also \u00fcber einen Kleintransporter oder einen gro\u00dfen Pkw verf\u00fcgt, k\u00f6nne sich melden, um die Spenden zu bringen.<\/p>\n<p>GoFundMe-Aktion: Schmetterlings-Grundschule sammelt f\u00fcr betroffene Kinder<\/p>\n<p class=\"expressive-copy-lg-body\">Auch die Schmetterlings-Grundschule in der Dolgenseestra\u00dfe, deren Sch\u00fcler zum Teil betroffen sind, m\u00f6chte helfen. Der F\u00f6rderverein der Bildungseinrichtung hat daher <a href=\"https:\/\/www.gofundme.com\/f\/hilfe-nach-hochhausbrand-dolgenseestr-schmetterlingsgs\" target=\"_blank\" rel=\"nofollow noopener\">auf der Plattform GoFundMe einen Spendenaufruf<\/a> gestartet. \u201eWir m\u00f6chten die betroffenen Familien mit Schulkindern in dieser akuten Notlage unterst\u00fctzen\u201c, hei\u00dft es in dem Begleittet.<\/p>\n<p class=\"expressive-copy-lg-body\">Es gehe vor allem darum, \u00dcbergangswohnungen und unmittelbare Mehrkosten im Alltag zu tragen, die Anschaffung von Kleidung, Schulmaterialien und Dingen des t\u00e4glichen Bedarfs zu erm\u00f6glichen und Unterst\u00fctzung beim Wiederaufbau eines kindgerechten Zuhauses zu leisten. Man stehe in engem Austausch mit den betroffenen Familien und stelle sicher, dass die Hilfe auch dort ankommt.<\/p>\n<p>Nach Brand in der Delgenseestra\u00dfe: Wohnungsgesellschaft sichert Hilfe zu<\/p>\n<p class=\"expressive-copy-lg-body\">Nach dem Brand hat die zust\u00e4ndige Wohnungsgesellschaft\u00a0Howoge\u00a0allen Betroffenen und Angeh\u00f6rigen ihre Anteilnahme ausgesprochen und ihnen schnelle Hilfe zugesichert. Gesch\u00e4ftsf\u00fchrer Ulrich Schiller erkl\u00e4rte: \u201eWir trauern mit der Familie\u00a0und k\u00f6nnen den Schmerz \u00fcber den Tod des Kindes kaum in Worte fassen.\u201c<\/p>\n<p class=\"expressive-copy-lg-body\">Am Donnerstagmittag waren laut\u00a0Howoge\u00a0noch 21 Wohnungen in dem 20-geschossigen Geb\u00e4ude polizeilich gesperrt. Man stehe in engem Austausch mit allen betroffenen Mietern. Die meisten von ihnen h\u00e4tten \u00fcber die Nacht privat unterkommen k\u00f6nnen, acht\u00a0wurden demnach von\u00a0Howoge-Mitarbeitern in einem Hotel in der N\u00e4he untergebracht.\u00a0<\/p>\n<p>            Morgenpost der Chefredaktion<\/p>\n<p>Die ersten News des Tages \u2013 direkt von der Chefredaktion. Montag bis Samstag um 6:30 Uhr.<\/p>\n<p>            <img decoding=\"async\" src=\"https:\/\/www.europesays.com\/de\/wp-content\/uploads\/2026\/02\/1770827535_128_newsletter-envelope.png\" alt=\"Newsletter Illustration\" class=\"h-full w-full max-w-full object-cover md:max-w-[226px] lg:max-w-[234px]\" loading=\"lazy\"\/><\/p>\n<p>              Morgenpost der Chefredaktion<\/p>\n<p>Die ersten News des Tages \u2013 direkt von der Chefredaktion. Montag bis Samstag um 6:30 Uhr.<\/p>\n<p>              Mit meiner Anmeldung zum Newsletter stimme ich der<br \/>\n              <a href=\"https:\/\/www.morgenpost.de\/service\/newsletter-adconsent\" class=\"text-copy-accent underline decoration-solid underline-offset-1 hover:text-primary-700\" rel=\"nofollow noopener\" target=\"_blank\">Werbevereinbarung<\/a><br \/>\n              zu.<\/p>\n<p class=\"expressive-copy-lg-body\">Die Stromversorgung in dem Hochhaus in Friedrichsfelde sei vollst\u00e4ndig gew\u00e4hrleistet, hie\u00df es weiter. Jedoch sei ein\u00a0Teil der Heizungen vorerst abgeschaltet; gleiches gelte f\u00fcr den Aufzug. Techniker arbeiteten an der Inbetriebnahme. Man setze alles daran, die Bewohnbarkeit des Hauses so schnell wie m\u00f6glich wiederherzustellen.<\/p>\n<p rel=\"author\" class=\"text-brand\">jcst mit dpa<\/p>\n","protected":false},"excerpt":{"rendered":"Es waren tragische Szenen, die sich am Mittwochabend in Lichtenberg ereigneten. Bei einem Brand in einem Mehrfamilienhaus in&hellip;\n","protected":false},"author":2,"featured_media":792862,"comment_status":"","ping_status":"","sticky":false,"template":"","format":"standard","meta":{"footnotes":"","_share_on_mastodon":"0"},"categories":[1825],"tags":[296,29,30],"class_list":["post-792861","post","type-post","status-publish","format-standard","has-post-thumbnail","category-berlin","tag-berlin","tag-deutschland","tag-germany"],"share_on_mastodon":{"url":"https:\/\/pubeurope.com\/@de\/116059952291563236","error":""},"_links":{"self":[{"href":"https:\/\/www.europesays.com\/de\/wp-json\/wp\/v2\/posts\/792861","targetHints":{"allow":["GET"]}}],"collection":[{"href":"https:\/\/www.europesays.com\/de\/wp-json\/wp\/v2\/posts"}],"about":[{"href":"https:\/\/www.europesays.com\/de\/wp-json\/wp\/v2\/types\/post"}],"author":[{"embeddable":true,"href":"https:\/\/www.europesays.com\/de\/wp-json\/wp\/v2\/users\/2"}],"replies":[{"embeddable":true,"href":"https:\/\/www.europesays.com\/de\/wp-json\/wp\/v2\/comments?post=792861"}],"version-history":[{"count":0,"href":"https:\/\/www.europesays.com\/de\/wp-json\/wp\/v2\/posts\/792861\/revisions"}],"wp:featuredmedia":[{"embeddable":true,"href":"https:\/\/www.europesays.com\/de\/wp-json\/wp\/v2\/media\/792862"}],"wp:attachment":[{"href":"https:\/\/www.europesays.com\/de\/wp-json\/wp\/v2\/media?parent=792861"}],"wp:term":[{"taxonomy":"category","embeddable":true,"href":"https:\/\/www.europesays.com\/de\/wp-json\/wp\/v2\/categories?post=792861"},{"taxonomy":"post_tag","embeddable":true,"href":"https:\/\/www.europesays.com\/de\/wp-json\/wp\/v2\/tags?post=792861"}],"curies":[{"name":"wp","href":"https:\/\/api.w.org\/{rel}","templated":true}]}}