{"id":792905,"date":"2026-02-12T22:36:52","date_gmt":"2026-02-12T22:36:52","guid":{"rendered":"https:\/\/www.europesays.com\/de\/792905\/"},"modified":"2026-02-12T22:36:52","modified_gmt":"2026-02-12T22:36:52","slug":"mannheim-hausdach-neigt-sich-schwetzinger-strasse-gesperrt-polizeiberichte-aus-rhein-neckar-odenwald","status":"publish","type":"post","link":"https:\/\/www.europesays.com\/de\/792905\/","title":{"rendered":"Mannheim: Hausdach neigt sich \u2013 Schwetzinger Stra\u00dfe gesperrt &#8211; Polizeiberichte aus Rhein-Neckar-Odenwald"},"content":{"rendered":"<p>Mannheim. (pri\/rl\/alb) Am Donnerstagmittag gegen 13.30 Uhr wurde die Feuerwehr in die Schwetzinger Stra\u00dfe alarmiert. Zudem waren\u00a0der Rettungsdienst, das THW, die Polizei und sp\u00e4ter auch Mitarbeiter der st\u00e4dtischen Baurechtsbeh\u00f6rde und ein Statiker im Einsatz. Zun\u00e4chst war von einem m\u00f6glichen Teileinsturz eines Geb\u00e4udes die Rede.<\/p>\n<p>Vor Ort stellte sich die Lage gl\u00fccklicherweise weniger dramatisch dar als zun\u00e4chst angenommen.\u00a0Der Dachbereich des Mehrfamilienhauses hatte sich auf einer L\u00e4nge von etwa vier bis sechs Metern abgesenkt. Zun\u00e4chst beurteilten die Einsatzkr\u00e4fte das Dach und sch\u00e4tzten die Einsturzgefahr ein. Die Feuerwehr konzentrierte sich auf die umgehende R\u00e4umung des Geb\u00e4udes und sperrte den Gefahrenbereich ab. Als das Dach eingesackt sei, seien gl\u00fccklicherweise nicht alle Bewohner zu Hause gewesen, sagte ein Sprecher der Brandsch\u00fctzer. Lediglich vier Personen mussten aus dem Geb\u00e4ude herausgeholt werden. Deren Betreuung \u00fcbernahmen die Kameraden ebenfalls.<\/p>\n<p>W\u00e4hrend des Einsatzes\u00a0war\u00a0die Stra\u00dfe sowohl f\u00fcr den Fahrzeugverkehr als auch\u00a0den\u00a0Stra\u00dfenbahnverkehr im betroffenen Bereich gesperrt. Es kam zu entsprechenden Verkehrsbehinderungen. Zum Zeitpunkt des Vorfalls befanden sich nicht alle Bewohner im Geb\u00e4ude, da viele berufst\u00e4tig waren.<\/p>\n<p>Insgesamt mussten vier Personen das Haus verlassen. Darunter befanden sich auch Bauarbeiter, die derzeit Renovierungsarbeiten in einer Wohnung durchf\u00fchren. Verletzt wurde nach aktuellen Erkenntnissen niemand.<\/p>\n<p>Der Notruf ging von einer aufmerksamen Nachbarin ein, die die Ver\u00e4nderung am Geb\u00e4ude bemerkte und umgehend die Einsatzkr\u00e4fte verst\u00e4ndigte.<\/p>\n<p>Gemeinsam mit der Baurechtsbeh\u00f6rde sowie einem Baufachberater des Technischen Hilfswerks (THW) wird nun gepr\u00fcft, welche weiteren Ma\u00dfnahmen erforderlich sind.\u00a0Das weitere Vorgehen lag und liegt bei der Baurechtsbeh\u00f6rde. Dieses pr\u00fcfte am Donnerstag noch, ob das Haus weiterhin bewohnbar ist und die Mieter zur\u00fcck in ihre Wohnungen k\u00f6nnen.\u00a0<\/p>\n<p><b>Update:<\/b> Donnerstag, 12. Februar 2026, 21 Uhr<\/p>\n<p><strong>Stra\u00dfe wegen Teileinsturz gesperrt<\/strong><\/p>\n<p><strong>Die Feuerwehr evakuierte alle Bewohner.<\/strong><\/p>\n<p>Mannheim. (pri\/sake) Nach ersten Informationen, wurde ein Teileinsturz eines Geb\u00e4udes in der\u00a0Schwetzinger Stra\u00dfe in Mannheim gemeldet.\u00a0<\/p>\n<p>Wie die Feuerwehr Mannheim mitteilt, konnte vor Ort ein teilweise abgesacktes Dach festgestellt werden. Das Geb\u00e4ude wurde ger\u00e4umt und die Anwesenden betreut. Baufachberater, Baurechtsbeh\u00f6rde und Statiker befinden sich bereits auf dem Weg. Die Schwetzinger Stra\u00dfe wurde aus Sicherheitsgr\u00fcnden gesperrt.<\/p>\n<p>Weitere Informationen folgen.<\/p>\n","protected":false},"excerpt":{"rendered":"Mannheim. (pri\/rl\/alb) Am Donnerstagmittag gegen 13.30 Uhr wurde die Feuerwehr in die Schwetzinger Stra\u00dfe alarmiert. Zudem waren\u00a0der Rettungsdienst,&hellip;\n","protected":false},"author":2,"featured_media":792906,"comment_status":"","ping_status":"","sticky":false,"template":"","format":"standard","meta":{"footnotes":"","_share_on_mastodon":"0"},"categories":[1845],"tags":[1634,3364,29,548,663,3934,30,13,2096,14,15,17343,12],"class_list":["post-792905","post","type-post","status-publish","format-standard","has-post-thumbnail","category-mannheim","tag-baden-wuerttemberg","tag-de","tag-deutschland","tag-eu","tag-europa","tag-europe","tag-germany","tag-headlines","tag-mannheim","tag-nachrichten","tag-news","tag-polizei-blaulicht-heidelberg-mannheim-rhein-neckar-metropolregion-sinsheim-kraichgau-neckarodenwald-odenwald-bauland-heilbronn","tag-schlagzeilen"],"share_on_mastodon":{"url":"https:\/\/pubeurope.com\/@de\/116060058043391126","error":""},"_links":{"self":[{"href":"https:\/\/www.europesays.com\/de\/wp-json\/wp\/v2\/posts\/792905","targetHints":{"allow":["GET"]}}],"collection":[{"href":"https:\/\/www.europesays.com\/de\/wp-json\/wp\/v2\/posts"}],"about":[{"href":"https:\/\/www.europesays.com\/de\/wp-json\/wp\/v2\/types\/post"}],"author":[{"embeddable":true,"href":"https:\/\/www.europesays.com\/de\/wp-json\/wp\/v2\/users\/2"}],"replies":[{"embeddable":true,"href":"https:\/\/www.europesays.com\/de\/wp-json\/wp\/v2\/comments?post=792905"}],"version-history":[{"count":0,"href":"https:\/\/www.europesays.com\/de\/wp-json\/wp\/v2\/posts\/792905\/revisions"}],"wp:featuredmedia":[{"embeddable":true,"href":"https:\/\/www.europesays.com\/de\/wp-json\/wp\/v2\/media\/792906"}],"wp:attachment":[{"href":"https:\/\/www.europesays.com\/de\/wp-json\/wp\/v2\/media?parent=792905"}],"wp:term":[{"taxonomy":"category","embeddable":true,"href":"https:\/\/www.europesays.com\/de\/wp-json\/wp\/v2\/categories?post=792905"},{"taxonomy":"post_tag","embeddable":true,"href":"https:\/\/www.europesays.com\/de\/wp-json\/wp\/v2\/tags?post=792905"}],"curies":[{"name":"wp","href":"https:\/\/api.w.org\/{rel}","templated":true}]}}