{"id":792924,"date":"2026-02-12T22:46:17","date_gmt":"2026-02-12T22:46:17","guid":{"rendered":"https:\/\/www.europesays.com\/de\/792924\/"},"modified":"2026-02-12T22:46:17","modified_gmt":"2026-02-12T22:46:17","slug":"liveticker-tv-stream-alle-infos","status":"publish","type":"post","link":"https:\/\/www.europesays.com\/de\/792924\/","title":{"rendered":"Liveticker, TV &#038; Stream \u2013 alle Infos"},"content":{"rendered":"<p class=\"Textstyled__Text-sc-1cqv9mi-0 cLyiiX\">22. Spieltag in der 2. Bundesliga: Am Sonntag, 15. Februar 2026, trifft Bochum zu Hause auf den SC Paderborn. Ansto\u00df ist um 13.30 Uhr. Verfolgen Sie die Partie hier im Liveticker.<\/p>\n<p>Weiterlesen nach der Anzeige<\/p>\n<p>Weiterlesen nach der Anzeige<\/p>\n<p>VfL Bochum \u2013 SC Paderborn 07Liveticker<\/p>\n<p>Weiterlesen nach der Anzeige<\/p>\n<p>Weiterlesen nach der Anzeige<\/p>\n<p>Ausgangslage<\/p>\n<p class=\"Textstyled__Text-sc-1cqv9mi-0 cLyiiX\">Der <b>VfL Bochum<\/b> ist seit acht Spielen ungeschlagen, lie\u00df beim 1:1 in M\u00fcnster aber die Chance verstreichen, sich weiter nach oben abzusetzen. Mit 27 Punkten rangieren die Ruhrst\u00e4dter im Tabellenmittelfeld, die Bilanz aus sieben Siegen, sechs Remis und acht Niederlagen spiegelt bislang eine wechselhafte Saison. Auff\u00e4llig ist die robuste Gangart: 72 Gelbe Karten sind ligaweiter Spitzenwert. Im Hinspiel unterlag der VfL in Paderborn sp\u00e4t mit 0:1.<\/p>\n<p class=\"Textstyled__Text-sc-1cqv9mi-0 cLyiiX\"><b>Paderborn <\/b>reist als Tabellendritter mit 39 Punkten an und untermauerte seine Ambitionen zuletzt mit einem 2:1 gegen N\u00fcrnberg. Die Ostwestfalen \u00fcberzeugten dabei mit 16 Torsch\u00fcssen und klarer Spielkontrolle, ehe sie in \u00dcberzahl kurzzeitig ins Wanken gerieten. Zw\u00f6lf Siege bei nur sechs Niederlagen dokumentieren die Konstanz des SCP, der zudem vier der letzten f\u00fcnf Duelle mit dem Club f\u00fcr sich entschied. Mit acht Treffern geh\u00f6rt Filip Bilbija zu den verl\u00e4sslichsten Offensivkr\u00e4ften \u2013 und auch in Bochum will Paderborn seine starke Saison weiter veredeln.<\/p>\n<p>\u00dcbertragung<\/p>\n<p class=\"Textstyled__Text-sc-1cqv9mi-0 cLyiiX\">Das Spiel zwischen <b>Bochum und Paderborn <\/b>l\u00e4uft im Pay-TV bei Sky. Eine Free-TV-\u00dcbertragung gibt es nicht. Zusammenfassungen sind in den Sportshows von ARD, ZDF oder Sport1 zu sehen.<\/p>\n<p>Weiterlesen nach der Anzeige<\/p>\n<p>Weiterlesen nach der Anzeige<\/p>\n<p class=\"Textstyled__Text-sc-1cqv9mi-0 cLyiiX\">Die Matchinfos und \u00dcbertragungsdetails im \u00dcberblick:<\/p>\n<ul class=\"Liststyled__UnorderedList-sc-1ck6pl2-1 iyAmNN\" data-testid=\"list\">\n<li class=\"ListItemstyled__ListItem-sc-u7ur86-0 cvVRXc\"><b>Spiel: <\/b>VfL Bochum \u2013 SC Paderborn 07<\/li>\n<li class=\"ListItemstyled__ListItem-sc-u7ur86-0 cvVRXc\"><b>Wettbewerb:<\/b> 2. Bundesliga, 22. Spieltag<\/li>\n<li class=\"ListItemstyled__ListItem-sc-u7ur86-0 cvVRXc\"><b>Ansto\u00df:<\/b> 15.2.2026, 13.30 Uhr<\/li>\n<li class=\"ListItemstyled__ListItem-sc-u7ur86-0 cvVRXc\"><b>Pay-TV: <\/b>Sky Sport Bundesliga 3 (ab 13 Uhr)<\/li>\n<li class=\"ListItemstyled__ListItem-sc-u7ur86-0 cvVRXc\"><b>Konferenz:<\/b> Sky Sport Bundesliga 1 (ab 13 Uhr)<\/li>\n<li class=\"ListItemstyled__ListItem-sc-u7ur86-0 cvVRXc\"><b>Free-TV: <\/b>&#8211;<\/li>\n<li class=\"ListItemstyled__ListItem-sc-u7ur86-0 cvVRXc\"><b>Livestream: <\/b>Wow \/ Sky-Go<\/li>\n<\/ul>\n<p>Wer zeigt die 2. Liga live?<\/p>\n<p class=\"Textstyled__Text-sc-1cqv9mi-0 kEnWSL Infoboxstyled__InfoText-sc-1l4p3ie-1 gRPsNQ\">Sky ist weiterhin die Adresse f\u00fcr Live-\u00dcbertragungen der 2. Bundesliga in Deutschland. Der Pay-TV-Sender h\u00e4lt die Rechte f\u00fcr alle Einzelspiele, Konferenzen und Relegationsspiele in der Saison 2025\/2026.<\/p>\n<p>Der aktuelle Spieltag<\/p>\n<p class=\"Textstyled__Text-sc-1cqv9mi-0 cLyiiX\"><b>Freitag, 13.02.2026<\/b><\/p>\n<p>Weiterlesen nach der Anzeige<\/p>\n<p>Weiterlesen nach der Anzeige<\/p>\n<p class=\"Textstyled__Text-sc-1cqv9mi-0 cLyiiX\"><b>Samstag, 14.02.2026<\/b><\/p>\n<p class=\"Textstyled__Text-sc-1cqv9mi-0 cLyiiX\"><b>Sonntag, 15.02.2026<\/b><\/p>\n","protected":false},"excerpt":{"rendered":"22. Spieltag in der 2. Bundesliga: Am Sonntag, 15. Februar 2026, trifft Bochum zu Hause auf den SC&hellip;\n","protected":false},"author":2,"featured_media":792925,"comment_status":"","ping_status":"","sticky":false,"template":"","format":"standard","meta":{"footnotes":"","_share_on_mastodon":"0"},"categories":[1839],"tags":[7507,3364,29,30,1209],"class_list":["post-792924","post","type-post","status-publish","format-standard","has-post-thumbnail","category-bochum","tag-bochum","tag-de","tag-deutschland","tag-germany","tag-nordrhein-westfalen"],"share_on_mastodon":{"url":"https:\/\/pubeurope.com\/@de\/116060093963710314","error":""},"_links":{"self":[{"href":"https:\/\/www.europesays.com\/de\/wp-json\/wp\/v2\/posts\/792924","targetHints":{"allow":["GET"]}}],"collection":[{"href":"https:\/\/www.europesays.com\/de\/wp-json\/wp\/v2\/posts"}],"about":[{"href":"https:\/\/www.europesays.com\/de\/wp-json\/wp\/v2\/types\/post"}],"author":[{"embeddable":true,"href":"https:\/\/www.europesays.com\/de\/wp-json\/wp\/v2\/users\/2"}],"replies":[{"embeddable":true,"href":"https:\/\/www.europesays.com\/de\/wp-json\/wp\/v2\/comments?post=792924"}],"version-history":[{"count":0,"href":"https:\/\/www.europesays.com\/de\/wp-json\/wp\/v2\/posts\/792924\/revisions"}],"wp:featuredmedia":[{"embeddable":true,"href":"https:\/\/www.europesays.com\/de\/wp-json\/wp\/v2\/media\/792925"}],"wp:attachment":[{"href":"https:\/\/www.europesays.com\/de\/wp-json\/wp\/v2\/media?parent=792924"}],"wp:term":[{"taxonomy":"category","embeddable":true,"href":"https:\/\/www.europesays.com\/de\/wp-json\/wp\/v2\/categories?post=792924"},{"taxonomy":"post_tag","embeddable":true,"href":"https:\/\/www.europesays.com\/de\/wp-json\/wp\/v2\/tags?post=792924"}],"curies":[{"name":"wp","href":"https:\/\/api.w.org\/{rel}","templated":true}]}}