{"id":792939,"date":"2026-02-12T22:55:14","date_gmt":"2026-02-12T22:55:14","guid":{"rendered":"https:\/\/www.europesays.com\/de\/792939\/"},"modified":"2026-02-12T22:55:14","modified_gmt":"2026-02-12T22:55:14","slug":"ende-einer-aera-gallup-zieht-sich-zurueck","status":"publish","type":"post","link":"https:\/\/www.europesays.com\/de\/792939\/","title":{"rendered":"Ende einer \u00c4ra \u2013 Gallup zieht sich zur\u00fcck"},"content":{"rendered":"<ol class=\"id-DonaldBreadcrumb lp_west_breadcrumb id-DonaldBreadcrumb--default\" data-k5a-pos=\"west_breadcrumb\">\n<li class=\"id-Breadcrumb-item\"><a href=\"https:\/\/www.fr.de\/\" class=\"id-Breadcrumb-link\" data-id-ec=\"{\" shn=\"\" textlink=\"\" data-k5a-pos=\"1_startseite\" rel=\"nofollow noopener\" target=\"_blank\">Startseite<\/a><\/li>\n<li class=\"id-Breadcrumb-item\"><a href=\"https:\/\/www.fr.de\/politik\/\" class=\"id-Breadcrumb-link\" data-id-ec=\"{\" shn=\"\" textlink=\"\" data-k5a-pos=\"2_politik\" rel=\"nofollow noopener\" target=\"_blank\">Politik<\/a><\/li>\n<\/ol>\n<p class=\"id-Story-timestamp id-Story-timestamp--default\">Stand: 12.02.2026, 18:49 Uhr<\/p>\n<p class=\"id-Story-authors id-Story-authors--default\">Von: <a class=\"id-Story-authors-link lp_west_author\" href=\"https:\/\/www.fr.de\/autor\/christian-stoer-fid1pjz3i.html\" title=\"Zur Autorenseite von Christian St&#xF6;r\" data-id-ec=\"{\" shn=\"\" author-link=\"\" st=\"\" data-k5a-pos=\"west_author\" rel=\"nofollow noopener\" target=\"_blank\">Christian St\u00f6r<\/a><\/p>\n<p class=\"id-Story-interactionBar id-Story-interactionBar--default\">DruckenTeilen<\/p>\n<p class=\"id-StoryElement-leadText\">Viele Umfragen sehen Donald Trump im Tief. Der US-Pr\u00e4sident reagiert mit versch\u00e4rften Angriffen. Nun kommt es zu einem historischen Einschnitt.  <\/p>\n<p class=\"id-StoryElement-paragraph\">Washington, D.C. \u2013 Die US-Wahl 2024 war f\u00fcr <a href=\"https:\/\/www.fr.de\/politik\/donald-trump-per32650\/\" class=\"id-import-Link\" title=\"Donald Trump\" data-id-ec=\"{&quot;sht&quot;:&quot;Container&quot;,&quot;shn&quot;:&quot;Story&quot;,&quot;p&quot;:{&quot;containerType&quot;:&quot;Paragraph&quot;,&quot;displayType&quot;:&quot;Paragraph InlineLink&quot;,&quot;type&quot;:&quot;INLINE_LINK&quot;,&quot;value&quot;:&quot;Donald Trump&quot;,&quot;variant&quot;:&quot;standardLink&quot;,&quot;sponsored&quot;:false,&quot;linkHref&quot;:&quot;https:\/\/www.fr.de\/politik\/donald-trump-per32650\/&quot;,&quot;storyElementPosition&quot;:8,&quot;storyElementCount&quot;:23}}\" rel=\"nofollow noopener\" target=\"_blank\">Donald Trump<\/a> ein Triumph. Etwas mehr als 77 Millionen Menschen in den USA gaben damals ihre Stimme f\u00fcr den Republikaner ab. Damit lag er vor seiner Gegenspielerin <a href=\"https:\/\/www.fr.de\/politik\/kamala-harris-per36745\/\" class=\"id-import-Link\" title=\"Kamala Harris\" data-id-ec=\"{&quot;sht&quot;:&quot;Container&quot;,&quot;shn&quot;:&quot;Story&quot;,&quot;p&quot;:{&quot;containerType&quot;:&quot;Paragraph&quot;,&quot;displayType&quot;:&quot;Paragraph InlineLink&quot;,&quot;type&quot;:&quot;INLINE_LINK&quot;,&quot;value&quot;:&quot;Kamala Harris&quot;,&quot;variant&quot;:&quot;standardLink&quot;,&quot;sponsored&quot;:false,&quot;linkHref&quot;:&quot;https:\/\/www.fr.de\/politik\/kamala-harris-per36745\/&quot;,&quot;storyElementPosition&quot;:8,&quot;storyElementCount&quot;:23}}\" rel=\"nofollow noopener\" target=\"_blank\">Kamala Harris<\/a>, die kurzfristig f\u00fcr den damaligen Pr\u00e4sidenten <a href=\"https:\/\/www.fr.de\/politik\/joe-biden-per36006\/\" class=\"id-import-Link\" title=\"Joe Biden\" data-id-ec=\"{&quot;sht&quot;:&quot;Container&quot;,&quot;shn&quot;:&quot;Story&quot;,&quot;p&quot;:{&quot;containerType&quot;:&quot;Paragraph&quot;,&quot;displayType&quot;:&quot;Paragraph InlineLink&quot;,&quot;type&quot;:&quot;INLINE_LINK&quot;,&quot;value&quot;:&quot;Joe Biden&quot;,&quot;variant&quot;:&quot;standardLink&quot;,&quot;sponsored&quot;:false,&quot;linkHref&quot;:&quot;https:\/\/www.fr.de\/politik\/joe-biden-per36006\/&quot;,&quot;storyElementPosition&quot;:8,&quot;storyElementCount&quot;:23}}\" rel=\"nofollow noopener\" target=\"_blank\">Joe Biden<\/a> eingesprungen war, der wenige Monate vor dem Urnengang auf eine eigene Kandidatur verzichtet hatte. Damit war Trump zum zweiten Mal zum US-Pr\u00e4sidenten gew\u00e4hlt worden.<\/p>\n<p><img decoding=\"async\" class=\"id-RatioPlaceholder-element wv_story_el_image\" src=\"https:\/\/www.europesays.com\/de\/wp-content\/uploads\/2026\/02\/41476003-donald-trump-trifft-am-11-februar-2026-im-weissen-haus-in-washington-zu-einer-rede-bei-eine.jpeg\" loading=\"lazy\"   height=\"733\" width=\"1100\" alt=\"Donald Trump trifft am 11. Februar 2026 im Wei&#xDF;en Haus in Washington, D.C., zu einer Rede bei einer Veranstaltung mit dem Titel &#x201E;Champion der Kohle&#x201C; ein.\"\/>Schlechte Umfragen sind f\u00fcr Trump ein Grund, Medien zu verklagen. Nun stellt das Traditionshaus Gallup seine Umfragen zu den Zustimmungswerten des US-Pr\u00e4sidenten ein. \u00a9\u00a0Saul Loeb\/AFP<\/p>\n<p class=\"id-StoryElement-paragraph\">Nun sitzt Trump seit etwas mehr als einem Jahr wieder im Wei\u00dfen Haus. Das bedeutet zugleich, dass in Umfragen gemessen wird, wie seine Arbeit im Volk ankommt. Das ist in den USA seit der Amtszeit von Franklin D. Roosevelt \u00fcblich. Die erste Erhebung erfolgte einst durch\u00a0George Gallup. Der Pionier der Markt- und Meinungsforschung verwendete als Erster die\u00a0Wahrscheinlichkeitstheorie, um auf wissenschaftlicher Basis repr\u00e4sentative\u00a0Umfragen\u00a0zu erstellen.<\/p>\n<p>Keine Umfragen mehr zu Trump: Gallup stellt Erfassung der Zustimmungswerte des Pr\u00e4sidenten ein<\/p>\n<p class=\"id-StoryElement-paragraph\">Seither hat das von Gallup gegr\u00fcndete Institut regelm\u00e4\u00dfig neue Umfragen zur Beliebtheit des US-Pr\u00e4sidenten ver\u00f6ffentlicht (Approval Rating). Doch damit ist es nun vorbei. Am Mittwoch (11. Februar) gab das Unternehmen bekannt, dass es die Messung der Zustimmungswerte einzelner politischer Pers\u00f6nlichkeiten einstellen werde. Man wolle sich k\u00fcnftig st\u00e4rker auf Themen- und Politikumfragen konzentrieren, die \u201ebedeutsame Ver\u00e4nderungen vorantreiben\u201c, erkl\u00e4rte Gallup-Sprecher Justin McCarthy gegen\u00fcber mehreren US-Medien.<\/p>\n<p class=\"id-StoryElement-paragraph\">Die Entscheidung f\u00e4llt in eine Phase, in der Trump seine Angriffe auf die Presse weiter versch\u00e4rft hat. So hat er zum Beispiel die angesehene Meinungsforscherin J. Ann Selzer und die Zeitung The Des Moines Register <a href=\"https:\/\/www.fr.de\/politik\/donald-trump-verklagt-meinungsforscherin-us-wahl-umfrage-republikaner-kamala-harris-zr-93474965.html\" class=\"id-import-Link\" data-id-ec=\"{&quot;sht&quot;:&quot;Container&quot;,&quot;shn&quot;:&quot;Story&quot;,&quot;p&quot;:{&quot;containerType&quot;:&quot;Paragraph&quot;,&quot;displayType&quot;:&quot;Paragraph InlineLink&quot;,&quot;type&quot;:&quot;INLINE_LINK&quot;,&quot;value&quot;:&quot;wegen &#x201E;Wahlmanipulation&#x201C; verklagt&quot;,&quot;variant&quot;:&quot;standardLink&quot;,&quot;sponsored&quot;:false,&quot;linkHref&quot;:&quot;https:\/\/www.fr.de\/politik\/donald-trump-verklagt-meinungsforscherin-us-wahl-umfrage-republikaner-kamala-harris-zr-93474965.html&quot;,&quot;storyElementPosition&quot;:15,&quot;storyElementCount&quot;:23}}\" rel=\"nofollow noopener\" target=\"_blank\">wegen \u201eWahlmanipulation\u201c verklagt<\/a>. Hintergrund ist eine Umfrage, die Kamala Harris kurz vor der US-Wahl 2024 in Iowa vor Trump gesehen hatte. Selzer t\u00e4uschte sich damals. Am Ende gewann Trump den Bundesstaat mit 13 Prozentpunkten Vorsprung.<\/p>\n<p class=\"id-StoryElement-paragraph\">Ein anderes Beispiel stammt aus dem Januar: Nachdem die New York Times eine f\u00fcr den US-Pr\u00e4sidenten negative Umfrage ver\u00f6ffentlicht hatte,\u00a0<a href=\"https:\/\/www.fr.de\/politik\/umfrage-sorgt-fuer-wirbel-trump-verklagt-new-york-times-zr-94139267.html\" class=\"id-import-Link\" data-id-ec=\"{&quot;sht&quot;:&quot;Container&quot;,&quot;shn&quot;:&quot;Story&quot;,&quot;p&quot;:{&quot;containerType&quot;:&quot;Paragraph&quot;,&quot;displayType&quot;:&quot;Paragraph InlineLink&quot;,&quot;type&quot;:&quot;INLINE_LINK&quot;,&quot;value&quot;:&quot;drohte Trump der Zeitung mit versch&#xE4;rften juristischen Schritten&quot;,&quot;variant&quot;:&quot;standardLink&quot;,&quot;sponsored&quot;:false,&quot;linkHref&quot;:&quot;https:\/\/www.fr.de\/politik\/umfrage-sorgt-fuer-wirbel-trump-verklagt-new-york-times-zr-94139267.html&quot;,&quot;storyElementPosition&quot;:17,&quot;storyElementCount&quot;:23}}\" rel=\"nofollow noopener\" target=\"_blank\">drohte Trump der Zeitung mit versch\u00e4rften juristischen Schritten<\/a>. Die\u00a0Umfrage\u00a0werde in seine laufende Klage gegen das Blatt aufgenommen, schrieb\u00a0Trump\u00a0in einem Beitrag auf Truth Social. Der Pr\u00e4sident verlangte \u00fcberdies, \u201egef\u00e4lschte und betr\u00fcgerische Meinungsumfragen\u201c zur \u201eStraftat\u201c zu erkl\u00e4ren. Trump\u00a0hatte die Tageszeitung im September wegen kritischer Artikel und eines missliebigen Buchs auf Schadenersatz in H\u00f6he von 15 Milliarden US-Dollar (rund 12,8 Milliarden Euro) verklagt.<\/p>\n<p>\u201eApproval Rating\u201c von US-Pr\u00e4sidenten: Gallup-Umfragen zu Trump, Biden, Obama, Bush, Clinton<\/p>\n<tr class=\"id-StoryElement-table-row\">\n<td class=\"id-StoryElement-table-cell\">Pr\u00e4sident (Amtszeit)<\/td>\n<td class=\"id-StoryElement-table-cell\">H\u00f6chster Wert<\/td>\n<td class=\"id-StoryElement-table-cell\">Niedrigster Wert<\/td>\n<\/tr>\n<tr class=\"id-StoryElement-table-row\">\n<td class=\"id-StoryElement-table-cell\">Donald Trump (seit 2025)<\/td>\n<td class=\"id-StoryElement-table-cell\">47 %<\/td>\n<td class=\"id-StoryElement-table-cell\">36 %<\/td>\n<\/tr>\n<tr class=\"id-StoryElement-table-row\">\n<td class=\"id-StoryElement-table-cell\">Joe Biden (2021 bis 2025)<\/td>\n<td class=\"id-StoryElement-table-cell\">57 %<\/td>\n<td class=\"id-StoryElement-table-cell\">36 %<\/td>\n<\/tr>\n<tr class=\"id-StoryElement-table-row\">\n<td class=\"id-StoryElement-table-cell\">Donald Trump (2017 bis 2021)<\/td>\n<td class=\"id-StoryElement-table-cell\">49 %<\/td>\n<td class=\"id-StoryElement-table-cell\">34 %<\/td>\n<\/tr>\n<tr class=\"id-StoryElement-table-row\">\n<td class=\"id-StoryElement-table-cell\">Barack Obama (2009 bis 2017)<\/td>\n<td class=\"id-StoryElement-table-cell\">69 %<\/td>\n<td class=\"id-StoryElement-table-cell\">38 %<\/td>\n<\/tr>\n<tr class=\"id-StoryElement-table-row\">\n<td class=\"id-StoryElement-table-cell\">Geoirge W. Bush (2001 bis 2009)<\/td>\n<td class=\"id-StoryElement-table-cell\">90 %<\/td>\n<td class=\"id-StoryElement-table-cell\">25 %<\/td>\n<\/tr>\n<tr class=\"id-StoryElement-table-row\">\n<td class=\"id-StoryElement-table-cell\">Bill Clinton (1993 bis 2001)<\/td>\n<td class=\"id-StoryElement-table-cell\">73 %<\/td>\n<td class=\"id-StoryElement-table-cell\">37 %<\/td>\n<\/tr>\n<p class=\"id-StoryElement-paragraph\">(<a href=\"https:\/\/news.gallup.com\/poll\/116677\/Presidential-Approval-Ratings-Gallup-Historical-Statistics-Trends.aspx\" rel=\"nofollow noopener\" target=\"_blank\" class=\"id-import-Link id-pageApi-Link--externalDomain\" data-id-ec=\"{&quot;sht&quot;:&quot;Container&quot;,&quot;shn&quot;:&quot;Story&quot;,&quot;p&quot;:{&quot;containerType&quot;:&quot;Paragraph&quot;,&quot;displayType&quot;:&quot;Paragraph InlineLink&quot;,&quot;type&quot;:&quot;INLINE_LINK&quot;,&quot;value&quot;:&quot;Presidential Approval Ratings &#x2014; Gallup Historical Statistics and Trends&quot;,&quot;variant&quot;:&quot;standardLink&quot;,&quot;sponsored&quot;:false,&quot;linkHref&quot;:&quot;https:\/\/news.gallup.com\/poll\/116677\/Presidential-Approval-Ratings-Gallup-Historical-Statistics-Trends.aspx&quot;,&quot;storyElementPosition&quot;:21,&quot;storyElementCount&quot;:23}}\">Presidential Approval Ratings \u2014 Gallup Historical Statistics and Trends<\/a>)<\/p>\n<p>MAGA-Basis st\u00e4rkt Trump in Umfragen den R\u00fccken<\/p>\n<p class=\"id-StoryElement-paragraph\">Die letzte Gallup-Umfrage im Dezember 2025 hatte Trumps Zustimmungswert bei 36 Prozent gesehen \u2013 einem seiner niedrigsten Werte als Pr\u00e4sident. Seine zweite Amtszeit hatte er mit einem Approval Rating von 47 Prozent begonnen. <strong>Zum Vergleich<\/strong>: Den bisher h\u00f6chsten Wert in einer Gallup-Umfrage hat George W. Bush\u00a0kurz nach\u00a0den\u00a0Terroranschl\u00e4gen vom 11. September 2001\u00a0erreicht (90 Prozent). Den Negativrekord h\u00e4lt Harry S. Truman, der im Februar 1952 bei 22 Prozent lag.\u00a0Davon ist Trump auch jetzt noch weit entfernt. Das hat vor allem mit der MAGA-Basis zu tun, die noch immer fast geschlossen hinter ihm steht. (Quellen: Gallup, NY Times, The Hill, The Guardian) (cs)<\/p>\n","protected":false},"excerpt":{"rendered":"Startseite Politik Stand: 12.02.2026, 18:49 Uhr Von: Christian St\u00f6r DruckenTeilen Viele Umfragen sehen Donald Trump im Tief. Der&hellip;\n","protected":false},"author":2,"featured_media":792940,"comment_status":"","ping_status":"","sticky":false,"template":"","format":"standard","meta":{"footnotes":"","_share_on_mastodon":"0"},"categories":[5],"tags":[331,332,3364,29,30,13,14,15,12],"class_list":["post-792939","post","type-post","status-publish","format-standard","has-post-thumbnail","category-nachrichten","tag-aktuelle-nachrichten","tag-aktuelle-news","tag-de","tag-deutschland","tag-germany","tag-headlines","tag-nachrichten","tag-news","tag-schlagzeilen"],"share_on_mastodon":{"url":"https:\/\/pubeurope.com\/@de\/116060128881520987","error":""},"_links":{"self":[{"href":"https:\/\/www.europesays.com\/de\/wp-json\/wp\/v2\/posts\/792939","targetHints":{"allow":["GET"]}}],"collection":[{"href":"https:\/\/www.europesays.com\/de\/wp-json\/wp\/v2\/posts"}],"about":[{"href":"https:\/\/www.europesays.com\/de\/wp-json\/wp\/v2\/types\/post"}],"author":[{"embeddable":true,"href":"https:\/\/www.europesays.com\/de\/wp-json\/wp\/v2\/users\/2"}],"replies":[{"embeddable":true,"href":"https:\/\/www.europesays.com\/de\/wp-json\/wp\/v2\/comments?post=792939"}],"version-history":[{"count":0,"href":"https:\/\/www.europesays.com\/de\/wp-json\/wp\/v2\/posts\/792939\/revisions"}],"wp:featuredmedia":[{"embeddable":true,"href":"https:\/\/www.europesays.com\/de\/wp-json\/wp\/v2\/media\/792940"}],"wp:attachment":[{"href":"https:\/\/www.europesays.com\/de\/wp-json\/wp\/v2\/media?parent=792939"}],"wp:term":[{"taxonomy":"category","embeddable":true,"href":"https:\/\/www.europesays.com\/de\/wp-json\/wp\/v2\/categories?post=792939"},{"taxonomy":"post_tag","embeddable":true,"href":"https:\/\/www.europesays.com\/de\/wp-json\/wp\/v2\/tags?post=792939"}],"curies":[{"name":"wp","href":"https:\/\/api.w.org\/{rel}","templated":true}]}}