{"id":792941,"date":"2026-02-12T22:56:30","date_gmt":"2026-02-12T22:56:30","guid":{"rendered":"https:\/\/www.europesays.com\/de\/792941\/"},"modified":"2026-02-12T22:56:30","modified_gmt":"2026-02-12T22:56:30","slug":"ein-letzter-dienst-an-fussball-deutschland","status":"publish","type":"post","link":"https:\/\/www.europesays.com\/de\/792941\/","title":{"rendered":"Ein letzter Dienst an Fu\u00dfball-Deutschland"},"content":{"rendered":"<p>Deutlich wie nie zuvor hat Manuel Neuer am Mittwochabend klargemacht, dass er nicht ins Tor des DFB-Teams zur\u00fcckkehren will. Seinen Entschluss so deutlich zu formulieren, hilft allen Seiten.<\/p>\n<p>Nach <a href=\"https:\/\/www.sport1.de\/news\/fussball\/dfb-pokal\/2026\/02\/fc-bayern-halbfinale-kane-und-diaz-beenden-pokal-durststrecke\" target=\"_self\" rel=\"nofollow noopener\" title=\"https:\/\/www.sport1.de\/news\/fussball\/dfb-pokal\/2026\/02\/fc-bayern-halbfinale-kane-und-diaz-beenden-pokal-durststrecke\">der Pokalpartie gegen RB Leipzig<\/a> ploppte das Thema dann irgendwie doch noch einmal auf: Soll Manuel Neuer wirklich wieder f\u00fcr die DFB-Elf zwischen die Pfosten und auch bei der anstehenden WM im Tor stehen?<\/p>\n<p>Bayern-Pr\u00e4sident Herbert Hainer beantwortete diese Frage f\u00fcr sich mit \u201eJa\u201c, <a href=\"https:\/\/www.sport1.de\/news\/fussball\/dfb-team\/2026\/02\/manuel-neuer-mit-unmissverstandlicher-ansage-zu-wm-und-oliver-baumann\" target=\"_self\" rel=\"nofollow noopener\" title=\"https:\/\/www.sport1.de\/news\/fussball\/dfb-team\/2026\/02\/manuel-neuer-mit-unmissverstandlicher-ansage-zu-wm-und-oliver-baumann\">doch der Keeper selbst fing die Angelegenheit schnell wieder ein<\/a>. \u201eDas sind nat\u00fcrlich sch\u00f6ne Worte, aber gerade er (Hainer \u2013 Anm. d. Red.) kennt ja meine Entscheidung und deshalb schmunzle ich da ein bisschen dr\u00fcber\u201c, sagte der 39-J\u00e4hrige.<\/p>\n<p>Zudem st\u00e4rkte er Oliver Baumann demonstrativ den R\u00fccken. \u201eEr ist jetzt die Nummer 1 und macht seinen Job sehr gut\u201c, lobte Neuer den Keeper der TSG Hoffenheim auf <b>SPORT1<\/b>-Nachfrage und erkl\u00e4rte weiter: \u201eGrunds\u00e4tzlich ist es so, dass er sehr gute Leistungen zeigt. Ich dr\u00fccke ihm nat\u00fcrlich die Daumen und w\u00fcnsche ihm nur das Beste.\u201c<\/p>\n<p>Neuers \u201eletzter gro\u00dfer Dienst\u201c f\u00fcr Deutschland<\/p>\n<p>Es sind genau diese Aussagen &#8211; <a href=\"https:\/\/www.sport1.de\/news\/fussball\/dfb-team\/2026\/02\/nagelsmann-halt-tur-fur-ter-stegen-offen-kein-neuer-comeback\" target=\"_self\" rel=\"nofollow noopener\" title=\"https:\/\/www.sport1.de\/news\/fussball\/dfb-team\/2026\/02\/nagelsmann-halt-tur-fur-ter-stegen-offen-kein-neuer-comeback\">die auch von Julian Nagelsmann am Donnerstagabend erneut aufgegriffen wurden<\/a> -, die Fu\u00dfball-Deutschland gebraucht hat. So sieht es zumindest <b>SPORT1<\/b>-Chefreporter Stefan Kumberger in der aktuellen Folge des Podcasts \u201eDie Bayern-Woche\u201c. <\/p>\n<p>\u201eNeuer hat jetzt den Weg gefunden, klar Kante zu zeigen. Das finde ich gut, weil es zwei Ebenen hat. Er sorgt f\u00fcr Klarheit und gleichzeitig st\u00e4rkt er Baumann, bei dem ja immer in Zweifel gezogen wird, ob er die Klasse f\u00fcr die Nummer 1 bei einer WM hat\u201c, sagt der Insider. Diese R\u00fcckdeckung sei ein Ritterschlag und werde einige Diskussionen endlich beenden.<\/p>\n<p>Kumberger weiter: \u201eEs ist ein letzter gro\u00dfer Dienst, den Neuer hier dem deutschen Fu\u00dfball erweist.\u201c Schlie\u00dflich seien Diskussionen nie gut f\u00fcr den sportlichen Erfolg, jetzt habe Baumann aber die R\u00fcckendeckung von Bundestrainer Julian Nagelsmann und der lebenden Legende Neuer. Zudem habe beim DFB ohnehin nie ernsthaft die \u00dcberlegung bestanden, den Weltmeister von 2014 zur\u00fcckzuholen.<\/p>\n<p>Nagelsmann lobt Baumann<\/p>\n<p>Nagelsmann betonte am Donnerstag am Rande <a href=\"https:\/\/www.sport1.de\/news\/fussball\/uefa-nations-league\/2026\/02\/nations-league-auslosung-heute-live-im-tv-stream-ticker-deutschland-drohen-kracher\" target=\"_self\" rel=\"nofollow noopener\" title=\"https:\/\/www.sport1.de\/news\/fussball\/uefa-nations-league\/2026\/02\/nations-league-auslosung-heute-live-im-tv-stream-ticker-deutschland-drohen-kracher\">der Auslosung der Nations League<\/a> den Fakt, <a href=\"https:\/\/www.sport1.de\/news\/fussball\/dfb-team\/2026\/02\/nagelsmann-halt-tur-fur-ter-stegen-offen-kein-neuer-comeback\" target=\"_self\" rel=\"nofollow noopener\" title=\"https:\/\/www.sport1.de\/news\/fussball\/dfb-team\/2026\/02\/nagelsmann-halt-tur-fur-ter-stegen-offen-kein-neuer-comeback\">dass \u201eManu zur\u00fcckgetreten ist und noch einmal gesagt hat, dass sich an der Entscheidung nichts \u00e4ndern wird\u201c.<\/a> Zudem sagte der Bundestrainer, dass Baumann sowohl bei der TSG als auch beim DFB \u201eherausragend gut\u201c spiele.<\/p>\n<p>Die ganze Diskussion sowie alles zu den anderen aktuellen Brennpunkt-Themen rund um den Rekordmeister h\u00f6ren Sie in der neuen Ausgabe des <b>SPORT1<\/b>-Podcasts \u201eDie Bayern-Woche\u201c mit Moderatorin Madeleine Etti und Chefreporter Stefan Kumberger.<\/p>\n<p>\u00dcbrigens: Sie k\u00f6nnen mit unserem \u201eBawofon\u201c aktiv an der Bayern-Woche teilnehmen! Schicken Sie uns per WhatsApp Ihre Sprachnachricht mit Fragen, Meinungen, Lob, Kritik und Anregungen an 0151 \u2013 21 63 72 41. Die interessantesten Beitr\u00e4ge werden dann Teil der Sendung. Alle Infos dazu im Podcast.<\/p>\n<p><img decoding=\"async\" loading=\"lazy\" src=\"https:\/\/www.europesays.com\/de\/wp-content\/uploads\/2025\/04\/0x0.jpeg\" width=\"100%\" class=\"sc-dicizt jQYCsh\"\/>Wenn du hier klickst, siehst du Spotify-Inhalte und willigst ein, dass deine Daten zu den in der Datenschutzerkl\u00e4rung von Spotify dargestellten Zwecken verarbeitet werden. SPORT1 hat keinen Einfluss auf diese Datenverarbeitung. Du hast auch die M\u00f6glichkeit alle Social Widgets zu aktivieren. Hinweise zum Widerruf findest du hier.<\/p>\n","protected":false},"excerpt":{"rendered":"Deutlich wie nie zuvor hat Manuel Neuer am Mittwochabend klargemacht, dass er nicht ins Tor des DFB-Teams zur\u00fcckkehren&hellip;\n","protected":false},"author":2,"featured_media":792942,"comment_status":"","ping_status":"","sticky":false,"template":"","format":"standard","meta":{"footnotes":"","_share_on_mastodon":"0"},"categories":[2],"tags":[331,3924,332,3922,3364,29,30,13,14,3923,15,3921,12],"class_list":["post-792941","post","type-post","status-publish","format-standard","has-post-thumbnail","category-deutschland","tag-aktuelle-nachrichten","tag-aktuelle-nachrichten-aus-deutschland","tag-aktuelle-news","tag-aktuelle-news-aus-deutschland","tag-de","tag-deutschland","tag-germany","tag-headlines","tag-nachrichten","tag-nachrichten-aus-deutschland","tag-news","tag-news-aus-deutschland","tag-schlagzeilen"],"share_on_mastodon":{"url":"https:\/\/pubeurope.com\/@de\/116060132951604317","error":""},"_links":{"self":[{"href":"https:\/\/www.europesays.com\/de\/wp-json\/wp\/v2\/posts\/792941","targetHints":{"allow":["GET"]}}],"collection":[{"href":"https:\/\/www.europesays.com\/de\/wp-json\/wp\/v2\/posts"}],"about":[{"href":"https:\/\/www.europesays.com\/de\/wp-json\/wp\/v2\/types\/post"}],"author":[{"embeddable":true,"href":"https:\/\/www.europesays.com\/de\/wp-json\/wp\/v2\/users\/2"}],"replies":[{"embeddable":true,"href":"https:\/\/www.europesays.com\/de\/wp-json\/wp\/v2\/comments?post=792941"}],"version-history":[{"count":0,"href":"https:\/\/www.europesays.com\/de\/wp-json\/wp\/v2\/posts\/792941\/revisions"}],"wp:featuredmedia":[{"embeddable":true,"href":"https:\/\/www.europesays.com\/de\/wp-json\/wp\/v2\/media\/792942"}],"wp:attachment":[{"href":"https:\/\/www.europesays.com\/de\/wp-json\/wp\/v2\/media?parent=792941"}],"wp:term":[{"taxonomy":"category","embeddable":true,"href":"https:\/\/www.europesays.com\/de\/wp-json\/wp\/v2\/categories?post=792941"},{"taxonomy":"post_tag","embeddable":true,"href":"https:\/\/www.europesays.com\/de\/wp-json\/wp\/v2\/tags?post=792941"}],"curies":[{"name":"wp","href":"https:\/\/api.w.org\/{rel}","templated":true}]}}