{"id":792944,"date":"2026-02-12T22:58:22","date_gmt":"2026-02-12T22:58:22","guid":{"rendered":"https:\/\/www.europesays.com\/de\/792944\/"},"modified":"2026-02-12T22:58:22","modified_gmt":"2026-02-12T22:58:22","slug":"kinderpsychiater-michael-winterhoff-anklage-fordert-verurteilung","status":"publish","type":"post","link":"https:\/\/www.europesays.com\/de\/792944\/","title":{"rendered":"Kinderpsychiater Michael Winterhoff: Anklage fordert Verurteilung"},"content":{"rendered":"<p>          Pl\u00e4doyer im Fall Winterhoff        Verurteilung wegen gef\u00e4hrlicher K\u00f6rperverletzung in allen F\u00e4llen gefordert<\/p>\n<p class=\"text-50 desktop:text-70 park-container-small px-6 mb-10 desktop:mb-14\">Bonn \u00b7 <strong data-cy=\"intro\" data-readtime-content=\"\">In einem beeindruckenden Pl\u00e4doyer legt die Staatsanwaltschaft Bonn dar, welche Strafe sie f\u00fcr den angeklagten Bonner Kinderpsychiater Michael Winterhoff fordert. Ein Sitzungstag reichte daf\u00fcr nicht aus, der Schlussvortrag wird fortgesetzt. Doch schon jetzt ist klar: Ein Einlenken ist von der Anklage nicht zu erwarten.<\/strong><\/p>\n<p>                <img class=\"absolute inset-0 w-full h-full object-cover aspect-[16\/10] opacity-0 transition-opacity animated\" onload=\"this.style.opacity = '1';\" src=\"https:\/\/www.europesays.com\/de\/wp-content\/uploads\/2026\/02\/w2100_h1313_x1796_y1004_ga_Prozessbeginn_Winterhoff--24-395b916f8235a28f.jpg\"  alt=\" Kinderpsychiater Michael Winterhoff muss sich vor dem Landgericht Bonn verantworten.  \" fetchpriority=\"high\" decoding=\"async\" data-park-image-img=\"\"\/><\/p>\n","protected":false},"excerpt":{"rendered":"Pl\u00e4doyer im Fall Winterhoff Verurteilung wegen gef\u00e4hrlicher K\u00f6rperverletzung in allen F\u00e4llen gefordert Bonn \u00b7 In einem beeindruckenden Pl\u00e4doyer&hellip;\n","protected":false},"author":2,"featured_media":792945,"comment_status":"","ping_status":"","sticky":false,"template":"","format":"standard","meta":{"footnotes":"","_share_on_mastodon":"0"},"categories":[1842],"tags":[1741,3364,29,30,1209],"class_list":["post-792944","post","type-post","status-publish","format-standard","has-post-thumbnail","category-bonn","tag-bonn","tag-de","tag-deutschland","tag-germany","tag-nordrhein-westfalen"],"share_on_mastodon":{"url":"https:\/\/pubeurope.com\/@de\/116060140615454907","error":""},"_links":{"self":[{"href":"https:\/\/www.europesays.com\/de\/wp-json\/wp\/v2\/posts\/792944","targetHints":{"allow":["GET"]}}],"collection":[{"href":"https:\/\/www.europesays.com\/de\/wp-json\/wp\/v2\/posts"}],"about":[{"href":"https:\/\/www.europesays.com\/de\/wp-json\/wp\/v2\/types\/post"}],"author":[{"embeddable":true,"href":"https:\/\/www.europesays.com\/de\/wp-json\/wp\/v2\/users\/2"}],"replies":[{"embeddable":true,"href":"https:\/\/www.europesays.com\/de\/wp-json\/wp\/v2\/comments?post=792944"}],"version-history":[{"count":0,"href":"https:\/\/www.europesays.com\/de\/wp-json\/wp\/v2\/posts\/792944\/revisions"}],"wp:featuredmedia":[{"embeddable":true,"href":"https:\/\/www.europesays.com\/de\/wp-json\/wp\/v2\/media\/792945"}],"wp:attachment":[{"href":"https:\/\/www.europesays.com\/de\/wp-json\/wp\/v2\/media?parent=792944"}],"wp:term":[{"taxonomy":"category","embeddable":true,"href":"https:\/\/www.europesays.com\/de\/wp-json\/wp\/v2\/categories?post=792944"},{"taxonomy":"post_tag","embeddable":true,"href":"https:\/\/www.europesays.com\/de\/wp-json\/wp\/v2\/tags?post=792944"}],"curies":[{"name":"wp","href":"https:\/\/api.w.org\/{rel}","templated":true}]}}