{"id":792946,"date":"2026-02-12T22:59:22","date_gmt":"2026-02-12T22:59:22","guid":{"rendered":"https:\/\/www.europesays.com\/de\/792946\/"},"modified":"2026-02-12T22:59:22","modified_gmt":"2026-02-12T22:59:22","slug":"evaco-zeigt-beim-acv-in-koeln-ki-automatisiert-esg-und-meldepflichten-pruefbar","status":"publish","type":"post","link":"https:\/\/www.europesays.com\/de\/792946\/","title":{"rendered":"EVACO zeigt beim ACV in K\u00f6ln: KI automatisiert ESG- und Meldepflichten pr\u00fcfbar"},"content":{"rendered":"<p><b>EVACO hat beim Treffen des Unternehmensnetzwerks der Stiftung Allianz f\u00fcr Entwicklung und Klima beim ACV Automobil Club Verkehr in K\u00f6ln gezeigt, wie Unternehmen Nachhaltigkeitsberichterstattung (ESG) sowie weitere gesetzliche Berichts- und Nachweispflichten mit K\u00fcnstlicher Intelligenz und Business Analytics effizienter, konsistenter und pr\u00fcfbar erstellen k\u00f6nnen. Grundlage ist die Integration verteilter Datenquellen und die automatisierte Erstellung quellenbasierter Berichtsentw\u00fcrfe.<\/b><\/p>\n<p>Auf Einladung der Stiftung Allianz f\u00fcr Entwicklung und Klima stand das Netzwerktreffen im Zeichen praxisnaher Ans\u00e4tze f\u00fcr Klimaverantwortung und Nachhaltigkeitsmanagement. Ein Schwerpunkt der Veranstaltung war die Frage, wie Unternehmen gesetzliche Meldepflichten effizient, nachvollziehbar und konsistent umsetzen k\u00f6nnen.<\/p>\n<p><b>Gastgeber ACV: Nachhaltigkeitsstrategie in der Praxis<\/b><\/p>\n<p>Nach der Begr\u00fc\u00dfung durch Dr. Olivia Henke, Vorst\u00e4ndin der Stiftung Allianz f\u00fcr Entwicklung und Klima, und Holger K\u00fcster, Gesch\u00e4ftsf\u00fchrer des ACV, stellte Peter Renner, Vorstandsvorsitzender der Stiftung, das Format des Netzwerks vor. Ziel ist der Austausch auf Augenh\u00f6he, damit Unternehmen voneinander lernen, Erfahrungen teilen und L\u00f6sungsans\u00e4tze gemeinsam weiterentwickeln.<\/p>\n<p>Der ACV gab Einblicke in seine nachhaltige Ausrichtung unter sozialen, wirtschaftlichen und \u00f6kologischen Gesichtspunkten sowie deren Umsetzung in der Praxis. Presse-Chef Peter Berson berichtete \u00fcber die Nachhaltigkeitsreise des Automobilclubs und konkrete Ma\u00dfnahmen im Zusammenhang mit dem SDGold-Siegel, mit dem der ACV als eines der ersten Unternehmen Deutschlands ausgezeichnet wurde.<\/p>\n<p><b>EVACO-Impuls: Datenintegration als Schl\u00fcssel f\u00fcr Effizienz und Pr\u00fcfbarkeit<\/b><\/p>\n<p>Kevin Gr\u00fcndker und Stefan Mauer von EVACO zeigten anschlie\u00dfend, wie K\u00fcnstliche Intelligenz und Business Analytics die Berichtserstellung sp\u00fcrbar entlasten k\u00f6nnen. Im Mittelpunkt stand der wichtigste Hebel f\u00fcr Effizienz und Pr\u00fcfbarkeit: Datenintegration.<\/p>\n<p>ESG-relevante Informationen liegen in Unternehmen h\u00e4ufig verteilt vor \u2013 beispielsweise in Richtlinien, Lieferantenerkl\u00e4rungen, Energie- und HR-Reports, Kennzahlensystemen sowie externen regulatorischen Vorgaben. Moderne Analytics- und KI-Ans\u00e4tze erm\u00f6glichen, diese Quellen strukturiert zusammenzuf\u00fchren und daraus automatisiert Textvorschl\u00e4ge f\u00fcr Berichte zu erstellen.<\/p>\n<p>\u201eViele Inhalte in Nachhaltigkeitsberichten sind wiederkehrend. Wenn Datenquellen sauber integriert sind, lassen sich Berichte im n\u00e4chsten Zyklus deutlich schneller erstellen und gleichzeitig nachvollziehbar belegen\u201c, sagt Stefan Mauer von EVACO.<\/p>\n<p><b>\u00dcber ESG hinaus: KI unterst\u00fctzt auch gesetzliche Meldepflichten<\/b><\/p>\n<p>Die Vorteile beschr\u00e4nken sich nicht auf ESG-Reporting. Auch gesetzliche Berichts- und Nachweispflichten entlang von Lieferkette, Umwelt und Compliance verursachen in vielen Unternehmen regelm\u00e4\u00dfig hohen administrativen Aufwand. KI-gest\u00fctzte Datensammlung und strukturierte Aufbereitung k\u00f6nnen dabei unterst\u00fctzen, Informationen konsistent zusammenzuf\u00fchren und Berichte effizienter zu erstellen.<\/p>\n<p><b>RAG statt Halluzination: verl\u00e4ssliche Texte auf Basis belastbarer Quellen<\/b><\/p>\n<p>H\u00e4ufig genannte Bedenken beim Einsatz von KI ordnete Kevin Gr\u00fcndker ein, der bei EVACO das KI-Thema verantwortet: \u201eFehlerhafte Aussagen entstehen meist dann, wenn relevante Informationen nicht verf\u00fcgbar sind. Mit RAG-Architekturen l\u00e4sst sich dieses Risiko jedoch deutlich reduzieren.\u201c Dabei werden zentrale Dokumente strukturiert aufbereitet und so bereitgestellt, dass die KI gezielt darauf zugreifen kann. Auf dieser Grundlage entsteht ein verl\u00e4sslicher, auch mehrsprachig einsetzbarer Assistent, der Unternehmen dabei unterst\u00fctzt, manuellen Aufwand zu senken und Prozesse effizienter zu gestalten.<\/p>\n<p><b>Austausch aus der Praxis<\/b><\/p>\n<p>Beim anschlie\u00dfenden Austausch wurden Erfahrungen vertieft, neue Kontakte gekn\u00fcpft und konkrete Ansatzpunkte f\u00fcr n\u00e4chste Schritte identifiziert.<\/p>\n","protected":false},"excerpt":{"rendered":"EVACO hat beim Treffen des Unternehmensnetzwerks der Stiftung Allianz f\u00fcr Entwicklung und Klima beim ACV Automobil Club Verkehr&hellip;\n","protected":false},"author":2,"featured_media":792947,"comment_status":"","ping_status":"","sticky":false,"template":"","format":"standard","meta":{"footnotes":"","_share_on_mastodon":"0"},"categories":[1838],"tags":[3364,29,3715,30,1209],"class_list":["post-792946","post","type-post","status-publish","format-standard","has-post-thumbnail","category-duisburg","tag-de","tag-deutschland","tag-duisburg","tag-germany","tag-nordrhein-westfalen"],"share_on_mastodon":{"url":"https:\/\/pubeurope.com\/@de\/116060144635817772","error":""},"_links":{"self":[{"href":"https:\/\/www.europesays.com\/de\/wp-json\/wp\/v2\/posts\/792946","targetHints":{"allow":["GET"]}}],"collection":[{"href":"https:\/\/www.europesays.com\/de\/wp-json\/wp\/v2\/posts"}],"about":[{"href":"https:\/\/www.europesays.com\/de\/wp-json\/wp\/v2\/types\/post"}],"author":[{"embeddable":true,"href":"https:\/\/www.europesays.com\/de\/wp-json\/wp\/v2\/users\/2"}],"replies":[{"embeddable":true,"href":"https:\/\/www.europesays.com\/de\/wp-json\/wp\/v2\/comments?post=792946"}],"version-history":[{"count":0,"href":"https:\/\/www.europesays.com\/de\/wp-json\/wp\/v2\/posts\/792946\/revisions"}],"wp:featuredmedia":[{"embeddable":true,"href":"https:\/\/www.europesays.com\/de\/wp-json\/wp\/v2\/media\/792947"}],"wp:attachment":[{"href":"https:\/\/www.europesays.com\/de\/wp-json\/wp\/v2\/media?parent=792946"}],"wp:term":[{"taxonomy":"category","embeddable":true,"href":"https:\/\/www.europesays.com\/de\/wp-json\/wp\/v2\/categories?post=792946"},{"taxonomy":"post_tag","embeddable":true,"href":"https:\/\/www.europesays.com\/de\/wp-json\/wp\/v2\/tags?post=792946"}],"curies":[{"name":"wp","href":"https:\/\/api.w.org\/{rel}","templated":true}]}}