{"id":792948,"date":"2026-02-12T23:00:27","date_gmt":"2026-02-12T23:00:27","guid":{"rendered":"https:\/\/www.europesays.com\/de\/792948\/"},"modified":"2026-02-12T23:00:27","modified_gmt":"2026-02-12T23:00:27","slug":"fuechse-duisburg-duerfen-2500-reinlassen-kommt-neueinteilung-der-oberliga","status":"publish","type":"post","link":"https:\/\/www.europesays.com\/de\/792948\/","title":{"rendered":"F\u00fcchse Duisburg d\u00fcrfen 2500 reinlassen \u2013 kommt Neueinteilung der Oberliga?"},"content":{"rendered":"<p class=\"expressive-copy-lg-body\">Die gute Nachricht vorweg: Die F\u00fcchse Duisburg d\u00fcrfen ab sofort 2500 Zuschauer \u2013 statt wie seit einigen Wochen nur 1500 \u2013 in die Alleato-Arena hinein lassen. Unter anderem hatte ein Formfehler in einem Gutachten daf\u00fcr gesorgt, dass die Zuschauerkapazit\u00e4t auf die \u201ealten Tage\u201c der vor 55 Jahren errichteten Eissporthalle stark eingeschr\u00e4nkt worden war. Mit Blick auf die nicht mehr fernen Play-offs in der Eishockey-Oberliga ist das f\u00fcr den EVD eine wichtige Entscheidung der Stadt Duisburg. Derweil stehen die Schwarz-Roten vor einem wichtigen Wochenende in der Zwischenrunde, um eine m\u00f6glichst gute Ausgangslage f\u00fcr diese Play-offs zu erspielen. Wird der EVD Vierter, geht es mit Heimrecht in die K.o.-Phase, als F\u00fcnfter m\u00fcssten die Duisburger ausw\u00e4rts beginnen und ihr Heimspiel im Achtelfinale zudem an einem Dienstag bestreiten.<\/p>\n<p>            <img decoding=\"async\" src=\"https:\/\/www.europesays.com\/de\/wp-content\/uploads\/2026\/02\/411167303_1770735008_v16_9_1200.jpeg\" class=\"relative z-10 block w-full object-cover aspect-[4\/3]\" alt=\"Eissport \/ Eishockey\" title=\"Auf der BSA Wedau I wird die \u00dcbergangs-Eissporthalle in Duisburg entstehen. F\u00fcchse-Gesch\u00e4ftsf\u00fchrer Tom S\u00f6dler erkl\u00e4rt den Ablauf.\" loading=\"lazy\"\/><\/p>\n<p class=\"expressive-copy-lg-body\">Derweil beginnt im Hintergrund zudem die entscheidende Phase der Planung der kommenden Spielzeit. Eine erste Vertragsverl\u00e4ngerung wollen die F\u00fcchse im Heimspiel am Freitag (19.30 Uhr, Alleato-Arena) gegen die Hannover Indians verk\u00fcnden. Wer das ist, ist freilich noch \u201egeheim\u201c, es handelt sich allerdings um einen Leistungstr\u00e4ger aus dem Sturm. \u201eIch w\u00fcrde am liebsten nur wenig am Team ver\u00e4ndern\u201c, sagt Petrozza.<\/p>\n<blockquote class=\"not-prose mx-auto my-10 flex flex-col items-center gap-y-4 text-center md:w-[80%]\">\n<p class=\"expressive-copy-xl text-copy-primary\">Wir hoffen aber, dass Erek in der kommenden Woche wieder trainieren kann.<\/p>\n<p>       Frank Petrozza, Trainer der F\u00fcchse Duisburg\n    <\/p><\/blockquote>\n<p class=\"expressive-copy-lg-body\">Da die Saale Bulls Halle, also der EVD-Konkurrent um Rang vier, am Freitag beim Spitzenreiter Hannover Scorpions ran m\u00fcssen und zudem am Sonntag (16 Uhr) ausw\u00e4rts der direkte Gegner der F\u00fcchse sind, f\u00e4llt dem aktuellen Wochenende durchaus Bedeutung zu. \u201eDie Indians sind eine k\u00f6rperlich sehr pr\u00e4sente Mannschaft mit gro\u00dfgewachsenen Verteidigern\u201c, sagt F\u00fcchse-Trainer Frank Petrozza. Der Coach muss an diesem Wochenende allerdings auf Verteidiger Noah M\u00fcnzenberger verzichten, der mit den K\u00f6lner Haien ein Turnier in Pardubice bestreitet. Daf\u00fcr ist aber Dominik Klein im Einsatz, sodass der EVD zumindest auf f\u00fcnf Abwehrspieler kommt; Erek Virch ist nach einer Lungenentz\u00fcndung noch nicht fit. \u201eWir hoffen aber, dass Erek in der kommenden Woche wieder trainieren kann\u201c, sagt Petrozza. <\/p>\n<p>Mehr zum Thema<\/p>\n<p class=\"expressive-copy-lg-body\">Derweil mehren sich die Ger\u00fcchte, dass der Deutsche Eishockey-Bund \u00fcber eine Neueinteilung der Oberliga nachdenkt. So ist von k\u00fcnftig drei Gruppen die Rede. \u201eWir wollten den DEB selbst auf diese Ger\u00fcchte ansprechen, der Verband ist aber k\u00fcrzlich von sich aus auf uns zugekommen\u201c, berichtet F\u00fcchse-Gesch\u00e4ftsf\u00fchrer Tom S\u00f6dler. \u201eWir stehen grunds\u00e4tzlich jeder Einteilung offen gegen\u00fcber, die es den Clubs erlaubt, wirtschaftlich vern\u00fcnftig zu arbeiten und die den Fans eine spannende Liga bietet.\u201c Aus S\u00f6dlers Sicht kommt eine Dreiteilung f\u00fcr den DEB an sich erst ab 2027\/28 infrage, \u201eaber man wei\u00df nie, was passiert, wenn ein Nord-Verein aufsteigt und dann noch ein Verein ausscheiden sollte. Sp\u00e4testens bei neun Vereinen macht eine Oberliga Nord keinen Sinn mehr.\u201c <\/p>\n<p class=\"expressive-copy-lg-body\">Im Gespr\u00e4ch ist offenbar eine Einteilung in West, Nordost und S\u00fcd. Im Westen k\u00f6nnten die Eisadler Dortmund und\/oder die Eagles Essen-West den Aufstieg schaffen. Denkbar w\u00e4re auch eine R\u00fcckkehr des EHC Neuwied aus der niederl\u00e4ndisch-belgischen CEHL. Weitere Ger\u00fcchte sprechen zudem davon, dass ein weiterer niederl\u00e4ndischer Verein Interesse an einem Oberliga-Einstieg habe; dabei soll es sich um die Snackpoint Eaters Limburg aus Geleen handeln. <\/p>\n","protected":false},"excerpt":{"rendered":"Die gute Nachricht vorweg: Die F\u00fcchse Duisburg d\u00fcrfen ab sofort 2500 Zuschauer \u2013 statt wie seit einigen Wochen&hellip;\n","protected":false},"author":2,"featured_media":792949,"comment_status":"","ping_status":"","sticky":false,"template":"","format":"standard","meta":{"footnotes":"","_share_on_mastodon":"0"},"categories":[1838],"tags":[3364,29,3715,30,1209],"class_list":["post-792948","post","type-post","status-publish","format-standard","has-post-thumbnail","category-duisburg","tag-de","tag-deutschland","tag-duisburg","tag-germany","tag-nordrhein-westfalen"],"share_on_mastodon":{"url":"https:\/\/pubeurope.com\/@de\/116060148475748589","error":""},"_links":{"self":[{"href":"https:\/\/www.europesays.com\/de\/wp-json\/wp\/v2\/posts\/792948","targetHints":{"allow":["GET"]}}],"collection":[{"href":"https:\/\/www.europesays.com\/de\/wp-json\/wp\/v2\/posts"}],"about":[{"href":"https:\/\/www.europesays.com\/de\/wp-json\/wp\/v2\/types\/post"}],"author":[{"embeddable":true,"href":"https:\/\/www.europesays.com\/de\/wp-json\/wp\/v2\/users\/2"}],"replies":[{"embeddable":true,"href":"https:\/\/www.europesays.com\/de\/wp-json\/wp\/v2\/comments?post=792948"}],"version-history":[{"count":0,"href":"https:\/\/www.europesays.com\/de\/wp-json\/wp\/v2\/posts\/792948\/revisions"}],"wp:featuredmedia":[{"embeddable":true,"href":"https:\/\/www.europesays.com\/de\/wp-json\/wp\/v2\/media\/792949"}],"wp:attachment":[{"href":"https:\/\/www.europesays.com\/de\/wp-json\/wp\/v2\/media?parent=792948"}],"wp:term":[{"taxonomy":"category","embeddable":true,"href":"https:\/\/www.europesays.com\/de\/wp-json\/wp\/v2\/categories?post=792948"},{"taxonomy":"post_tag","embeddable":true,"href":"https:\/\/www.europesays.com\/de\/wp-json\/wp\/v2\/tags?post=792948"}],"curies":[{"name":"wp","href":"https:\/\/api.w.org\/{rel}","templated":true}]}}