{"id":793308,"date":"2026-02-13T02:20:19","date_gmt":"2026-02-13T02:20:19","guid":{"rendered":"https:\/\/www.europesays.com\/de\/793308\/"},"modified":"2026-02-13T02:20:19","modified_gmt":"2026-02-13T02:20:19","slug":"azubi-kompetenzen-viele-vertraege-werden-vorzeitig-aufgeloest-ndr-de","status":"publish","type":"post","link":"https:\/\/www.europesays.com\/de\/793308\/","title":{"rendered":"Azubi-Kompetenzen: Viele Vertr\u00e4ge werden vorzeitig aufgel\u00f6st &#8211; NDR.de"},"content":{"rendered":"<ol>\n<li><a href=\"https:\/\/news.google.com\/rss\/articles\/CBMitgFBVV95cUxOWlhRdGhiVmxOVkd4MUlhOXRBTzM4cERoZHNaNkFSQmFEX3lLWm9LVFFmaDlURXFQaGw3dUVpd1llQ3FGOWJFNzZkNl9HcHEzbjRwQW10eVFRQktFZVlaS2EwaXZqS0c2TEFvRy1DY0dVWkI1QkQyVkxmeXhPVlZzM05rb1pnVjRHT1o4QlZtVVZZemRza2RtcEZlNE93T0doWkFZVzJ6NzdZVlpfZ3YzSFlGeTU2Zw?oc=5\" target=\"_blank\" rel=\"nofollow noopener\">Azubi-Kompetenzen: Viele Vertr\u00e4ge werden vorzeitig aufgel\u00f6st<\/a>&nbsp;&nbsp;NDR.de<\/li>\n<li><a href=\"https:\/\/news.google.com\/rss\/articles\/CBMiwAFBVV95cUxNNkI3MTQ3MjNlSkxJRnJmUGx6MmZLMUxBUHNLaWhsdGRpS0Jva2dqLTJCeWloaDh1aG93Ym5acXRhQnA1d3RMRkNjdlNJVzNqZS1OcVllTzhIUGtNUk96YTZZQVREWjJfY2VQMk96Q3BSdUozLWY0QW5aQThCTXNQQmtoYTRidldfcXVfLTVtOEpqX0doMG5sazluRndQMV9KTm9PS015enBSRGhfN3hsaWRQQzVOS21fX0g2U1F3aFY?oc=5\" target=\"_blank\" rel=\"nofollow noopener\">Betriebe klagen \u00fcber sinkende Bewerberqualit\u00e4t bei Azubis &#8211; vor allem Sprache ein Problem<\/a>&nbsp;&nbsp;NDR.de<\/li>\n<li><a href=\"https:\/\/news.google.com\/rss\/articles\/CBMipgFBVV95cUxPTkxXdHJYT2FDM25sbXNBVzNjaGxOZHUtRWd5ZG9zbzA0QlUxeHFWLTFJOEIwUUVpM2RWVUFjakhnTU4yNVNOVWtQblJmV3djdGJUN1l6MlMtNHItU0ViMHlnTXJfUGVGdFBfTTFKTE1HVEFZY3QwWmZGcVRhdGlLbHpvUzVaTndhVnNYQklkWWtmWUphYnZFVmdENkpzTEhQREQ3eHlR?oc=5\" target=\"_blank\" rel=\"nofollow noopener\">Thorsten Gr\u00f6ger zur Ausbildungsumfrage von NiedersachsenMetall<\/a>&nbsp;&nbsp;IG Metall Niedersachsen und Sachsen-Anhalt<\/li>\n<li><a href=\"https:\/\/news.google.com\/rss\/articles\/CBMi6wFBVV95cUxNUjlEUTM5VHJHRFA4Yll2ckxsSWZkd080UTJSQW5aVEZrSC13cndSRldzMW0xYnNfZXVlQmVHY3M0TXB0T3hhMkVOekxucU1aaXMxc2o0UWNaUGlPWVVyS1RuRDFDRDRBbThWY09SS1EtTWRsQzlLYTFSM1FYbjF0WVJNYjZ6NmRha19OUG9kSTNVYlpiSWR3LXpCYUFwVG9xd3ZSbXZfbnV1ejlfajI1NTRGNXFGLWpNNkVfNS1xMHFMZldNWXdxQkV6MFRQNzhSU0pkRUJzWG1UQUhPYTBTRldsUy1yNUhLNzB3?oc=5\" target=\"_blank\" rel=\"nofollow noopener\">Umfrage &#8211; Jedes f\u00fcnfte Unternehmen nimmt Azubis ohne Schulabschluss &#8211; Wirtschaft<\/a>&nbsp;&nbsp;SZ.de<\/li>\n<li><a href=\"https:\/\/news.google.com\/rss\/articles\/CBMisgFBVV95cUxNWFZuR2NQbHJoNGYyOHZCQUotUkw0MXJ1OC1yVkZ5Mm1vQVByMmNKdzhsY3NBbHpLdjh5VFFSRlIyY19Db0c1b090OGEyVmNJeEhGTFBiQ3Nrc0swQUFocjJTOTNMZU82NVItbURxVE5PbTBVVDhFaHdpUXZRX05iOGVIcThfLTRPVGNLNWNjRzRzYnBCaG9vaFJuQmVGeG9MMVE0OXJWRjZwbk5ZMDJ4aktn?oc=5\" target=\"_blank\" rel=\"nofollow noopener\">Bedenklicher Trend bei Abiturienten \u201ewird uns mit voller Wucht treffen\u201c<\/a>&nbsp;&nbsp;Frankfurter Rundschau<\/li>\n<\/ol>\n","protected":false},"excerpt":{"rendered":"Azubi-Kompetenzen: Viele Vertr\u00e4ge werden vorzeitig aufgel\u00f6st&nbsp;&nbsp;NDR.de Betriebe klagen \u00fcber sinkende Bewerberqualit\u00e4t bei Azubis &#8211; vor allem Sprache ein&hellip;\n","protected":false},"author":2,"featured_media":793309,"comment_status":"","ping_status":"","sticky":false,"template":"","format":"standard","meta":{"footnotes":"","_share_on_mastodon":"0"},"categories":[1772],"tags":[30837,3886,13820,29,214,30,119149,1779,810,14,1411,215],"class_list":["post-793308","post","type-post","status-publish","format-standard","has-post-thumbnail","category-musik","tag-azubis","tag-ausbildung","tag-betriebe","tag-deutschland","tag-entertainment","tag-germany","tag-kompetenzen","tag-music","tag-musik","tag-nachrichten","tag-niedersachsen","tag-unterhaltung"],"share_on_mastodon":{"url":"https:\/\/pubeurope.com\/@de\/116060934893647374","error":""},"_links":{"self":[{"href":"https:\/\/www.europesays.com\/de\/wp-json\/wp\/v2\/posts\/793308","targetHints":{"allow":["GET"]}}],"collection":[{"href":"https:\/\/www.europesays.com\/de\/wp-json\/wp\/v2\/posts"}],"about":[{"href":"https:\/\/www.europesays.com\/de\/wp-json\/wp\/v2\/types\/post"}],"author":[{"embeddable":true,"href":"https:\/\/www.europesays.com\/de\/wp-json\/wp\/v2\/users\/2"}],"replies":[{"embeddable":true,"href":"https:\/\/www.europesays.com\/de\/wp-json\/wp\/v2\/comments?post=793308"}],"version-history":[{"count":0,"href":"https:\/\/www.europesays.com\/de\/wp-json\/wp\/v2\/posts\/793308\/revisions"}],"wp:featuredmedia":[{"embeddable":true,"href":"https:\/\/www.europesays.com\/de\/wp-json\/wp\/v2\/media\/793309"}],"wp:attachment":[{"href":"https:\/\/www.europesays.com\/de\/wp-json\/wp\/v2\/media?parent=793308"}],"wp:term":[{"taxonomy":"category","embeddable":true,"href":"https:\/\/www.europesays.com\/de\/wp-json\/wp\/v2\/categories?post=793308"},{"taxonomy":"post_tag","embeddable":true,"href":"https:\/\/www.europesays.com\/de\/wp-json\/wp\/v2\/tags?post=793308"}],"curies":[{"name":"wp","href":"https:\/\/api.w.org\/{rel}","templated":true}]}}