{"id":793325,"date":"2026-02-13T02:29:14","date_gmt":"2026-02-13T02:29:14","guid":{"rendered":"https:\/\/www.europesays.com\/de\/793325\/"},"modified":"2026-02-13T02:29:14","modified_gmt":"2026-02-13T02:29:14","slug":"klimapolitik-usa-groesster-betrug-trump-stoppt-zentrale-klimaschutz-grundlage-von-2009","status":"publish","type":"post","link":"https:\/\/www.europesays.com\/de\/793325\/","title":{"rendered":"Klimapolitik USA: \u201eGr\u00f6\u00dfter Betrug\u201c \u2013 Trump stoppt zentrale Klimaschutz-Grundlage von 2009"},"content":{"rendered":"<p>US-Pr\u00e4sident Trump hebt eine zentrale Klimaschutzregel auf und erkl\u00e4rt Treibhausgase f\u00fcr ungef\u00e4hrlich. Er spricht von historischer Deregulierung und kritisiert die Vorgaben als sch\u00e4dlich f\u00fcr Wirtschaft und Verbraucher.<\/p>\n<p class=\"is-first-paragraph\" data-external=\"Article.FirstParagraph\">US-Pr\u00e4sident Donald Trump hat eine der wichtigsten Vorgaben f\u00fcr den Klimaschutz in den Vereinigten Staaten gekippt. Er erkl\u00e4rte am Donnerstag die sogenannte <a class=\"is-link c-block-items__link c-link--rich-text-renderer\" href=\"https:\/\/www.welt.de\/politik\/ausland\/article698ba8e0f4d0b8d94ca18083\/trump-will-noch-diese-woche-eine-der-wichtigsten-klimaschutz-grundlagen-kippen.html\" data-internal-tracking-enabled=\"true\" data-internal-tracking=\"{&quot;action&quot;:&quot;click&quot;,&quot;label&quot;:&quot;link&quot;,&quot;name&quot;:&quot;Inline Element&quot;,&quot;data&quot;:{&quot;source&quot;:&quot;&quot;,&quot;target&quot;:&quot;https:\/\/www.welt.de\/politik\/ausland\/article698ba8e0f4d0b8d94ca18083\/trump-will-noch-diese-woche-eine-der-wichtigsten-klimaschutz-grundlagen-kippen.html&quot;,&quot;trackingName&quot;:&quot;&quot;,&quot;trackingLabel&quot;:&quot;&quot;}}\" rel=\"nofollow noopener\" target=\"_blank\">Gef\u00e4hrdungsfeststellung<\/a> von 2009 f\u00fcr ung\u00fcltig, derzufolge Treibhausgase gesundheitssch\u00e4dlich sind.<\/p>\n<p>Darauf basieren unter anderem die Regeln f\u00fcr den Kohlendioxid-Aussto\u00df von Fahrzeugen sowie von Gas- und Kohlekraftwerken in den USA.<\/p>\n<p>Trump sprach von der \u201egr\u00f6\u00dften Deregulierungsma\u00dfnahme\u201c in der US-Geschichte. Er nannte die Klimaregelung aus der Zeit seines Amtsvorg\u00e4ngers <a class=\"is-link c-block-items__link c-link--rich-text-renderer\" href=\"https:\/\/www.welt.de\/themen\/barack-obama\/\" data-internal-tracking-enabled=\"true\" data-internal-tracking=\"{&quot;action&quot;:&quot;click&quot;,&quot;label&quot;:&quot;link&quot;,&quot;name&quot;:&quot;Inline Element&quot;,&quot;data&quot;:{&quot;source&quot;:&quot;&quot;,&quot;target&quot;:&quot;https:\/\/www.welt.de\/themen\/barack-obama\/&quot;,&quot;trackingName&quot;:&quot;&quot;,&quot;trackingLabel&quot;:&quot;&quot;}}\" rel=\"nofollow noopener\" target=\"_blank\">Barack Obama<\/a> \u201ekatastrophal\u201c. Sie habe insbesondere \u201edie amerikanische Autoindustrie schwer gesch\u00e4digt und die Preise f\u00fcr Amerikaner massiv in die H\u00f6he getrieben\u201c.<\/p>\n<p>Die Regelung aus der ersten Amtszeit des damaligen Pr\u00e4sidenten Barack Obama, die als \u201eEndangerment finding\u201c bekannt ist, ist die rechtliche Grundlage fast aller Klimaregulierungen unter dem US-Luftreinhaltegesetz f\u00fcr Kraftfahrzeuge, Kraftwerke und andere Verschmutzungsquellen, die zur Erderw\u00e4rmung beitragen.<\/p>\n<p>Sie dient zur Begr\u00fcndung von Vorschriften wie Abgasstandards f\u00fcr Autos, die vor Bedrohungen sch\u00fctzen sollen, die durch den Klimawandel zunehmend gravierender werden &#8211; t\u00f6dliche \u00dcberschwemmungen, extreme Hitzewellen, katastrophale Waldbr\u00e4nde und andere Naturkatastrophen in den USA und weltweit.  <\/p>\n<p>Die US-Umweltbeh\u00f6rde EPA k\u00fcndigte au\u00dferdem an, vorzuschlagen, eine unter Trumps Vorg\u00e4nger Joe Biden beschlossene Beschr\u00e4nkung der Treibhausgasemissionen von Autos und leichten Nutzfahrzeugen um zwei Jahre zu verschieben.   <\/p>\n<p>Trump hatte den Klimaschutz wiederholt als \u201eden gr\u00f6\u00dften Betrug\u201c weltweit bezeichnet.<\/p>\n<p>AFP\/AP\/jra<\/p>\n","protected":false},"excerpt":{"rendered":"US-Pr\u00e4sident Trump hebt eine zentrale Klimaschutzregel auf und erkl\u00e4rt Treibhausgase f\u00fcr ungef\u00e4hrlich. Er spricht von historischer Deregulierung und&hellip;\n","protected":false},"author":2,"featured_media":793326,"comment_status":"","ping_status":"","sticky":false,"template":"","format":"standard","meta":{"footnotes":"","_share_on_mastodon":"0"},"categories":[5],"tags":[8708,114,13,1548,14,15,110,8707,12,10,8,9,11,113,64],"class_list":["post-793325","post","type-post","status-publish","format-standard","has-post-thumbnail","category-nachrichten","tag-barack-praesident-geb-1961","tag-donald-geb-1946","tag-headlines","tag-klimaschutz","tag-nachrichten","tag-news","tag-newsteam","tag-obama","tag-schlagzeilen","tag-top-news","tag-top-meldungen","tag-topmeldungen","tag-topnews","tag-trump","tag-usa"],"share_on_mastodon":{"url":"https:\/\/pubeurope.com\/@de\/116060970244988512","error":""},"_links":{"self":[{"href":"https:\/\/www.europesays.com\/de\/wp-json\/wp\/v2\/posts\/793325","targetHints":{"allow":["GET"]}}],"collection":[{"href":"https:\/\/www.europesays.com\/de\/wp-json\/wp\/v2\/posts"}],"about":[{"href":"https:\/\/www.europesays.com\/de\/wp-json\/wp\/v2\/types\/post"}],"author":[{"embeddable":true,"href":"https:\/\/www.europesays.com\/de\/wp-json\/wp\/v2\/users\/2"}],"replies":[{"embeddable":true,"href":"https:\/\/www.europesays.com\/de\/wp-json\/wp\/v2\/comments?post=793325"}],"version-history":[{"count":0,"href":"https:\/\/www.europesays.com\/de\/wp-json\/wp\/v2\/posts\/793325\/revisions"}],"wp:featuredmedia":[{"embeddable":true,"href":"https:\/\/www.europesays.com\/de\/wp-json\/wp\/v2\/media\/793326"}],"wp:attachment":[{"href":"https:\/\/www.europesays.com\/de\/wp-json\/wp\/v2\/media?parent=793325"}],"wp:term":[{"taxonomy":"category","embeddable":true,"href":"https:\/\/www.europesays.com\/de\/wp-json\/wp\/v2\/categories?post=793325"},{"taxonomy":"post_tag","embeddable":true,"href":"https:\/\/www.europesays.com\/de\/wp-json\/wp\/v2\/tags?post=793325"}],"curies":[{"name":"wp","href":"https:\/\/api.w.org\/{rel}","templated":true}]}}