{"id":793632,"date":"2026-02-13T05:24:12","date_gmt":"2026-02-13T05:24:12","guid":{"rendered":"https:\/\/www.europesays.com\/de\/793632\/"},"modified":"2026-02-13T05:24:12","modified_gmt":"2026-02-13T05:24:12","slug":"mann-vor-gericht-geld-fuer-nicht-durchgefuehrte-corona-tests","status":"publish","type":"post","link":"https:\/\/www.europesays.com\/de\/793632\/","title":{"rendered":"Mann vor Gericht: Geld f\u00fcr nicht durchgef\u00fchrte Corona-Tests"},"content":{"rendered":"<p>Ein 37-J\u00e4hriger muss sich ab Freitag vor dem Mannheimer Landgericht wegen Computerbetrugs und Urkundenf\u00e4lschung im Zusammenhang mit einem Heidelberger Corona-Testzentrum verantworten. Der angeklagte Mann soll die Straftaten vor viereinhalb Jahren zusammen mit einem bereits verurteilten Komplizen begangen haben. Beide M\u00e4nner betrieben das Corona-Testzentrum laut Staatsanwaltschaft von August bis Oktober 2021. <\/p>\n<p>Corona-Tests abgerechnet, die nie durchgef\u00fchrt wurden<\/p>\n<p>In diesem Zeitraum sollen sie zahlreiche Corona-Tests mit der Kassen\u00e4rztlichen Vereinigung (KVBW) abgerechnet haben, die aber tats\u00e4chlich gar nicht durchgef\u00fchrt wurden. Wegen Urkundenf\u00e4lschung steht der Mann vor Gericht, weil er der KVBW ein &#8222;Schulungszertifikat zum Corona-Schnelltestbeauftragten&#8220; \u00fcbermittelt haben soll, obwohl er laut Anklage nie an einer Schulung teilgenommen hatte. Die Kassen\u00e4rztliche Vereinigung soll dem Angeklagten und seinem Komplizen unberechtigterweise rund 345.00 Euro \u00fcberwiesen haben.   <\/p>\n<p>Festnahme am Frankfurter Flughafen<\/p>\n<p>Der 37-J\u00e4hrige wurde dem Gericht zufolge im Juli vergangenen Jahres am Frankfurter Flughafen festgenommen. Sein Komplize hat den Angaben zufolge wegen Corona-Test-Betrugs bereits eine Haftstrafe von zwei Jahren und acht Monaten verb\u00fc\u00dft. Rund um das Heidelberger Corona-Testzentrum gab es laut dem Landgericht Mannheim weitere Strafverfahren gegen einen Bruder, einen Onkel und einen Bekannten des angeklagten 37 Jahre alten Mannes. <\/p>\n<p>Dabei war es um den Vorwurf des Betreibens anderer vermeintlicher Corona-Testcenter gegangen. Laut dem &#8222;<a href=\"https:\/\/www.mannheimer-morgen.de\/wirtschaft_artikel,-regionale-wirtschaft-betrugsprozess-gegen-in-aegypten-abgetauchten-ali-a-startet-in-mannheim-_arid,2357288.html\" class=\"link link-inline inline-link\" title=\"Mann wegen Betrugs mit Corona-Tests vor Gericht\" target=\"_blank\" rel=\"external noopener noreferrer nofollow\" data-pjax=\"0\">Mannheimer Morgen<\/a>&#8220; sollen in diesem Zusammenhang f\u00fcnf Personen insgesamt 3,3 Millionen Euro erschlichen haben. Der Mann, der ab Freitag in Mannheim vor Gericht steht, war dem Bericht zufolge zwischenzeitlich in \u00c4gypten untergetaucht und ist mutma\u00dflich der Drahtzieher der Betr\u00fcgereien.   <\/p>\n","protected":false},"excerpt":{"rendered":"Ein 37-J\u00e4hriger muss sich ab Freitag vor dem Mannheimer Landgericht wegen Computerbetrugs und Urkundenf\u00e4lschung im Zusammenhang mit einem&hellip;\n","protected":false},"author":2,"featured_media":793633,"comment_status":"","ping_status":"","sticky":false,"template":"","format":"standard","meta":{"footnotes":"","_share_on_mastodon":"0"},"categories":[1845],"tags":[1634,3364,29,548,663,3934,30,13,2096,14,15,12],"class_list":["post-793632","post","type-post","status-publish","format-standard","has-post-thumbnail","category-mannheim","tag-baden-wuerttemberg","tag-de","tag-deutschland","tag-eu","tag-europa","tag-europe","tag-germany","tag-headlines","tag-mannheim","tag-nachrichten","tag-news","tag-schlagzeilen"],"share_on_mastodon":{"url":"https:\/\/pubeurope.com\/@de\/116061658574534206","error":""},"_links":{"self":[{"href":"https:\/\/www.europesays.com\/de\/wp-json\/wp\/v2\/posts\/793632","targetHints":{"allow":["GET"]}}],"collection":[{"href":"https:\/\/www.europesays.com\/de\/wp-json\/wp\/v2\/posts"}],"about":[{"href":"https:\/\/www.europesays.com\/de\/wp-json\/wp\/v2\/types\/post"}],"author":[{"embeddable":true,"href":"https:\/\/www.europesays.com\/de\/wp-json\/wp\/v2\/users\/2"}],"replies":[{"embeddable":true,"href":"https:\/\/www.europesays.com\/de\/wp-json\/wp\/v2\/comments?post=793632"}],"version-history":[{"count":0,"href":"https:\/\/www.europesays.com\/de\/wp-json\/wp\/v2\/posts\/793632\/revisions"}],"wp:featuredmedia":[{"embeddable":true,"href":"https:\/\/www.europesays.com\/de\/wp-json\/wp\/v2\/media\/793633"}],"wp:attachment":[{"href":"https:\/\/www.europesays.com\/de\/wp-json\/wp\/v2\/media?parent=793632"}],"wp:term":[{"taxonomy":"category","embeddable":true,"href":"https:\/\/www.europesays.com\/de\/wp-json\/wp\/v2\/categories?post=793632"},{"taxonomy":"post_tag","embeddable":true,"href":"https:\/\/www.europesays.com\/de\/wp-json\/wp\/v2\/tags?post=793632"}],"curies":[{"name":"wp","href":"https:\/\/api.w.org\/{rel}","templated":true}]}}