{"id":793671,"date":"2026-02-13T05:46:19","date_gmt":"2026-02-13T05:46:19","guid":{"rendered":"https:\/\/www.europesays.com\/de\/793671\/"},"modified":"2026-02-13T05:46:19","modified_gmt":"2026-02-13T05:46:19","slug":"vom-sea-life-zur-dinoxperience-in-der-altstadt","status":"publish","type":"post","link":"https:\/\/www.europesays.com\/de\/793671\/","title":{"rendered":"Vom Sea Life zur DinoXperience in der Altstadt"},"content":{"rendered":"<p>          Vor Er\u00f6ffnung von \u201eDinoXperience\u201c        So bewegt ist die Geschichte des Standortes in K\u00f6nigswinter<\/p>\n<p class=\"text-50 desktop:text-70 park-container-small px-6 mb-10 desktop:mb-14\">K\u00f6nigswinter \u00b7 <strong data-cy=\"intro\" data-readtime-content=\"\">In K\u00f6nigswinter er\u00f6ffnet Ende M\u00e4rz die \u201eDinoXperience\u201c. Zuvor beherbergte das Geb\u00e4ude in der Rheinallee eine Unterwasserwelt. Doch die Geschichte des Standorts reicht noch viel weiter zur\u00fcck.<\/strong><\/p>\n<p>                <img class=\"absolute inset-0 w-full h-full object-cover aspect-[16\/10] opacity-0 transition-opacity animated\" onload=\"this.style.opacity = '1';\" src=\"https:\/\/www.europesays.com\/de\/wp-content\/uploads\/2026\/02\/w2100_h1313_x1796_y1197_ga_Wie_geht_es_weiter_mit_dem_Sealife01-4ed0082d026d754c.jpg\"  alt=\" Die \u201eDinoXperience\u201c er\u00f6ffnet Ende M\u00e4rz im ehemaligen Sea-Life-Geb\u00e4ude in der K\u00f6nigswinterer Rheinallee 8.  \" fetchpriority=\"high\" decoding=\"async\" data-park-image-img=\"\"\/><\/p>\n","protected":false},"excerpt":{"rendered":"Vor Er\u00f6ffnung von \u201eDinoXperience\u201c So bewegt ist die Geschichte des Standortes in K\u00f6nigswinter K\u00f6nigswinter \u00b7 In K\u00f6nigswinter er\u00f6ffnet&hellip;\n","protected":false},"author":2,"featured_media":793672,"comment_status":"","ping_status":"","sticky":false,"template":"","format":"standard","meta":{"footnotes":"","_share_on_mastodon":"0"},"categories":[1842],"tags":[1741,3364,29,30,1209],"class_list":["post-793671","post","type-post","status-publish","format-standard","has-post-thumbnail","category-bonn","tag-bonn","tag-de","tag-deutschland","tag-germany","tag-nordrhein-westfalen"],"share_on_mastodon":{"url":"https:\/\/pubeurope.com\/@de\/116061744900343995","error":""},"_links":{"self":[{"href":"https:\/\/www.europesays.com\/de\/wp-json\/wp\/v2\/posts\/793671","targetHints":{"allow":["GET"]}}],"collection":[{"href":"https:\/\/www.europesays.com\/de\/wp-json\/wp\/v2\/posts"}],"about":[{"href":"https:\/\/www.europesays.com\/de\/wp-json\/wp\/v2\/types\/post"}],"author":[{"embeddable":true,"href":"https:\/\/www.europesays.com\/de\/wp-json\/wp\/v2\/users\/2"}],"replies":[{"embeddable":true,"href":"https:\/\/www.europesays.com\/de\/wp-json\/wp\/v2\/comments?post=793671"}],"version-history":[{"count":0,"href":"https:\/\/www.europesays.com\/de\/wp-json\/wp\/v2\/posts\/793671\/revisions"}],"wp:featuredmedia":[{"embeddable":true,"href":"https:\/\/www.europesays.com\/de\/wp-json\/wp\/v2\/media\/793672"}],"wp:attachment":[{"href":"https:\/\/www.europesays.com\/de\/wp-json\/wp\/v2\/media?parent=793671"}],"wp:term":[{"taxonomy":"category","embeddable":true,"href":"https:\/\/www.europesays.com\/de\/wp-json\/wp\/v2\/categories?post=793671"},{"taxonomy":"post_tag","embeddable":true,"href":"https:\/\/www.europesays.com\/de\/wp-json\/wp\/v2\/tags?post=793671"}],"curies":[{"name":"wp","href":"https:\/\/api.w.org\/{rel}","templated":true}]}}