{"id":793673,"date":"2026-02-13T05:47:17","date_gmt":"2026-02-13T05:47:17","guid":{"rendered":"https:\/\/www.europesays.com\/de\/793673\/"},"modified":"2026-02-13T05:47:17","modified_gmt":"2026-02-13T05:47:17","slug":"vorschau-lokalzeit-aus-bonn-6","status":"publish","type":"post","link":"https:\/\/www.europesays.com\/de\/793673\/","title":{"rendered":"Vorschau: Lokalzeit aus Bonn"},"content":{"rendered":"<p class=\"b1ja19fa b11cvmny\">Themen: Karneval mit der W\u00e4scherprinzessin in Bonn-Beuel | Studiogespr\u00e4ch: Judith I., W\u00e4scherprinzessin 2026 | Weiberfastnacht in Euskirchen und Meckenheim | Familie F\u00fcnfgestirn: Jeck durch und durch in der Eifel | Karnevalsmaus: Bonner Band Druckluft liefert &#8222;den&#8220; Sessionssong | Weiberfastnacht am Alten Markt in K\u00f6ln | Er\u00f6ffnung vom syrischen Konsulat in Bonn | Reporterin Annette Holtmeyer berichtet \u00fcber die After-Job-Party auf dem Schiff &#8222;RheinFantasie&#8220; | Wetter<\/p>\n<p><strong>Bildquelle:<\/strong> WDR<\/p>\n","protected":false},"excerpt":{"rendered":"Themen: Karneval mit der W\u00e4scherprinzessin in Bonn-Beuel | Studiogespr\u00e4ch: Judith I., W\u00e4scherprinzessin 2026 | Weiberfastnacht in Euskirchen und&hellip;\n","protected":false},"author":2,"featured_media":793674,"comment_status":"","ping_status":"","sticky":false,"template":"","format":"standard","meta":{"footnotes":"","_share_on_mastodon":"0"},"categories":[1842],"tags":[1741,3364,29,30,1209],"class_list":["post-793673","post","type-post","status-publish","format-standard","has-post-thumbnail","category-bonn","tag-bonn","tag-de","tag-deutschland","tag-germany","tag-nordrhein-westfalen"],"share_on_mastodon":{"url":"https:\/\/pubeurope.com\/@de\/116061748798702828","error":""},"_links":{"self":[{"href":"https:\/\/www.europesays.com\/de\/wp-json\/wp\/v2\/posts\/793673","targetHints":{"allow":["GET"]}}],"collection":[{"href":"https:\/\/www.europesays.com\/de\/wp-json\/wp\/v2\/posts"}],"about":[{"href":"https:\/\/www.europesays.com\/de\/wp-json\/wp\/v2\/types\/post"}],"author":[{"embeddable":true,"href":"https:\/\/www.europesays.com\/de\/wp-json\/wp\/v2\/users\/2"}],"replies":[{"embeddable":true,"href":"https:\/\/www.europesays.com\/de\/wp-json\/wp\/v2\/comments?post=793673"}],"version-history":[{"count":0,"href":"https:\/\/www.europesays.com\/de\/wp-json\/wp\/v2\/posts\/793673\/revisions"}],"wp:featuredmedia":[{"embeddable":true,"href":"https:\/\/www.europesays.com\/de\/wp-json\/wp\/v2\/media\/793674"}],"wp:attachment":[{"href":"https:\/\/www.europesays.com\/de\/wp-json\/wp\/v2\/media?parent=793673"}],"wp:term":[{"taxonomy":"category","embeddable":true,"href":"https:\/\/www.europesays.com\/de\/wp-json\/wp\/v2\/categories?post=793673"},{"taxonomy":"post_tag","embeddable":true,"href":"https:\/\/www.europesays.com\/de\/wp-json\/wp\/v2\/tags?post=793673"}],"curies":[{"name":"wp","href":"https:\/\/api.w.org\/{rel}","templated":true}]}}