{"id":793813,"date":"2026-02-13T07:06:15","date_gmt":"2026-02-13T07:06:15","guid":{"rendered":"https:\/\/www.europesays.com\/de\/793813\/"},"modified":"2026-02-13T07:06:15","modified_gmt":"2026-02-13T07:06:15","slug":"5-600-haushalte-betroffen-stromausfall-in-luebeck-behoben","status":"publish","type":"post","link":"https:\/\/www.europesays.com\/de\/793813\/","title":{"rendered":"5.600 Haushalte betroffen: Stromausfall in L\u00fcbeck behoben"},"content":{"rendered":"<p>\n                Stand: 13.02.2026 07:58 Uhr<\/p>\n<p>                    <a href=\"https:\/\/www.europesays.com\/de\/wp-content\/uploads\/2026\/02\/stromausfall324.webp.webp\" class=\"zoomimage\" title=\"Bild vergr\u00f6\u00dfern\"><\/p>\n<p>        <img decoding=\"async\" src=\"https:\/\/www.europesays.com\/de\/wp-content\/uploads\/2026\/02\/stromausfall324.webp.webp\" alt=\"Eine Person mit Taschenlampe in einem dunklen Raum.\" title=\"Knapp 10.500 Menschen hatten am Donnerstagabend pl\u00f6tzlich keinen Strom mehr. (Symbolbild) | Julian Marxen, Julian Marxen\" class=\"responsive\" loading=\"lazy\"\/><\/p>\n<p>                    <\/a><\/p>\n<p>                    Knapp 10.500 Menschen hatten am Donnerstagabend pl\u00f6tzlich keinen Strom mehr. (Symbolbild)<\/p>\n<p class=\"\">In <a href=\"https:\/\/www.ndr.de\/nachrichten\/schleswig-holstein\/Luebeck-Aktuelle-Nachrichten-und-Videos-,luebeck2802.html\" title=\"L\u00fcbeck - Aktuelle Nachrichten und Videos\" rel=\"nofollow noopener\" target=\"_blank\">L\u00fcbeck<\/a> ist am Donnerstagabend im Stadtteil Vorwerk der Strom ausgefallen. Knapp 10.500 Menschen waren davon betroffen. Nach Angaben der Stadt konnte die Versorgung seit 23.10 Uhr schrittweise wiederhergestellt werden. Neben rund 5.600 privaten Haushalten seien auch Fernw\u00e4rmekunden und einige Betriebe ohne Strom gewesen, teilte die Stadt L\u00fcbeck am Donnerstagabend mit: darunter der Betriebshof der Stadtwerke L\u00fcbeck Mobil, die Diakonie Nord-Nordost, das BHKW Posener Stra\u00dfe sowie das BHKW Ratekauer Weg. Der Grund war laut der Mitteilung eine St\u00f6rung im Umspannwerk in der Weichselstra\u00dfe.<\/p>\n<p>    Einschr\u00e4nkungen im Busverkehr<\/p>\n<p class=\"\">Am Freitag kann es laut Stadt zu Einschr\u00e4nkungen im Busverkehr kommen. Die E-Busse konnten n\u00e4mlich \u00fcber Nacht nicht richtig laden. Laut Polizei habe es keine nennenswerten Notf\u00e4lle oder Vorkommnisse gegeben. Ger\u00fcchte \u00fcber eine Pl\u00fcnderung eines Supermarktes in der Schwartauer Landstra\u00dfe h\u00e4tten sich demnach nicht best\u00e4tigt. Laut B\u00fcrgermeister Jan Lindenau (SPD) haben die Notfallpl\u00e4ne von Stadtwerken und Feuerwehr gut funktioniert.<\/p>\n<p>        <img decoding=\"async\" src=\"https:\/\/www.europesays.com\/de\/wp-content\/uploads\/2026\/02\/screenshot-122080.webp.webp\" alt=\"Marie-Luise Bram und Henrik Hanses moderieren das Schleswig-Holstein Magazin.\" title=\"Marie-Luise Bram und Henrik Hanses moderieren das Schleswig-Holstein Magazin. | Screenshot\" class=\"responsive\" loading=\"lazy\"\/><\/p>\n<p>\n                                    29 Min<\/p>\n<p>Hier erfahren Sie, was sich am Tage zwischen Nord- und Ostsee ereignet hat.<\/p>\n<p>Dieses Thema im Programm:<\/p>\n<p>                NDR Fernsehen | Nachrichten f\u00fcr Schleswig-Holstein | 13.02.2026 | 06:00 Uhr<\/p>\n<p>        Schlagw\u00f6rter zu diesem Artikel<\/p>\n<p>            <a href=\"https:\/\/www.ndr.de\/nachrichten\/schleswig-holstein\/Luebeck-Aktuelle-Nachrichten-und-Videos-,luebeck2802.html\" rel=\"nofollow noopener\" target=\"_blank\">L\u00fcbeck<\/a><\/p>\n","protected":false},"excerpt":{"rendered":"Stand: 13.02.2026 07:58 Uhr Knapp 10.500 Menschen hatten am Donnerstagabend pl\u00f6tzlich keinen Strom mehr. (Symbolbild) In L\u00fcbeck ist&hellip;\n","protected":false},"author":2,"featured_media":793669,"comment_status":"","ping_status":"","sticky":false,"template":"","format":"standard","meta":{"footnotes":"","_share_on_mastodon":"0"},"categories":[5],"tags":[331,332,3364,29,30,13,2858,14,15,46263,12,178875,5667],"class_list":["post-793813","post","type-post","status-publish","format-standard","has-post-thumbnail","category-nachrichten","tag-aktuelle-nachrichten","tag-aktuelle-news","tag-de","tag-deutschland","tag-germany","tag-headlines","tag-luebeck","tag-nachrichten","tag-news","tag-ostholstein","tag-schlagzeilen","tag-strom-umspannwerk","tag-stromausfall"],"share_on_mastodon":{"url":"https:\/\/pubeurope.com\/@de\/116062059765770650","error":""},"_links":{"self":[{"href":"https:\/\/www.europesays.com\/de\/wp-json\/wp\/v2\/posts\/793813","targetHints":{"allow":["GET"]}}],"collection":[{"href":"https:\/\/www.europesays.com\/de\/wp-json\/wp\/v2\/posts"}],"about":[{"href":"https:\/\/www.europesays.com\/de\/wp-json\/wp\/v2\/types\/post"}],"author":[{"embeddable":true,"href":"https:\/\/www.europesays.com\/de\/wp-json\/wp\/v2\/users\/2"}],"replies":[{"embeddable":true,"href":"https:\/\/www.europesays.com\/de\/wp-json\/wp\/v2\/comments?post=793813"}],"version-history":[{"count":0,"href":"https:\/\/www.europesays.com\/de\/wp-json\/wp\/v2\/posts\/793813\/revisions"}],"wp:featuredmedia":[{"embeddable":true,"href":"https:\/\/www.europesays.com\/de\/wp-json\/wp\/v2\/media\/793669"}],"wp:attachment":[{"href":"https:\/\/www.europesays.com\/de\/wp-json\/wp\/v2\/media?parent=793813"}],"wp:term":[{"taxonomy":"category","embeddable":true,"href":"https:\/\/www.europesays.com\/de\/wp-json\/wp\/v2\/categories?post=793813"},{"taxonomy":"post_tag","embeddable":true,"href":"https:\/\/www.europesays.com\/de\/wp-json\/wp\/v2\/tags?post=793813"}],"curies":[{"name":"wp","href":"https:\/\/api.w.org\/{rel}","templated":true}]}}