{"id":793923,"date":"2026-02-13T08:11:14","date_gmt":"2026-02-13T08:11:14","guid":{"rendered":"https:\/\/www.europesays.com\/de\/793923\/"},"modified":"2026-02-13T08:11:14","modified_gmt":"2026-02-13T08:11:14","slug":"glosse-zu-den-landtagswahlen-was-plakate-aussagen","status":"publish","type":"post","link":"https:\/\/www.europesays.com\/de\/793923\/","title":{"rendered":"Glosse zu den Landtagswahlen: Was Plakate aussagen\u2026."},"content":{"rendered":"<p><img loading=\"lazy\" decoding=\"async\" class=\"lazy lazy-hidden alignright wp-image-36141\" data-lazy-type=\"image\" src=\"https:\/\/www.europesays.com\/de\/wp-content\/uploads\/2026\/02\/02-LTW-SPD-Mietendeckel-Plakat-300x400.jpg\" alt=\"\" width=\"150\" height=\"200\"  \/>Wenn man die Plakate der SPD zur Landtagswahl von weitem betrachtet, k\u00f6nnte man sie f\u00fcr Plakate der Linken halten. Sind die Aussagen: \u201eKita Geb\u00fchren abschaffen\u201c und \u201eMieten deckeln\u201c nicht origin\u00e4re Forderungen der Linken, die sie schon seit langer Zeit stellt? Und hat die SPD nicht in ihrer Regierungszeit mit den Gr\u00fcnen in Baden-W\u00fcrttemberg von 2011 bis 2016 nicht Gelegenheit genug gehabt, um die Ernsthaftigkeit ihrer Forderungen unter Beweis zu stellen? Ok, geschenkt. Sp\u00e4te Erkenntnis ist besser als keine. Wie nachhaltig die Hinwendung der SPD \u201ezu ihren Kernthemen\u201c bei ihrer Klausurtagung am vergangenen Wochenende wirklich ist, oder nur der Angst geschuldet ist, ins Bodenlose zu st\u00fcrzen, man wird sehen. Der geneigte W\u00e4hler zur Landtagswahl wird sich m\u00f6glicherweise sagen, dann w\u00e4hle ich doch lieber gleich das Original.<\/p>\n<p><img loading=\"lazy\" decoding=\"async\" class=\"lazy lazy-hidden alignright wp-image-36142\" data-lazy-type=\"image\" src=\"https:\/\/www.europesays.com\/de\/wp-content\/uploads\/2026\/02\/02-Mietendeckel1-400x283.png\" alt=\"\" width=\"150\" height=\"106\"  \/>Bemerkenswert sind die Plakate der Gr\u00fcnen. Ihr Fokus liegt voll und ganz auf Cem \u00d6zdemir. \u201eErfahrung war nie wichtiger als jetzt\u201c wird mit seinem gro\u00dffl\u00e4chigem Konterfei z.B. an der Fassade des Kaufhofs in Mannheim geworben. Bisher hatten die Gr\u00fcnen vor allem auf die W\u00e4hlerstimmen der Jungen gebaut. Na ja, so \u00e4ndern sich die Zeiten. Die alten wei\u00dfen M\u00e4nner und Frauen unter uns m\u00f6gen sich an die Slogans der CDU in den 50er und 60er <img loading=\"lazy\" decoding=\"async\" class=\"lazy lazy-hidden size-medium wp-image-36143 alignright\" data-lazy-type=\"image\" src=\"https:\/\/www.europesays.com\/de\/wp-content\/uploads\/2026\/02\/02-LTW-Bild-Oezdemir-300x400.jpeg\" alt=\"\" width=\"300\" height=\"400\"  \/>Jahre des letzten Jahrhunderts zur\u00fcck erinnert f\u00fchlen. Mit \u201eErfolg und Erfahrung\u201c und \u201eKeine Experimente\u201c warb man damals f\u00fcr den uralten Konrad Adenauer. Erinnert so ein bisschen an die Wahlkampagne f\u00fcr \u00d6zdemir. Mal sehen, wie sich das f\u00fcr die Gr\u00fcnen auswirkt. Die CDU zumindest hatte damals Erfolg gehabt.<\/p>\n<p>Roland Schuster<\/p>\n","protected":false},"excerpt":{"rendered":"Wenn man die Plakate der SPD zur Landtagswahl von weitem betrachtet, k\u00f6nnte man sie f\u00fcr Plakate der Linken&hellip;\n","protected":false},"author":2,"featured_media":793924,"comment_status":"","ping_status":"","sticky":false,"template":"","format":"standard","meta":{"footnotes":"","_share_on_mastodon":"0"},"categories":[1845],"tags":[1634,3364,29,548,663,3934,30,13,45915,2096,14,15,12],"class_list":["post-793923","post","type-post","status-publish","format-standard","has-post-thumbnail","category-mannheim","tag-baden-wuerttemberg","tag-de","tag-deutschland","tag-eu","tag-europa","tag-europe","tag-germany","tag-headlines","tag-landtagswahl-baden-wuerttemberg","tag-mannheim","tag-nachrichten","tag-news","tag-schlagzeilen"],"share_on_mastodon":{"url":"https:\/\/pubeurope.com\/@de\/116062315431839549","error":""},"_links":{"self":[{"href":"https:\/\/www.europesays.com\/de\/wp-json\/wp\/v2\/posts\/793923","targetHints":{"allow":["GET"]}}],"collection":[{"href":"https:\/\/www.europesays.com\/de\/wp-json\/wp\/v2\/posts"}],"about":[{"href":"https:\/\/www.europesays.com\/de\/wp-json\/wp\/v2\/types\/post"}],"author":[{"embeddable":true,"href":"https:\/\/www.europesays.com\/de\/wp-json\/wp\/v2\/users\/2"}],"replies":[{"embeddable":true,"href":"https:\/\/www.europesays.com\/de\/wp-json\/wp\/v2\/comments?post=793923"}],"version-history":[{"count":0,"href":"https:\/\/www.europesays.com\/de\/wp-json\/wp\/v2\/posts\/793923\/revisions"}],"wp:featuredmedia":[{"embeddable":true,"href":"https:\/\/www.europesays.com\/de\/wp-json\/wp\/v2\/media\/793924"}],"wp:attachment":[{"href":"https:\/\/www.europesays.com\/de\/wp-json\/wp\/v2\/media?parent=793923"}],"wp:term":[{"taxonomy":"category","embeddable":true,"href":"https:\/\/www.europesays.com\/de\/wp-json\/wp\/v2\/categories?post=793923"},{"taxonomy":"post_tag","embeddable":true,"href":"https:\/\/www.europesays.com\/de\/wp-json\/wp\/v2\/tags?post=793923"}],"curies":[{"name":"wp","href":"https:\/\/api.w.org\/{rel}","templated":true}]}}