{"id":794021,"date":"2026-02-13T09:03:15","date_gmt":"2026-02-13T09:03:15","guid":{"rendered":"https:\/\/www.europesays.com\/de\/794021\/"},"modified":"2026-02-13T09:03:15","modified_gmt":"2026-02-13T09:03:15","slug":"schuesse-auf-auto-in-tegel-und-auf-geschaeft-in-kreuzberg-person-schwer-verletzt","status":"publish","type":"post","link":"https:\/\/www.europesays.com\/de\/794021\/","title":{"rendered":"Sch\u00fcsse auf Auto in Tegel\u00a0und auf Gesch\u00e4ft in Kreuzberg \u2013 Person schwer verletzt"},"content":{"rendered":"<p class=\"expressive-copy-lg-body\">Erneut sind in <a href=\"https:\/\/www.morgenpost.de\/berlin\/\" target=\"_blank\" rel=\"nofollow noopener\">Berlin<\/a> Sch\u00fcsse gefallen: In <a href=\"https:\/\/www.morgenpost.de\/bezirke\/reinickendorf\/\" target=\"_blank\" rel=\"nofollow noopener\">Reinickendorf<\/a> wurde am Donnerstagabend ein Auto getroffen, in <a href=\"https:\/\/www.morgenpost.de\/bezirke\/friedrichshain-kreuzberg\/\" target=\"_blank\" rel=\"nofollow noopener\">Kreuzberg<\/a> war ein Gesch\u00e4ft das Ziel. Ersten Informationen eines Reporters von vor Ort zufolge wurde eine Person an der Buddestra\u00dfe in Tegel durch Sch\u00fcsse schwer verletzt. Er soll mehrfach im Oberk\u00f6rper getroffen worden sein, als er mit einem Auto unterwegs war. Die Person sei unter Begleitung eines Notarztes in ein Krankenhaus gebracht worden. Die <a href=\"https:\/\/www.morgenpost.de\/berlin\/polizei-berlin\/\" target=\"_blank\" rel=\"nofollow noopener\">Polizei<\/a> sperrte den Tatort weitr\u00e4umig ab und sicherte Spuren. <\/p>\n<p>    <img decoding=\"async\" src=\"https:\/\/www.europesays.com\/de\/wp-content\/uploads\/2026\/02\/411192597_1770963037_v16_9_1200.jpeg\" class=\"relative z-10 block w-full object-cover aspect-[16\/9] md:aspect-[16\/9] lg:aspect-[16\/9]\" alt=\"Mann in Tegel niedergeschossen\" title=\"An dem Auto ist ein Einschussloch zu erkennen.\" loading=\"lazy\"\/><\/p>\n<p>\n      An dem Auto ist ein Einschussloch zu erkennen.<br \/>\n      \u00a9 Axel Billig \/ Pressefoto Wagner | Axel Billig \/ Pressefoto Wagner\n    <\/p>\n<p>  Sch\u00fcsse auf Gesch\u00e4ft in Kreuzberg \u2013 keine Verletzten<\/p>\n<p class=\"expressive-copy-lg-body\">Weitere Sch\u00fcsse wurden demnach in Kreuzberg auf ein Gesch\u00e4ft abgefeuert. Verletzte gab es laut Polizei nicht. Weitere Details nannte ein Polizeisprecher zun\u00e4chst nicht.<\/p>\n<p class=\"expressive-copy-lg-body\">In den vergangenen Tagen gab es wieder vermehrt Sch\u00fcsse in der Hauptstadt. So wurden auf eine Wohnungst\u00fcr in <a href=\"https:\/\/www.morgenpost.de\/bezirke\/treptow-koepenick\/\" target=\"_blank\" rel=\"nofollow noopener\">K\u00f6penick<\/a> am Mittwochabend mehrere Sch\u00fcsse abgefeuert. Verletzt wurde bei dem Vorfall in einem Mehrfamilienhaus laut Polizei niemand. <a href=\"https:\/\/www.morgenpost.de\/berlin\/article411161157\/wieder-schuesse-in-berlin-ist-der-tod-des-clan-bosses-mehmet-k-die-ursache.html\" data-category-full-path=\"https:\/\/www.morgenpost.de\/berlin\/\" data-paid-status=\"free\" data-article-publish-date=\"1770701400\" rel=\"nofollow noopener\" target=\"_blank\">Am Sonntag wurde auf eine Shishabar in Wedding geschossen.<\/a> Dabei wurde Mensch durch Glassplitter leicht verletzt. Sonntagabend gab es Sch\u00fcsse auf eine Werkstatt in Neuk\u00f6lln. Verletzt wurde dabei niemand.\u00a0<\/p>\n<p class=\"expressive-copy-lg-body\">Seit Monaten fallen in Berlin immer wieder Sch\u00fcsse. <a href=\"https:\/\/www.morgenpost.de\/berlin\/article410667453\/neue-polizeieinheit-geht-gegen-schusswaffen-vor-mehrere-durchsuchungen.html\" data-category-full-path=\"https:\/\/www.morgenpost.de\/berlin\/\" data-paid-status=\"free\" data-article-publish-date=\"1765297470\" rel=\"nofollow noopener\" target=\"_blank\">Die Polizei hatte daraufhin die Sondereinheit \u201eFerrum\u201c gegr\u00fcndet, die gegen die Schusswaffengewalt vorgeht<\/a>. Justizsenatorin Felor Badenberg (CDU) warnte vor wenigen Tagen sogar vor einer <a href=\"https:\/\/www.morgenpost.de\/berlin\/article411161427\/senatorin-warnt-neue-bedrohungslage-bei-bandenkriegen-in-berlin.html\" data-category-full-path=\"https:\/\/www.morgenpost.de\/berlin\/\" data-paid-status=\"free\" data-article-publish-date=\"1770709572\" rel=\"nofollow noopener\" target=\"_blank\">neuen<strong> <\/strong>Bedrohungslage bei Bandenkriegen in der Hauptstadt<\/a>. \u201eWir sehen inzwischen rivalisierende Banden, die auf Berlins Stra\u00dfen sichtbar Gewalt einsetzen, sei es durch Handgranatenw\u00fcrfe auf Lokale, sei es durch Sch\u00fcsse auf Menschen, Fahrzeuge und auch Geb\u00e4ude.\u201c<\/p>\n<p rel=\"author\" class=\"text-brand\">JP<\/p>\n","protected":false},"excerpt":{"rendered":"Erneut sind in Berlin Sch\u00fcsse gefallen: In Reinickendorf wurde am Donnerstagabend ein Auto getroffen, in Kreuzberg war ein&hellip;\n","protected":false},"author":2,"featured_media":794022,"comment_status":"","ping_status":"","sticky":false,"template":"","format":"standard","meta":{"footnotes":"","_share_on_mastodon":"0"},"categories":[1825],"tags":[1941,1939,296,1937,29,30,1940,1938],"class_list":["post-794021","post","type-post","status-publish","format-standard","has-post-thumbnail","category-berlin","tag-aktuelle-nachrichten-aus-berlin","tag-aktuelle-news-aus-berlin","tag-berlin","tag-berlin-news","tag-deutschland","tag-germany","tag-nachrichten-aus-berlin","tag-news-aus-berlin"],"share_on_mastodon":{"url":"https:\/\/pubeurope.com\/@de\/116062520060626806","error":""},"_links":{"self":[{"href":"https:\/\/www.europesays.com\/de\/wp-json\/wp\/v2\/posts\/794021","targetHints":{"allow":["GET"]}}],"collection":[{"href":"https:\/\/www.europesays.com\/de\/wp-json\/wp\/v2\/posts"}],"about":[{"href":"https:\/\/www.europesays.com\/de\/wp-json\/wp\/v2\/types\/post"}],"author":[{"embeddable":true,"href":"https:\/\/www.europesays.com\/de\/wp-json\/wp\/v2\/users\/2"}],"replies":[{"embeddable":true,"href":"https:\/\/www.europesays.com\/de\/wp-json\/wp\/v2\/comments?post=794021"}],"version-history":[{"count":0,"href":"https:\/\/www.europesays.com\/de\/wp-json\/wp\/v2\/posts\/794021\/revisions"}],"wp:featuredmedia":[{"embeddable":true,"href":"https:\/\/www.europesays.com\/de\/wp-json\/wp\/v2\/media\/794022"}],"wp:attachment":[{"href":"https:\/\/www.europesays.com\/de\/wp-json\/wp\/v2\/media?parent=794021"}],"wp:term":[{"taxonomy":"category","embeddable":true,"href":"https:\/\/www.europesays.com\/de\/wp-json\/wp\/v2\/categories?post=794021"},{"taxonomy":"post_tag","embeddable":true,"href":"https:\/\/www.europesays.com\/de\/wp-json\/wp\/v2\/tags?post=794021"}],"curies":[{"name":"wp","href":"https:\/\/api.w.org\/{rel}","templated":true}]}}