{"id":794023,"date":"2026-02-13T09:04:14","date_gmt":"2026-02-13T09:04:14","guid":{"rendered":"https:\/\/www.europesays.com\/de\/794023\/"},"modified":"2026-02-13T09:04:14","modified_gmt":"2026-02-13T09:04:14","slug":"verspaetungen-und-ausfaelle-bei-der-berliner-s-bahn","status":"publish","type":"post","link":"https:\/\/www.europesays.com\/de\/794023\/","title":{"rendered":"Versp\u00e4tungen und Ausf\u00e4lle bei der Berliner S-Bahn"},"content":{"rendered":"<p class=\"tspCCnp tspCCnq\">In Berlin kommt es am Freitagvormittag zu einigen Versp\u00e4tungen und Ausf\u00e4llen der S-Bahn. An einem Signal am Alexanderplatz wird derzeit gearbeitet, teilte die Berliner S-Bahn mit. Die St\u00f6rung betrifft die Linien S3, S5, S7 und S9. <\/p>\n<p><a href=\"http:\/\/checkpoint.tagesspiegel.de\/?icid=single-topic_15246819___\" data-gtm-class=\"article-mzt-link\" class=\"tspC3qb\" rel=\"nofollow noopener\" target=\"_blank\">Jeden Morgen ab 6 Uhr Herausgeber Lorenz Maroldt und sein Team berichten im Tagesspiegel-Newsletter Checkpoint \u00fcber Berlins Irrungen und Wirrungen. Hier kostenlos anmelden. <\/a><\/p>\n<p class=\"tspCCnp\">Die S3 f\u00e4hrt den Angaben nach derzeit zwischen Ostbahnhof und Charlottenburg nur im 20-Minuten-Takt. Die Linie S5 verkehrt nur zwischen Strausberg Nord und Warschauer Stra\u00dfe. Zwischen Warschauer Stra\u00dfe und Westkreuz sollen Fahrg\u00e4ste auf die S3, S7 oder S9 umsteigen. Wie lange es dauern wird, bis die S-Bahnen wieder regelm\u00e4\u00dfig fahren, wurde zun\u00e4chst nicht mitgeteilt.<\/p>\n<p> Notarzteinsatz in Grunewald <\/p>\n<p class=\"tspCCnp\">Wegen eines Notarzteinsatzes auf der Fernbahn-Strecke im Bereich Grunewald ist aktuell au\u00dferdem die Linie S7 zwischen Grunewald und Wannsee unterbrochen. Die Linie f\u00e4hrt laut S-Bahn-Angaben derzeit nur zwischen Ahrensfelde und Grunewald sowie zwischen Wannsee und Potsdam Hauptbahnhof im 20-Minuten-Takt. <\/p>\n<p class=\"tspCCnp\">Zur Umfahrung kann zwischen Friedrichstra\u00dfe und Wannsee die S1 genutzt werden. Zudem wurde zwischen Grunewald und Wannsee ein Ersatzverkehr mit Bussen eingerichtet. Das sind die Haltestellen des Ersatzverkehrs: <\/p>\n<ul data-qa-hook=\"story-list-ul\" class=\"tspCUpp\">\n<li class=\"tspCUlz tspCUlz\">Grunewald &#8211; Eichkampstra\u00dfe (wie\u00a0Bus 349)<\/li>\n<li class=\"tspCUlz tspCUlz\">Nikolassee &#8211; Borussenstra\u00dfe (wie\u00a0Busse N16 und N18)<\/li>\n<li class=\"tspCUlz tspCUlz\">Wannsee &#8211; Kronprinzessinnenweg (wie Busse\u00a0114, 118, 620)<\/li>\n<\/ul>\n<p>Mehr aus Berlin: <a href=\"https:\/\/www.tagesspiegel.de\/berlin\/bezirke\/charlottenburg-wilmersdorf\/abriss-plane-fur-das-artemis-berlins-grosstes-bordell-soll-dem-hochsten-wolkenkratzer-der-stadt-weichen-15242493.html?icid=topic-list_15246819___\" data-gtm-class=\"article-mzt-link\" data-hydrate-fingerprint=\"09740a54944caac75fd2c0c63fd5c5df\" data-hydrate-props=\"{&amp;escapedquot;element&amp;escapedquot;:{&amp;escapedquot;type&amp;escapedquot;:&amp;escapedquot;relatedContent&amp;escapedquot;,&amp;escapedquot;fieldMap&amp;escapedquot;:{},&amp;escapedquot;relation&amp;escapedquot;:{&amp;escapedquot;fields&amp;escapedquot;:{&amp;escapedquot;isPaid&amp;escapedquot;:true},&amp;escapedquot;href&amp;escapedquot;:&amp;escapedquot;\/berlin\/bezirke\/charlottenburg-wilmersdorf\/abriss-plane-fur-das-artemis-berlins-grosstes-bordell-soll-dem-hochsten-wolkenkratzer-der-stadt-weichen-15242493.html&amp;escapedquot;,&amp;escapedquot;teaserTitle&amp;escapedquot;:{&amp;escapedquot;kicker&amp;escapedquot;:&amp;escapedquot;Abriss-Pl\u00e4ne f\u00fcr das \u201eArtemis\u201c&amp;escapedquot;,&amp;escapedquot;headline&amp;escapedquot;:&amp;escapedquot;Berlins gr\u00f6\u00dftes Bordell soll dem h\u00f6chsten Wolkenkratzer der Stadt weichen&amp;escapedquot;},&amp;escapedquot;id&amp;escapedquot;:&amp;escapedquot;15242493&amp;escapedquot;,&amp;escapedquot;type&amp;escapedquot;:&amp;escapedquot;story&amp;escapedquot;},&amp;escapedquot;isPartOfList&amp;escapedquot;:true,&amp;escapedquot;topicListType&amp;escapedquot;:&amp;escapedquot;topic-list&amp;escapedquot;},&amp;escapedquot;showArrow&amp;escapedquot;:true}\" data-hydrate-slots=\"{&#039;default&#039;:[]}\" class=\"tspC3qb tspC2p9\" rel=\"nofollow noopener\" target=\"_blank\">Abriss-Pl\u00e4ne f\u00fcr das \u201eArtemis\u201c Berlins gr\u00f6\u00dftes Bordell soll dem h\u00f6chsten Wolkenkratzer der Stadt weichen <\/a><a href=\"https:\/\/www.tagesspiegel.de\/berlin\/38-jahriger-am-ber-festgenommen-weiterer-verdachtiger-nach-millionen-coup-in-berlin-charlottenburg-gefasst-15246300.html?icid=topic-list_15246819___\" data-gtm-class=\"article-mzt-link\" data-hydrate-fingerprint=\"09740a54944caac75fd2c0c63fd5c5df\" data-hydrate-props=\"{&amp;escapedquot;element&amp;escapedquot;:{&amp;escapedquot;type&amp;escapedquot;:&amp;escapedquot;relatedContent&amp;escapedquot;,&amp;escapedquot;fieldMap&amp;escapedquot;:{},&amp;escapedquot;relation&amp;escapedquot;:{&amp;escapedquot;fields&amp;escapedquot;:{&amp;escapedquot;isPaid&amp;escapedquot;:null},&amp;escapedquot;href&amp;escapedquot;:&amp;escapedquot;\/berlin\/38-jahriger-am-ber-festgenommen-weiterer-verdachtiger-nach-millionen-coup-in-berlin-charlottenburg-gefasst-15246300.html&amp;escapedquot;,&amp;escapedquot;teaserTitle&amp;escapedquot;:{&amp;escapedquot;kicker&amp;escapedquot;:&amp;escapedquot;38-J\u00e4hriger am BER festgenommen&amp;escapedquot;,&amp;escapedquot;headline&amp;escapedquot;:&amp;escapedquot;Weiterer Verd\u00e4chtiger nach Millionen-Coup in Berlin-Charlottenburg gefasst&amp;escapedquot;},&amp;escapedquot;id&amp;escapedquot;:&amp;escapedquot;15246300&amp;escapedquot;,&amp;escapedquot;type&amp;escapedquot;:&amp;escapedquot;story&amp;escapedquot;},&amp;escapedquot;isPartOfList&amp;escapedquot;:true,&amp;escapedquot;topicListType&amp;escapedquot;:&amp;escapedquot;topic-list&amp;escapedquot;},&amp;escapedquot;showArrow&amp;escapedquot;:true}\" data-hydrate-slots=\"{&#039;default&#039;:[]}\" class=\"tspC3qb tspC2p9\" rel=\"nofollow noopener\" target=\"_blank\">38-J\u00e4hriger am BER festgenommen Weiterer Verd\u00e4chtiger nach Millionen-Coup in Berlin-Charlottenburg gefasst <\/a><a href=\"https:\/\/www.tagesspiegel.de\/berlin\/ich-habe-so-etwas-noch-nie-erlebt-aufraumen-nach-dem-todlichen-hochhausbrand-in-berlin-friedrichsfelde-15245836.html?icid=topic-list_15246819___\" data-gtm-class=\"article-mzt-link\" data-hydrate-fingerprint=\"09740a54944caac75fd2c0c63fd5c5df\" data-hydrate-props=\"{&amp;escapedquot;element&amp;escapedquot;:{&amp;escapedquot;type&amp;escapedquot;:&amp;escapedquot;relatedContent&amp;escapedquot;,&amp;escapedquot;fieldMap&amp;escapedquot;:{},&amp;escapedquot;relation&amp;escapedquot;:{&amp;escapedquot;fields&amp;escapedquot;:{&amp;escapedquot;isPaid&amp;escapedquot;:true},&amp;escapedquot;href&amp;escapedquot;:&amp;escapedquot;\/berlin\/ich-habe-so-etwas-noch-nie-erlebt-aufraumen-nach-dem-todlichen-hochhausbrand-in-berlin-friedrichsfelde-15245836.html&amp;escapedquot;,&amp;escapedquot;teaserTitle&amp;escapedquot;:{&amp;escapedquot;kicker&amp;escapedquot;:&amp;escapedquot;\u201eIch habe so etwas noch nie erlebt\u201c&amp;escapedquot;,&amp;escapedquot;headline&amp;escapedquot;:&amp;escapedquot;Aufr\u00e4umen nach dem t\u00f6dlichen Hochhausbrand in Berlin-Friedrichsfelde&amp;escapedquot;},&amp;escapedquot;id&amp;escapedquot;:&amp;escapedquot;15245836&amp;escapedquot;,&amp;escapedquot;type&amp;escapedquot;:&amp;escapedquot;story&amp;escapedquot;},&amp;escapedquot;isPartOfList&amp;escapedquot;:true,&amp;escapedquot;topicListType&amp;escapedquot;:&amp;escapedquot;topic-list&amp;escapedquot;},&amp;escapedquot;showArrow&amp;escapedquot;:true}\" data-hydrate-slots=\"{&#039;default&#039;:[]}\" class=\"tspC3qb tspC2p9\" rel=\"nofollow noopener\" target=\"_blank\">\u201eIch habe so etwas noch nie erlebt\u201c Aufr\u00e4umen nach dem t\u00f6dlichen Hochhausbrand in Berlin-Friedrichsfelde <\/a><\/p>\n<p class=\"tspCCnp\">Bereits am fr\u00fchen Freitagmorgen hatte die S-Bahn \u00fcber Reparaturarbeiten an einem Signal in Gesundbrunnen informiert. Diese hatten den Takt der Linien S1, S2, S25 und S26 beeintr\u00e4chtigt. (Tsp, dpa)<\/p>\n","protected":false},"excerpt":{"rendered":"In Berlin kommt es am Freitagvormittag zu einigen Versp\u00e4tungen und Ausf\u00e4llen der S-Bahn. An einem Signal am Alexanderplatz&hellip;\n","protected":false},"author":2,"featured_media":794024,"comment_status":"","ping_status":"","sticky":false,"template":"","format":"standard","meta":{"footnotes":"","_share_on_mastodon":"0"},"categories":[1825],"tags":[9006,296,29,94201,30],"class_list":["post-794023","post","type-post","status-publish","format-standard","has-post-thumbnail","category-berlin","tag-alexanderplatz","tag-berlin","tag-deutschland","tag-fahrrad-und-verkehr-in-berlin","tag-germany"],"share_on_mastodon":{"url":"https:\/\/pubeurope.com\/@de\/116062523691421790","error":""},"_links":{"self":[{"href":"https:\/\/www.europesays.com\/de\/wp-json\/wp\/v2\/posts\/794023","targetHints":{"allow":["GET"]}}],"collection":[{"href":"https:\/\/www.europesays.com\/de\/wp-json\/wp\/v2\/posts"}],"about":[{"href":"https:\/\/www.europesays.com\/de\/wp-json\/wp\/v2\/types\/post"}],"author":[{"embeddable":true,"href":"https:\/\/www.europesays.com\/de\/wp-json\/wp\/v2\/users\/2"}],"replies":[{"embeddable":true,"href":"https:\/\/www.europesays.com\/de\/wp-json\/wp\/v2\/comments?post=794023"}],"version-history":[{"count":0,"href":"https:\/\/www.europesays.com\/de\/wp-json\/wp\/v2\/posts\/794023\/revisions"}],"wp:featuredmedia":[{"embeddable":true,"href":"https:\/\/www.europesays.com\/de\/wp-json\/wp\/v2\/media\/794024"}],"wp:attachment":[{"href":"https:\/\/www.europesays.com\/de\/wp-json\/wp\/v2\/media?parent=794023"}],"wp:term":[{"taxonomy":"category","embeddable":true,"href":"https:\/\/www.europesays.com\/de\/wp-json\/wp\/v2\/categories?post=794023"},{"taxonomy":"post_tag","embeddable":true,"href":"https:\/\/www.europesays.com\/de\/wp-json\/wp\/v2\/tags?post=794023"}],"curies":[{"name":"wp","href":"https:\/\/api.w.org\/{rel}","templated":true}]}}