{"id":794027,"date":"2026-02-13T09:06:12","date_gmt":"2026-02-13T09:06:12","guid":{"rendered":"https:\/\/www.europesays.com\/de\/794027\/"},"modified":"2026-02-13T09:06:12","modified_gmt":"2026-02-13T09:06:12","slug":"fuechse-berlin-holen-ex-europameister-palicka","status":"publish","type":"post","link":"https:\/\/www.europesays.com\/de\/794027\/","title":{"rendered":"F\u00fcchse Berlin holen Ex-Europameister Palicka"},"content":{"rendered":"<p class=\"tspCCnp tspCCnq\">Die F\u00fcchse Berlin sorgen mit dem n\u00e4chsten Top-Transfer f\u00fcr Aufsehen. Ab dem Sommer wechselt Torwart Andreas Palicka f\u00fcr eine Saison an die Spree, wie der deutsche Meister mitteilte. Zuletzt war der 39 Jahre alte Schwede beim norwegischen Champions-League-Teilnehmer Kolstad unter Vertrag, wird bis zum Saisonende aber f\u00fcr den Berliner Bundesliga-Konkurrenten HSG Wetzlar auflaufen.\u00a0<\/p>\n<p class=\"tspCCnp\">In Berlin folgt Palicka auf Stammtorh\u00fcter Dejan Milosavljev, den es im Sommer zum polnischen Top-Club Industria Kielce zieht. Gemeinsam mit Eigengew\u00e4chs Lasse Ludwig wird der Skandinavier das Gespann zwischen den Pfosten bilden. Nach Simon Pytlick und Dika Mem, die sp\u00e4testens 2027 nach Berlin wechseln, ist Palicka der n\u00e4chste namhafte der Transfer des Hauptstadt-Clubs.<\/p>\n<p class=\"tspCCnp\">\u201eDie Kombination mit Lasse Ludwig wird uns helfen, den eingeschlagenen F\u00fcchse-Weg weiterzugehen. Lasse einen so erfahrenen Torh\u00fcter an die Seite zu stellen, wird daf\u00fcr sorgen, dass wir eines der st\u00e4rksten Torh\u00fcter-Duos der Liga stellen werde\u201c, sagte F\u00fcchse-Boss Bob Hanning.\u00a0<\/p>\n<p> Europameister mit Schweden <\/p>\n<p class=\"tspCCnp\">Palicka bringt reichlich Bundesliga-Erfahrung mit. Von 2008 bis 2015 h\u00fctete er das Tor des deutschen Rekord-Champions THW Kiel, mit dem er sechsmal Meister wurde. Zwischen Sommer 2016 und Dezember 2021 stand er bei den Rhein-Neckar L\u00f6wen unter Vertrag. Mit den Mannheimern holte er einen Titel.<\/p>\n<p class=\"tspCCnp\">Mit Schweden feierte der Routinier, der Ende Januar nach 185 L\u00e4nderspielen seine Nationalmannschaftskarriere beendete, 2022 den EM-Triumph. Bei der EM 2018 und der WM 2021 gewann er jeweils Silber, 2024 EM-Bronze.<\/p>\n<p class=\"tspCCnp\">\u00a9 dpa-infocom, dpa:260213-930-681525\/1<\/p>\n<p class=\"tspCCnp\">Das ist eine Nachricht direkt aus dem dpa-Newskanal.<\/p>\n","protected":false},"excerpt":{"rendered":"Die F\u00fcchse Berlin sorgen mit dem n\u00e4chsten Top-Transfer f\u00fcr Aufsehen. Ab dem Sommer wechselt Torwart Andreas Palicka f\u00fcr&hellip;\n","protected":false},"author":2,"featured_media":794028,"comment_status":"","ping_status":"","sticky":false,"template":"","format":"standard","meta":{"footnotes":"","_share_on_mastodon":"0"},"categories":[1825],"tags":[296,29,30],"class_list":["post-794027","post","type-post","status-publish","format-standard","has-post-thumbnail","category-berlin","tag-berlin","tag-deutschland","tag-germany"],"share_on_mastodon":{"url":"https:\/\/pubeurope.com\/@de\/116062531489768945","error":""},"_links":{"self":[{"href":"https:\/\/www.europesays.com\/de\/wp-json\/wp\/v2\/posts\/794027","targetHints":{"allow":["GET"]}}],"collection":[{"href":"https:\/\/www.europesays.com\/de\/wp-json\/wp\/v2\/posts"}],"about":[{"href":"https:\/\/www.europesays.com\/de\/wp-json\/wp\/v2\/types\/post"}],"author":[{"embeddable":true,"href":"https:\/\/www.europesays.com\/de\/wp-json\/wp\/v2\/users\/2"}],"replies":[{"embeddable":true,"href":"https:\/\/www.europesays.com\/de\/wp-json\/wp\/v2\/comments?post=794027"}],"version-history":[{"count":0,"href":"https:\/\/www.europesays.com\/de\/wp-json\/wp\/v2\/posts\/794027\/revisions"}],"wp:featuredmedia":[{"embeddable":true,"href":"https:\/\/www.europesays.com\/de\/wp-json\/wp\/v2\/media\/794028"}],"wp:attachment":[{"href":"https:\/\/www.europesays.com\/de\/wp-json\/wp\/v2\/media?parent=794027"}],"wp:term":[{"taxonomy":"category","embeddable":true,"href":"https:\/\/www.europesays.com\/de\/wp-json\/wp\/v2\/categories?post=794027"},{"taxonomy":"post_tag","embeddable":true,"href":"https:\/\/www.europesays.com\/de\/wp-json\/wp\/v2\/tags?post=794027"}],"curies":[{"name":"wp","href":"https:\/\/api.w.org\/{rel}","templated":true}]}}