{"id":794033,"date":"2026-02-13T09:09:13","date_gmt":"2026-02-13T09:09:13","guid":{"rendered":"https:\/\/www.europesays.com\/de\/794033\/"},"modified":"2026-02-13T09:09:13","modified_gmt":"2026-02-13T09:09:13","slug":"kam-2015-nach-oesterreich-aus-syrien-gefluechtet-jetzt-hat-louai-ein-fotogeschaeft","status":"publish","type":"post","link":"https:\/\/www.europesays.com\/de\/794033\/","title":{"rendered":"Kam 2015 nach \u00d6sterreich \u2013 Aus Syrien gefl\u00fcchtet, jetzt hat Louai ein Fotogesch\u00e4ft"},"content":{"rendered":"<p class=\"col-12 col-md-10 col-lg-8 gb-p raw mx-auto\">Ruhig, freundlich, h\u00f6flich und kompetent \u2013 so steht Louai Abdul Fattah (29) in seinem Gesch\u00e4ft <a rel=\"nofollow noopener\" href=\"https:\/\/www.fotosoyka.at\/\" target=\"_blank\">Foto Soyka<\/a> in der Praterstra\u00dfe 42 (Leopoldstadt). Immer wieder unterbrechen Kunden das Interview, wollen Filme entwickeln oder Passfotos machen lassen. Auf die Frage, ob Louai schon immer Fotograf werden wollte, meint er nur lachend: &#8222;Meine ganze Familie besteht aus Fotografen. In Damaskus haben wir drei Fotostudios gehabt.&#8220;<\/p>\n<p class=\"col-12 col-md-10 col-lg-8 gb-p raw mx-auto\">Als er 2015 als Fl\u00fcchtling von Syrien nach \u00d6sterreich kam, war f\u00fcr den heute 29-J\u00e4hrigen bereits klar: &#8222;Ich will mein eigenes Fotostudio haben!&#8220; Vor zehn Jahren machte sich Louai von Damaskus aus auf den Weg nach Europa: &#8222;Ich musste \u2013 wegen dem Krieg. Sie wollten mich zum Milit\u00e4rdienst einziehen. Ich wollte einfach irgendwo hin, wo es sicher ist&#8220;, erz\u00e4hlt er.<\/p>\n<p><a href=\"https:\/\/www.heute.at\/i\/aus-syrien-gefluechtet-jetzt-hat-louai-ein-fotogeschaeft-120161836\/doc-1jh8kkg100\" rel=\"nofollow noopener\" target=\"_blank\"><img decoding=\"async\" src=\"https:\/\/www.europesays.com\/de\/wp-content\/uploads\/2026\/02\/310bbb82-eee1-4792-a82b-23afdb9fa929.jpg\" class=\"lazy gallery-image\"  data- alt=\"Louai Abdul Fattah hat sich seinen Traum vom eigenen Fotostudio verwirklicht.\"\/><\/a><\/p>\n<p> Louai Abdul Fattah hat sich seinen Traum vom eigenen Fotostudio verwirklicht.<\/p>\n<p>Helmut Graf<\/p>\n<p>Eingepfercht im Flucht-Transporter<\/p>\n<p class=\"col-12 col-md-10 col-lg-8 gb-p raw mx-auto\">Doch das Geld f\u00fcr die Flucht reichte nicht f\u00fcr die ganze achtk\u00f6pfige Familie \u2013 also machte sich der damals 18-J\u00e4hrige allein mit seiner achtj\u00e4hrigen Schwester auf den Weg \u2013 zu Fu\u00df: &#8222;Sp\u00e4ter kam dann noch mein Onkel dazu. Aber in Mazedonien wurden meine Schwester und er in Haft genommen. Sie sa\u00dfen dort drei Monate fest.&#8220;<\/p>\n<p class=\"col-12 col-md-10 col-lg-8 gb-p raw mx-auto\">Louai setzte seine Flucht fort \u2013 \u00fcber Ungarn gelangte er in einem Transporter nach \u00d6sterreich: &#8222;Wir waren sehr, sehr viele \u2013 eingepfercht im Wagen mit nur einem kleinen Loch zum Atmen. In der N\u00e4he von Parndorf (Bgld.) hat uns der Fahrer rausgelassen und ist dann sofort weggefahren. Wir haben dann Autos auf der Autobahn gestoppt \u2013 auch eine Polizistin au\u00dfer Dienst war dabei&#8220;, erinnert sich der 29-J\u00e4hrige.<\/p>\n<blockquote><p>\u201eIch wollte unbedingt die deutsche Sprache lernen! Ich war voll motiviert und neugierig\u201c<\/p><\/blockquote>\n<p>Louai Abdul Fattahkam 2015 aus Syrien nach Wien<\/p>\n<p class=\"col-12 col-md-10 col-lg-8 gb-p raw mx-auto\">Der Syrer kam ins Aufnahmezentrum nach Traiskirchen (N\u00d6), sp\u00e4ter dann nach Wien: &#8222;Als ich hier angekommen bin, war die Fl\u00fcchtlingswelle gerade voll da. Ich habe mich dann bei &#8218;Train of Hope&#8216; (eine privat initiierte Fl\u00fcchtlingshilfe, Anm.)\u00a0am Hauptbahnhof gemeldet und dort erst in der K\u00fcche und dann in der Kinderbetreuung gearbeitet.&#8220; 2016 kam die restliche Familie (Eltern und Geschwister) nach.<\/p>\n<p class=\"col-12 col-md-10 col-lg-8 gb-p raw mx-auto\">F\u00fcr Louai war von Anfang an klar: &#8222;Ich wollte unbedingt die deutsche Sprache lernen! Ich war voll motiviert und neugierig. Aber die Deutschkurse, die mir angeboten wurden, waren teilweise leider nicht gut. Deshalb habe ich mir dann selbst Deutschkurse gesucht. 2017 habe ich dann die B1-Pr\u00fcfung (Mittelstufe, Anm.) gemacht.&#8220;<\/p>\n<p>Lehre als Bautechnikzeichner<\/p>\n<p class=\"col-12 col-md-10 col-lg-8 gb-p raw mx-auto\">Nach einer absolvierten Fotografie-Ausbildung in der Anzenberger Gallery wollte Louai eigentlich eine Fotografie-Lehre machen: &#8222;Aber es hie\u00df \u00fcberall: F\u00fcr eine Lehre haben Sie schon zu viele Kenntnisse. Also habe ich eine Lehre als Bautechnikzeichner bei Franz&amp;Sue Architekten in Favoriten gemacht. Danach habe ich dort bis 2025 als Bautechnikzeichner und Fotograf gearbeitet.&#8220;<\/p>\n<p class=\"col-12 col-md-10 col-lg-8 gb-p raw mx-auto\">2019 meldete der 29-J\u00e4hrige zudem ein Gewerbe als Fotograf an und betrieb ein Mini-Studio in Favoriten: &#8222;Dort habe ich Bewerbungs- und Pass-Fotos gemacht.&#8220; \u00dcber seinen Bekannten Daniel Landau erfuhr er von einer Homepage der Wirtschaftskammer, auf der aufgrund von Pensionierungen Betriebs\u00fcbernahmen aufgelistet werden.<\/p>\n<p><a href=\"https:\/\/www.heute.at\/i\/aus-syrien-gefluechtet-jetzt-hat-louai-ein-fotogeschaeft-120161836\/doc-1jh8kmq1d0\" rel=\"nofollow noopener\" target=\"_blank\"><img decoding=\"async\" src=\"https:\/\/www.europesays.com\/de\/wp-content\/uploads\/2026\/02\/4b0bc651-d1a0-4287-bd15-8cd7c8525aab.jpg\" class=\"lazy gallery-image\"  data- alt=\"Der Name des Fotogesch\u00e4ftes &quot;Foto Soyka&quot; bleibt erhalten.\"\/><\/a><\/p>\n<p> Der Name des Fotogesch\u00e4ftes &#8222;Foto Soyka&#8220; bleibt erhalten.<\/p>\n<p>Helmut Graf<\/p>\n<blockquote><p>\u201eIch wollte immer ein eigenes Fotostudio haben. Jetzt ist mein Traum wahr geworden\u201c<\/p><\/blockquote>\n<p>Louaihat jetzt sein eigenes Fotogesch\u00e4ft<\/p>\n<p class=\"col-12 col-md-10 col-lg-8 gb-p raw mx-auto\">Louai meldete sich daraufhin bei Thomas Soyka, der sich nach 54 Jahren &#8222;in den Unruhestand zur\u00fcckzieht&#8220; \u2013 nach mehreren Gespr\u00e4chen \u00fcbernahm er das Gesch\u00e4ft in der Praterstra\u00dfe. Seit J\u00e4nner steht er hinter der Budel: &#8222;Vor zehn Jahren habe ich gesagt, dass ich einmal ein eigenes Fotostudio haben m\u00f6chte. Jetzt ist mein Traum wahr geworden&#8220;, freut sich der Wahl-Wiener.<\/p>\n<p class=\"col-12 col-md-10 col-lg-8 gb-p raw mx-auto\">Den Namen des Gesch\u00e4ftes hat der 29-J\u00e4hrige der Einfachheit halber behalten: &#8222;Mal schauen, wie das Business l\u00e4uft. Ich m\u00f6chte mich auf jeden Fall nicht nur auf den Handel, sondern auch auf die Fotografie fokussieren. Aber das Wichtigst ist, dass ich meine Familie unterst\u00fctzen kann.&#8220;<\/p>\n<p> {title &amp;&amp; {title} } cz, {title &amp;&amp; {title} } 13.02.2026, 06:00<\/p>\n","protected":false},"excerpt":{"rendered":"Ruhig, freundlich, h\u00f6flich und kompetent \u2013 so steht Louai Abdul Fattah (29) in seinem Gesch\u00e4ft Foto Soyka in&hellip;\n","protected":false},"author":2,"featured_media":794034,"comment_status":"","ping_status":"","sticky":false,"template":"","format":"standard","meta":{"footnotes":"","_share_on_mastodon":"0"},"categories":[1775],"tags":[1793,29,214,30,1794,215],"class_list":["post-794033","post","type-post","status-publish","format-standard","has-post-thumbnail","category-kunst-und-design","tag-art-and-design","tag-deutschland","tag-entertainment","tag-germany","tag-kunst-und-design","tag-unterhaltung"],"share_on_mastodon":{"url":"https:\/\/pubeurope.com\/@de\/116062543175792396","error":""},"_links":{"self":[{"href":"https:\/\/www.europesays.com\/de\/wp-json\/wp\/v2\/posts\/794033","targetHints":{"allow":["GET"]}}],"collection":[{"href":"https:\/\/www.europesays.com\/de\/wp-json\/wp\/v2\/posts"}],"about":[{"href":"https:\/\/www.europesays.com\/de\/wp-json\/wp\/v2\/types\/post"}],"author":[{"embeddable":true,"href":"https:\/\/www.europesays.com\/de\/wp-json\/wp\/v2\/users\/2"}],"replies":[{"embeddable":true,"href":"https:\/\/www.europesays.com\/de\/wp-json\/wp\/v2\/comments?post=794033"}],"version-history":[{"count":0,"href":"https:\/\/www.europesays.com\/de\/wp-json\/wp\/v2\/posts\/794033\/revisions"}],"wp:featuredmedia":[{"embeddable":true,"href":"https:\/\/www.europesays.com\/de\/wp-json\/wp\/v2\/media\/794034"}],"wp:attachment":[{"href":"https:\/\/www.europesays.com\/de\/wp-json\/wp\/v2\/media?parent=794033"}],"wp:term":[{"taxonomy":"category","embeddable":true,"href":"https:\/\/www.europesays.com\/de\/wp-json\/wp\/v2\/categories?post=794033"},{"taxonomy":"post_tag","embeddable":true,"href":"https:\/\/www.europesays.com\/de\/wp-json\/wp\/v2\/tags?post=794033"}],"curies":[{"name":"wp","href":"https:\/\/api.w.org\/{rel}","templated":true}]}}