{"id":794072,"date":"2026-02-13T09:32:13","date_gmt":"2026-02-13T09:32:13","guid":{"rendered":"https:\/\/www.europesays.com\/de\/794072\/"},"modified":"2026-02-13T09:32:13","modified_gmt":"2026-02-13T09:32:13","slug":"benz-eroeffnet-neuen-standort-in-mannheim","status":"publish","type":"post","link":"https:\/\/www.europesays.com\/de\/794072\/","title":{"rendered":"Benz er\u00f6ffnet neuen Standort in Mannheim"},"content":{"rendered":"<p>        <img decoding=\"async\" title=\"Quelle: Sylviane Brauer Fotografie Atelier\" src=\"https:\/\/www.europesays.com\/de\/wp-content\/uploads\/2025\/09\/1758611891_436_loader-2.png\" v-lazy=\"'https:\/\/hcms.rudolf-mueller.de\/hcms\/v4.1\/entity\/articlepage\/4670464\/media\/MDQ2NzA0NzUvMC8wOTg2ODExODg0RkZBOTBDN0U0OUIzN0FFNzU2NzNDMTRFRjUzQjlB\/16-9-800'\"\/><\/p>\n<p>Mehr als 200 Personen kamen zur Mannheim Opening Night. (Quelle: Sylviane Brauer Fotografie Atelier)<\/p>\n<p>Anfang Februar lud Benz zur feierlichen Er\u00f6ffnung des neuen Standorts in Mannheim, Fabrikationsstra\u00dfe 39-43, ein. Nach jahrelanger Suche eines geeigneten Grundst\u00fccks sei es der Gesch\u00e4ftsf\u00fchrung um Roland Benz gelungen im Stadtgebiet Neckarau ein rund sechseinhalbtausend Quadratmeter gro\u00dfes Gel\u00e4nde ausfindig zu machen, hei\u00dft es in einer Mitteilung. \u201eDer Baustofffachhandel hat besondere Anspr\u00fcche an die Lagerhaltung, denn Baustoffe sind volumin\u00f6s. Zudem m\u00fcssen Zufahrten so ger\u00e4umig sein, dasss sie mit einem LKW befahren werden k\u00f6nnen\u201c, so der Gesch\u00e4ftsf\u00fchrer der vierten Generation Christian Schieck.<\/p>\n<p>Zur Opening Night lud das Unternehmen G\u00e4ste aus verschiedenen Gewerken des Handwerks sowie Architekten und Planer ein. Dazu gesellten sich langj\u00e4hrige Industriepartner und Projektbegleiter, insgesamt mehr als 200 Personen. Ein Gro\u00dfteil der Kunden kannte den Baustofffachhandel noch aus der Seckenheimer Landstra\u00dfe. \u201eDie R\u00e4umlichkeiten dort waren f\u00fcr unsere Kunden und nicht zuletzt f\u00fcr unsere Mitarbeitenden nicht mehr angemessen\u201c, sagte Christian Schieck in seiner Rede.<\/p>\n<p>Die G\u00e4ste wurden der Mitteilung zufolge durch die eigens f\u00fcr das Event in den Farben des Unternehmens beleuchtete Fassade in die Filiale gelockt. Im Inneren beschr\u00e4nkte sich der Empfang zun\u00e4chst auf den Abholmarkt und das Erdgeschoss des Benz Ateliers, das zum ersten Mal in der Firmengeschichte in einer gro\u00dfz\u00fcgigen Wohnraumausstellung gewerke\u00fcbergreifende Sortimente zeigt. Nach weiteren Reden schritt die Gesch\u00e4ftsf\u00fchrung, gefolgt von der Vertriebsleitung, zur Mitte der gro\u00dfen Holztreppe. Dort schnitt Nina Schieck das Band entzwei und gab somit den Weg zum Obergeschoss frei, wo der Abend laut Mitteilung in ein lockeres After-Work-Event \u00fcberging.<\/p>\n<p>        <img decoding=\"async\" alt=\"Eine Gruppe von Menschen bei einer Banddurchschnitt-Zeremonie auf einer Treppe.\" title=\"Eine Gruppe von Menschen bei einer Banddurchschnitt-Zeremonie auf einer Treppe. (Quelle: Sylviane Brauer Fotografie Atelier)\" src=\"https:\/\/www.europesays.com\/de\/wp-content\/uploads\/2025\/09\/1758611891_436_loader-2.png\" v-lazy=\"'https:\/\/hcms.rudolf-mueller.de\/hcms\/v4.1\/entity\/articlepage\/4670464\/media\/MDQ2NzA0NzkvMC82MUE3QjA0NzRCQTI4MjRGRTQzQTQ1MEQ2RTVFQjkwQUJBQjIyMzEy\/16-9-400'\"\/><\/p>\n<p>Nina Schieck ergriff die goldene Schere und schnitt das Satinband entzwei. (Quelle: Sylviane Brauer Fotografie Atelier)<\/p>\n<p>        <img decoding=\"async\" alt=\"Eine Gruppe von Menschen in formeller Kleidung bei einem Netzwerkevent in einem modernen Raum.\" title=\"Eine Gruppe von Menschen in formeller Kleidung bei einem Netzwerkevent in einem modernen Raum. (Quelle: Sylviane Brauer Fotografie Atelier)\" src=\"https:\/\/www.europesays.com\/de\/wp-content\/uploads\/2025\/09\/1758611891_436_loader-2.png\" v-lazy=\"'https:\/\/hcms.rudolf-mueller.de\/hcms\/v4.1\/entity\/articlepage\/4670464\/media\/MDQ2NzA0ODEvMC9EMDVFREFGRTMwODdEN0VENDcwNUUxQ0VCMjA4MzNGQUVCNUY2MUQx\/16-9-400'\"\/><\/p>\n<p>Auch Dr. Eckard Kern (dritter von links), Vorsitzender der Eurobaustoff Gesch\u00e4ftsf\u00fchrung, sowie Patrick Dietrich (rechts), Gesch\u00e4ftsf\u00fchrer Beschaffungsmanagement bei der Eurobaustoff, waren unter den G\u00e4sten der Opening Night. (Quelle: Sylviane Brauer Fotografie Atelier)<\/p>\n<p>        <img decoding=\"async\" alt=\"Ein modernes Geb\u00e4ude mit einer auff\u00e4lligen Leuchtreklame bei Nacht.\" title=\"Ein modernes Geb\u00e4ude mit einer auff\u00e4lligen Leuchtreklame bei Nacht. (Quelle: Sylviane Brauer Fotografie Atelier)\" src=\"https:\/\/www.europesays.com\/de\/wp-content\/uploads\/2025\/09\/1758611891_436_loader-2.png\" v-lazy=\"'https:\/\/hcms.rudolf-mueller.de\/hcms\/v4.1\/entity\/articlepage\/4670464\/media\/MDQ2NzA0ODgvMC9BRTEwODU5NjE5QjNFRTEwQThDNzU0RTAwNDRFNzQ5RUJFNjA1Nzk0\/16-9-400'\"\/><\/p>\n<p>Das Grundst\u00fcck im Stadtteil Neckarau umfasst rund sechseinhalbtausend Quadratmeter. (Quelle: Sylviane Brauer Fotografie Atelier)<\/p>\n","protected":false},"excerpt":{"rendered":"Mehr als 200 Personen kamen zur Mannheim Opening Night. (Quelle: Sylviane Brauer Fotografie Atelier) Anfang Februar lud Benz&hellip;\n","protected":false},"author":2,"featured_media":794073,"comment_status":"","ping_status":"","sticky":false,"template":"","format":"standard","meta":{"footnotes":"","_share_on_mastodon":"0"},"categories":[1845],"tags":[1634,3364,29,548,663,3934,30,13,2096,14,15,12],"class_list":["post-794072","post","type-post","status-publish","format-standard","has-post-thumbnail","category-mannheim","tag-baden-wuerttemberg","tag-de","tag-deutschland","tag-eu","tag-europa","tag-europe","tag-germany","tag-headlines","tag-mannheim","tag-nachrichten","tag-news","tag-schlagzeilen"],"share_on_mastodon":{"url":"https:\/\/pubeurope.com\/@de\/116062634560178887","error":""},"_links":{"self":[{"href":"https:\/\/www.europesays.com\/de\/wp-json\/wp\/v2\/posts\/794072","targetHints":{"allow":["GET"]}}],"collection":[{"href":"https:\/\/www.europesays.com\/de\/wp-json\/wp\/v2\/posts"}],"about":[{"href":"https:\/\/www.europesays.com\/de\/wp-json\/wp\/v2\/types\/post"}],"author":[{"embeddable":true,"href":"https:\/\/www.europesays.com\/de\/wp-json\/wp\/v2\/users\/2"}],"replies":[{"embeddable":true,"href":"https:\/\/www.europesays.com\/de\/wp-json\/wp\/v2\/comments?post=794072"}],"version-history":[{"count":0,"href":"https:\/\/www.europesays.com\/de\/wp-json\/wp\/v2\/posts\/794072\/revisions"}],"wp:featuredmedia":[{"embeddable":true,"href":"https:\/\/www.europesays.com\/de\/wp-json\/wp\/v2\/media\/794073"}],"wp:attachment":[{"href":"https:\/\/www.europesays.com\/de\/wp-json\/wp\/v2\/media?parent=794072"}],"wp:term":[{"taxonomy":"category","embeddable":true,"href":"https:\/\/www.europesays.com\/de\/wp-json\/wp\/v2\/categories?post=794072"},{"taxonomy":"post_tag","embeddable":true,"href":"https:\/\/www.europesays.com\/de\/wp-json\/wp\/v2\/tags?post=794072"}],"curies":[{"name":"wp","href":"https:\/\/api.w.org\/{rel}","templated":true}]}}