{"id":794163,"date":"2026-02-13T10:20:16","date_gmt":"2026-02-13T10:20:16","guid":{"rendered":"https:\/\/www.europesays.com\/de\/794163\/"},"modified":"2026-02-13T10:20:16","modified_gmt":"2026-02-13T10:20:16","slug":"scharfschuetzen-bei-der-sicherheitskonferenz-in-muenchen-insgesamt-5000-polizisten-politik","status":"publish","type":"post","link":"https:\/\/www.europesays.com\/de\/794163\/","title":{"rendered":"Scharfsch\u00fctzen bei der Sicherheitskonferenz in M\u00fcnchen! Insgesamt 5000 Polizisten | Politik"},"content":{"rendered":"<p><a class=\"skip-content skip-content--link\" href=\"#in-content-skip-link-target-v-0-0\">TTS-Player \u00fcberspringen\u21b5<\/a><a id=\"in-content-skip-link-target-v-0-0\" class=\"skip-content--target-link-hidden skip-content skip-content--target-link\" href=\"#in-content-skip-link-target-v-0-0\">Artikel weiterlesen<\/a><\/p>\n<p>M\u00fcnchen \u2013 <b>Es ist eines der wichtigsten und am prominentesten besetzten Treffen weltweit! 50 Staats- und Regierungschefs und zahlreiche Top-Milit\u00e4rs kommen zur 62. M\u00fcnchner Sicherheitskonferenz (MSC), um \u00fcber Krieg und Frieden zu beraten. Zum Schutz der hochkar\u00e4tigen G\u00e4ste fahren die deutschen Sicherheitsbeh\u00f6rden alles auf, was geht. <\/b><\/p>\n<p>Mindestens 5000 Beamte sichern das <a href=\"https:\/\/www.bild.de\/politik\/inland\/live-ticker-zur-msc-die-grossen-entscheider-zu-gast-bei-der-muenchner-sicherheitskonferenz-698ee03bf4d0b8d94ca1b04e\" class=\"text-link\" rel=\"nofollow noopener\" target=\"_blank\">Gipfeltreffen der globalen Sicherheitspolitik<\/a>, zu dem u.\u00a0a. US-Au\u00dfenminister Marco Rubio (54), Reza Pahlavi (65), Sohn des ehemaligen iranischen Schahs und Bundeskanzler <a href=\"https:\/\/www.bild.de\/politik\/leute\/friedrich-merz\/friedrich-merz-alle-infos-76682054.bild.html\" class=\"text-link\" rel=\"nofollow noopener\" target=\"_blank\">Friedrich Merz <\/a>(70, CDU) anreisen! <\/p>\n<p>In der Stadt sind neben deutschen Polizisten auch erstmals Einsatzkr\u00e4fte aus \u00d6sterreich, der Schweiz, den Niederlanden und Frankreich. Auch <a href=\"https:\/\/www.bild.de\/themen\/organisationen\/spezialeinsatzkommando\/politik-nachrichten-news-fotos-videos-02-42509142.bild.html\" class=\"text-link\" rel=\"nofollow noopener\" target=\"_blank\">SEK<\/a>-Kr\u00e4fte sind \u2013 wie bei solchen Treffen \u00fcblich \u2013 in Bereitschaft, Scharfsch\u00fctzen bauten sich schon Freitagfr\u00fch auf D\u00e4chern der City auf.<\/p>\n<p><img decoding=\"async\" width=\"992\" height=\"558\" alt=\"Polizei-Sp\u00fcrhund \u201eLuna\u201c schn\u00fcffelt an einem Auto im Sicherheitsbereich\" src=\"https:\/\/www.europesays.com\/de\/wp-content\/uploads\/2026\/02\/6e18357c533ca54b2eafbb068dd3bb8b,67c4bc8e.jpeg\"   class=\"landscape\" loading=\"lazy\"\/><\/p>\n<p class=\"fig__caption__text\">Polizei-Sp\u00fcrhund \u201eLuna\u201c schn\u00fcffelt an einem Auto im Sicherheitsbereich<\/p>\n<p>Foto: EPA<\/p>\n<p><img decoding=\"async\" width=\"992\" height=\"558\" alt=\"Danach kurze Einsatzbesprechung mit der Diensthundef\u00fchrerin\" src=\"https:\/\/www.europesays.com\/de\/wp-content\/uploads\/2026\/02\/bca72793d994b794507d7c9150c8a633,ff8177a8.jpeg\"   class=\"landscape\" loading=\"lazy\"\/><\/p>\n<p class=\"fig__caption__text\">Danach kurze Einsatzbesprechung mit der Diensthundef\u00fchrerin<\/p>\n<p>Foto: EPA<\/p>\n<p>Ausweis- und Taschenkontrollen im zweiten Sicherheitsring<\/p>\n<p>Die Polizei bewacht vor allem den innersten Sicherheitskreis um den Veranstaltungsort, das Hotel <a href=\"https:\/\/www.bild.de\/regional\/bayern\/home-F0nY8r5b4CmXLAXAmTuS\" class=\"text-link\" rel=\"nofollow noopener\" target=\"_blank\">Bayerischer<\/a> Hof. Rund um den Promenadeplatz ist laut Allgemeinverf\u00fcgung der <a href=\"https:\/\/www.bild.de\/regional\/muenchen\/muenchen-regional\/home-16344438.bild.html\" class=\"text-link\" rel=\"nofollow noopener\" target=\"_blank\">M\u00fcnchner<\/a> Polizei ohne Akkreditierung absolutes Betretungsverbot. Die angrenzenden Stra\u00dfen (\u201eerweiterte Sicherheitszone\u201c) d\u00fcrfen nur mit \u201eberechtigtem Interesse\u201c betreten werden, hier gibt es Ausweis- und Taschenkontrollen. <\/p>\n<p>Am Wochenende ist fast das gesamte Stadtgebiet Flugverbotszone, auch private oder professionell genutzte <a href=\"https:\/\/www.bild.de\/themen\/specials\/drohne\/news-nachrichten-news-fotos-videos-politik-28382462.bild.html\" class=\"text-link\" rel=\"nofollow noopener\" target=\"_blank\">Drohnen<\/a> sind streng verboten. Den 5,5 Kilometer gro\u00dfen Radius \u00fcberwacht die Polizei mit modernen Drohnendetektoren und bek\u00e4mpft sie notfalls mit Abwehranlagen. Speziell ausgebildete <a href=\"https:\/\/www.bild.de\/regional\/aktuelles\/polizei\/polizeieinsatz-alle-infos-76681760.bild.html\" class=\"text-link\" rel=\"nofollow noopener\" target=\"_blank\">Polizisten<\/a> aus Tschechien helfen beim Schutz des Flughafens, auf dem zahlreiche Top-G\u00e4ste landen.<\/p>\n<p><img decoding=\"async\" width=\"992\" height=\"558\" alt=\"Stra\u00dfensperren der Polizei rund um den Veranstaltungsort\" src=\"https:\/\/www.europesays.com\/de\/wp-content\/uploads\/2026\/02\/bb494942140d9831800d0f10aa7bf1b4,ccfb2a25.jpeg\"   class=\"landscape\" loading=\"lazy\"\/><\/p>\n<p class=\"fig__caption__text\">Stra\u00dfensperren der Polizei rund um den Veranstaltungsort<\/p>\n<p>Foto: EPA<\/p>\n<p>Die Polizei bereitet sich auch auf viele Demos und Proteste vor. 21 Kundgebungen sind angemeldet, allein 100.000 Menschen wollen am Samstag auf der Theresienwiese f\u00fcr Menschenrechte im Iran demonstrieren. Dazu kommt es w\u00e4hrend der <a href=\"https:\/\/www.bild.de\/politik\/inland\/live-ticker-zur-msc-die-grossen-entscheider-zu-gast-bei-der-muenchner-sicherheitskonferenz-698ee03bf4d0b8d94ca1b04e\" class=\"text-link\" rel=\"nofollow noopener\" target=\"_blank\">MSC<\/a> h\u00e4ufig zu St\u00f6rungen durch linke Gruppen. <\/p>\n<p>Mehr zum Thema<\/p>\n<p>Der Einsatzleiter der M\u00fcnchner Polizei, Vizepr\u00e4sident Christian Huber, sagt zur Bedrohungslage: \u201eEine 100-prozentige Sicherheit kann es nicht geben. Es gibt eine abstrakt hohe Gef\u00e4hrdungslage, aber keine konkreten Hinweise, dass irgendwas w\u00e4re.\u201c <\/p>\n","protected":false},"excerpt":{"rendered":"TTS-Player \u00fcberspringen\u21b5Artikel weiterlesen M\u00fcnchen \u2013 Es ist eines der wichtigsten und am prominentesten besetzten Treffen weltweit! 50 Staats-&hellip;\n","protected":false},"author":2,"featured_media":794164,"comment_status":"","ping_status":"","sticky":false,"template":"","format":"standard","meta":{"footnotes":"","_share_on_mastodon":"0"},"categories":[1827],"tags":[772,710,29,30,32,1268,3187,121,178972,14177,125,138370,45],"class_list":["post-794163","post","type-post","status-publish","format-standard","has-post-thumbnail","category-muenchen","tag-bayern","tag-demonstrationen","tag-deutschland","tag-germany","tag-merz-friedrich","tag-muenchen","tag-muenchner-sicherheitskonferenz","tag-polizei","tag-rubio-marco","tag-spezialeinsatzkommando","tag-spuerhund","tag-team-first","tag-texttospeech"],"share_on_mastodon":{"url":"https:\/\/pubeurope.com\/@de\/116062822551445737","error":""},"_links":{"self":[{"href":"https:\/\/www.europesays.com\/de\/wp-json\/wp\/v2\/posts\/794163","targetHints":{"allow":["GET"]}}],"collection":[{"href":"https:\/\/www.europesays.com\/de\/wp-json\/wp\/v2\/posts"}],"about":[{"href":"https:\/\/www.europesays.com\/de\/wp-json\/wp\/v2\/types\/post"}],"author":[{"embeddable":true,"href":"https:\/\/www.europesays.com\/de\/wp-json\/wp\/v2\/users\/2"}],"replies":[{"embeddable":true,"href":"https:\/\/www.europesays.com\/de\/wp-json\/wp\/v2\/comments?post=794163"}],"version-history":[{"count":0,"href":"https:\/\/www.europesays.com\/de\/wp-json\/wp\/v2\/posts\/794163\/revisions"}],"wp:featuredmedia":[{"embeddable":true,"href":"https:\/\/www.europesays.com\/de\/wp-json\/wp\/v2\/media\/794164"}],"wp:attachment":[{"href":"https:\/\/www.europesays.com\/de\/wp-json\/wp\/v2\/media?parent=794163"}],"wp:term":[{"taxonomy":"category","embeddable":true,"href":"https:\/\/www.europesays.com\/de\/wp-json\/wp\/v2\/categories?post=794163"},{"taxonomy":"post_tag","embeddable":true,"href":"https:\/\/www.europesays.com\/de\/wp-json\/wp\/v2\/tags?post=794163"}],"curies":[{"name":"wp","href":"https:\/\/api.w.org\/{rel}","templated":true}]}}