{"id":794637,"date":"2026-02-13T14:38:14","date_gmt":"2026-02-13T14:38:14","guid":{"rendered":"https:\/\/www.europesays.com\/de\/794637\/"},"modified":"2026-02-13T14:38:14","modified_gmt":"2026-02-13T14:38:14","slug":"wechsel-im-deutschen-biathlon-team-grotian-aussen-vor","status":"publish","type":"post","link":"https:\/\/www.europesays.com\/de\/794637\/","title":{"rendered":"Wechsel im deutschen Biathlon-Team \u2013 Grotian au\u00dfen vor"},"content":{"rendered":"<p>Deb\u00fctantin darf ran <\/p>\n<p>Hoffnungstr\u00e4gerin raus: Wechsel im deutschen Team<\/p>\n<p>Aktualisiert am 13.02.2026 &#8211; 13:56 UhrLesedauer: 1 Min.<\/p>\n<p><a href=\"#focus-0\" class=\"transition-colors duration-200 block text-current relative\" data-sctrack=\"FocusGalleryImage.Reference\"><img fetchpriority=\"high\" data-testid=\"Opener.Image\" style=\"--lqipURL:url('https:\/\/images.t-online.de\/2026\/02\/IyMNmZSLtd0z\/1153x545:2456x1381\/fit-in\/150x0\/filters:blur(25)\/selina-grotian-fuer-sie-war-bislang-nichts-zu-holen.jpg')\"   loading=\"eager\" src=\"https:\/\/www.europesays.com\/de\/wp-content\/uploads\/2026\/02\/selina-grotian-fuer-sie-war-bislang-nichts-zu-holen.jpg\" alt=\"Selina Grotian: F\u00fcr sie war bislang nichts zu holen.\" title=\"Selina Grotian: F\u00fcr sie war bislang nichts zu holen.\" width=\"2456\" height=\"1381\" class=\"bg-[url:var(--lqipURL)] bg-cover bg-center flex h-full w-full max-w-full\" decoding=\"async\"\/><img style=\"--width:32;--height:32\" loading=\"lazy\" src=\"https:\/\/www.t-online.de\/s\/paper\/_next\/static\/media\/zoom-in.f7dae02f.svg\" alt=\"Vergr\u00f6\u00dfern des Bildes\" title=\"Vergr\u00f6\u00dfern des Bildes\" class=\"block h-[calc(var(--height)_\/_16_*_1rem)] w-[calc(var(--width)_\/_16_*_1rem)] max-w-none absolute bottom-8 right-8 rounded-4 bg-snow p-8\" decoding=\"async\"\/><\/a><\/p>\n<p>Selina Grotian: F\u00fcr sie war bei Olympia bislang nichts zu holen. (Quelle: IMAGO\/Fotostand \/ Hettich)<\/p>\n<p class=\"font-bold text-18 leading-17 user-text-lg:text-22 user-text-xl:text-24\">Julia Tannheimer ist erst 20 Jahre alt. Jetzt tritt sie auf die ganz gro\u00dfe Sportb\u00fchne. Sie darf im k\u00fcrzesten Biathlon-Rennen ihr K\u00f6nnen unter Beweis stellen.<\/p>\n<p class=\"text-18 leading-17 user-text-lg:text-22 user-text-xl:text-24\">Die deutsche Biathletin <a class=\"transition-colors duration-200 cursor-pointer text-inherit no-underline text-salemsfur md:hover:text-magenta md:hover:border-magenta md:focus:text-magenta border-current border-b border-solid break-words\" href=\"https:\/\/www.t-online.de\/themen\/julia-tannheimer\/\" data-sctrack=\"BodyAnchor\" rel=\"nofollow noopener\" target=\"_blank\">Julia Tannheimer<\/a> wird bei den Olympischen Winterspielen in Antholz ihr Deb\u00fct auf der gr\u00f6\u00dften Sportb\u00fchne feiern. Die 20-J\u00e4hrige erh\u00e4lt im Sprint am Samstag (ab 14.45 Uhr) den Vorzug vor <a class=\"transition-colors duration-200 cursor-pointer text-inherit no-underline text-salemsfur md:hover:text-magenta md:hover:border-magenta md:focus:text-magenta border-current border-b border-solid break-words\" href=\"https:\/\/www.t-online.de\/themen\/selina-grotian\/\" data-sctrack=\"BodyAnchor\" rel=\"nofollow noopener\" target=\"_blank\">Selina Grotian<\/a>, die bei ihrer Olympia-Premiere nach vier Schie\u00dffehlern und Platz 55 im Einzelwettbewerb entt\u00e4uscht hatte.<\/p>\n<p class=\"text-18 leading-17 user-text-lg:text-22 user-text-xl:text-24\">Angef\u00fchrt wird das deutsche Quartett von <a class=\"transition-colors duration-200 cursor-pointer text-inherit no-underline text-salemsfur md:hover:text-magenta md:hover:border-magenta md:focus:text-magenta border-current border-b border-solid break-words\" href=\"https:\/\/www.t-online.de\/themen\/franziska-preuss\/\" data-sctrack=\"BodyAnchor\" rel=\"nofollow noopener\" target=\"_blank\">Franziska Preu\u00df<\/a>, f\u00fcr sie wird es nach dem <a class=\"transition-colors duration-200 cursor-pointer text-inherit no-underline text-salemsfur md:hover:text-magenta md:hover:border-magenta md:focus:text-magenta border-current border-b border-solid break-words\" href=\"https:\/\/www.t-online.de\/sport\/olympia\/id_101120088\/olympia-2026-biathlon-staffel-holt-bronze-medaille-fuer-deutschland.html\" data-sctrack=\"BodyAnchor\" rel=\"nofollow noopener\" target=\"_blank\">Gewinn der Bronzemedaille im Mixed<\/a> bereits der dritte Einsatz in S\u00fcdtirol. Die erfahrene Biathletin strebt vor ihrem angek\u00fcndigten Karriereende noch eine olympische Einzelmedaille an. Im Einzel verpasste sie beim letzten Schie\u00dfen eine Top-3-Platzierung.<\/p>\n<p class=\"text-18 leading-17 user-text-lg:text-22 user-text-xl:text-24\">Neben Preu\u00df und Tannheimer starten <a class=\"transition-colors duration-200 cursor-pointer text-inherit no-underline text-salemsfur md:hover:text-magenta md:hover:border-magenta md:focus:text-magenta border-current border-b border-solid break-words\" href=\"https:\/\/www.t-online.de\/themen\/vanessa-voigt\/\" data-sctrack=\"BodyAnchor\" rel=\"nofollow noopener\" target=\"_blank\">Vanessa Voigt<\/a> und <a class=\"transition-colors duration-200 cursor-pointer text-inherit no-underline text-salemsfur md:hover:text-magenta md:hover:border-magenta md:focus:text-magenta border-current border-b border-solid break-words\" href=\"https:\/\/www.t-online.de\/themen\/janina-hettich-walz\/\" data-sctrack=\"BodyAnchor\" rel=\"nofollow noopener\" target=\"_blank\">Janina Hettich-Walz<\/a>. Voigt holte mit Preu\u00df Bronze im Mixed und wurde Vierte im Einzel, z\u00e4hlt im Sprint jedoch nicht zu den Medaillenfavoritinnen. Hettich-Walz komplettiert das Team nach ihrem achten Platz im Einzelrennen.<\/p>\n<p class=\"text-18 leading-17 user-text-lg:text-22 user-text-xl:text-24\">Mit guten Ergebnissen wollen sich die vier Sch\u00fctzlinge von Bundestrainer Kristian Mehringer eine starke Ausgangsposition f\u00fcr die Verfolgung am Sonntag verschaffen. Noch nicht ber\u00fccksichtigt wurde bisher <a class=\"transition-colors duration-200 cursor-pointer text-inherit no-underline text-salemsfur md:hover:text-magenta md:hover:border-magenta md:focus:text-magenta border-current border-b border-solid break-words\" href=\"https:\/\/www.t-online.de\/themen\/anna-weidel\/\" data-sctrack=\"BodyAnchor\" rel=\"nofollow noopener\" target=\"_blank\">Anna Weidel<\/a>. Die bislang letzte deutsche Olympia-Medaille im Sprint der Frauen hatte die im vergangenen Juli bei einem Bergunfall gestorbene <a class=\"transition-colors duration-200 cursor-pointer text-inherit no-underline text-salemsfur md:hover:text-magenta md:hover:border-magenta md:focus:text-magenta border-current border-b border-solid break-words\" href=\"https:\/\/www.t-online.de\/themen\/laura-dahlmeier\/\" data-sctrack=\"BodyAnchor\" rel=\"nofollow noopener\" target=\"_blank\">Laura Dahlmeier<\/a> mit Gold 2018 in Pyeongchang geholt.<\/p>\n","protected":false},"excerpt":{"rendered":"Deb\u00fctantin darf ran Hoffnungstr\u00e4gerin raus: Wechsel im deutschen Team Aktualisiert am 13.02.2026 &#8211; 13:56 UhrLesedauer: 1 Min. Selina&hellip;\n","protected":false},"author":2,"featured_media":794638,"comment_status":"","ping_status":"","sticky":false,"template":"","format":"standard","meta":{"footnotes":"","_share_on_mastodon":"0"},"categories":[136],"tags":[722,17161,100802,179131,29,865,30,179132,179129,656,11317,145282,265,179130,178516],"class_list":["post-794637","post","type-post","status-publish","format-standard","has-post-thumbnail","category-sport","tag-722","tag-17161","tag-100802","tag-antholz","tag-deutschland","tag-franziska-preuss","tag-germany","tag-janina-hettich-walz","tag-julia-tannheimer","tag-olympia","tag-olympische-winterspiele","tag-selina-grotian","tag-sport","tag-sportbuehne","tag-vanessa-voigt"],"share_on_mastodon":{"url":"https:\/\/pubeurope.com\/@de\/116063837032080005","error":""},"_links":{"self":[{"href":"https:\/\/www.europesays.com\/de\/wp-json\/wp\/v2\/posts\/794637","targetHints":{"allow":["GET"]}}],"collection":[{"href":"https:\/\/www.europesays.com\/de\/wp-json\/wp\/v2\/posts"}],"about":[{"href":"https:\/\/www.europesays.com\/de\/wp-json\/wp\/v2\/types\/post"}],"author":[{"embeddable":true,"href":"https:\/\/www.europesays.com\/de\/wp-json\/wp\/v2\/users\/2"}],"replies":[{"embeddable":true,"href":"https:\/\/www.europesays.com\/de\/wp-json\/wp\/v2\/comments?post=794637"}],"version-history":[{"count":0,"href":"https:\/\/www.europesays.com\/de\/wp-json\/wp\/v2\/posts\/794637\/revisions"}],"wp:featuredmedia":[{"embeddable":true,"href":"https:\/\/www.europesays.com\/de\/wp-json\/wp\/v2\/media\/794638"}],"wp:attachment":[{"href":"https:\/\/www.europesays.com\/de\/wp-json\/wp\/v2\/media?parent=794637"}],"wp:term":[{"taxonomy":"category","embeddable":true,"href":"https:\/\/www.europesays.com\/de\/wp-json\/wp\/v2\/categories?post=794637"},{"taxonomy":"post_tag","embeddable":true,"href":"https:\/\/www.europesays.com\/de\/wp-json\/wp\/v2\/tags?post=794637"}],"curies":[{"name":"wp","href":"https:\/\/api.w.org\/{rel}","templated":true}]}}