{"id":794765,"date":"2026-02-13T15:46:12","date_gmt":"2026-02-13T15:46:12","guid":{"rendered":"https:\/\/www.europesays.com\/de\/794765\/"},"modified":"2026-02-13T15:46:12","modified_gmt":"2026-02-13T15:46:12","slug":"berlin-fashion-week-setzt-auf-nachhaltigkeit-als-neuen-standard","status":"publish","type":"post","link":"https:\/\/www.europesays.com\/de\/794765\/","title":{"rendered":"Berlin Fashion Week setzt auf Nachhaltigkeit als neuen Standard"},"content":{"rendered":"<p>Die Berlin Fashion Week f\u00fchrt verbindliche Nachhaltigkeitskriterien ein, w\u00e4hrend etablierte Player wie Hugo Boss angesichts schwieriger Marktbedingungen ihre Strategie anpassen.<\/p>\n<p>Die Berlin Fashion Week hat Nachhaltigkeit zur verbindlichen Voraussetzung f\u00fcr Designer gemacht. Die Veranstaltung f\u00fcr die Saison Herbst\/Winter 2026\/27 etablierte sich erneut als Plattform f\u00fcr progressive Konzepte und verantwortungsbewusste Handwerkskunst.<\/p>\n<p>Gleichzeitig leiten etablierte Global Player wie Hugo Boss angesichts eines schwierigen Marktumfelds strategische Kurskorrekturen ein. Die deutsche Modebranche navigiert so zwischen kreativem Anspruch und wirtschaftlichem Druck.<\/p>\n<p>Verbindliche Regeln f\u00fcr den Laufsteg<\/p>\n<p>Der Fashion Council Germany f\u00fchrte in einer neuen Partnerschaft mit der Copenhagen Fashion Week erstmals verbindliche Nachhaltigkeitskriterien ein. Diese fordern von allen teilnehmenden Labels unter anderem eine transparente und r\u00fcckverfolgbare Lieferkette.<\/p>\n<p>Anzeige<\/p>\n<p>Nachhaltigkeitsauflagen greifen jetzt tiefer \u2013 pr\u00fcfen Sie, ob Ihr Label von der neuen EU\u2011Entwaldungsverordnung betroffen ist. Ein kostenloses E\u2011Book erkl\u00e4rt die Sorgfaltspflichten, Verbote und liefert eine praktische Checkliste zur schnellen Einsch\u00e4tzung, welche Rohstoffe und Lieferanten gepr\u00fcft werden m\u00fcssen. So sch\u00fctzen Sie Ihre Lieferkette vor Sanktionen und erf\u00fcllen Nachweispflichten. <strong><a href=\"https:\/\/www.zoll-und-export-aktuell.de\/ebooks\/entwaldungsverordnung-eu\/?af=KOOP_MFW_LOG_DNV_YES_ENTWALDUNGSVERORDNUNG-EU_X-CWAHN-BGPID_752748\" rel=\"noopener nofollow\" style=\"color: #337ab7 !important; font-weight: bold; text-decoration: underline;\" target=\"_blank\">Jetzt kostenlosen Leitfaden zur Entwaldungsverordnung sichern<\/a><\/strong><\/p>\n<p>Besonders f\u00fcr Designer mit globalen Zulieferern stellt dies eine Herausforderung dar. Ausgezeichnete Labels im Wettbewerb <strong>\u201eBerlin Contemporary\u201c<\/strong> \u00fcberzeugten mit handwerklicher Qualit\u00e4t und klaren Strategien zu Nachhaltigkeit und Diversit\u00e4t.<\/p>\n<ul>\n<li>Das Label <strong>BUZIGAHILL<\/strong> verarbeitet Secondhand-Kleidung aus Uganda zu neuen Unikaten.<\/li>\n<li>Aufstrebende Talente wie Rebekka Ru\u00e9tz setzen auf Langlebigkeit.<\/li>\n<li>Die <strong>\u201eRepair Rebels\u201c<\/strong>, Gewinner des Deutschen Nachhaltigkeitspreises 2026, demonstrieren zirkul\u00e4re Gesch\u00e4ftsmodelle.<\/li>\n<\/ul>\n<p>Experten sehen diesen Fokus als entscheidend f\u00fcr die Zukunftsf\u00e4higkeit der Branche \u2013 gerade angesichts wachsender Materialknappheit.<\/p>\n<p>Hugo Boss konsolidiert in schwierigem Markt<\/p>\n<p>W\u00e4hrend die Berliner Szene vorprescht, reagieren etablierte Marken auf ein unsicheres Wirtschaftsklima. <strong>Hugo Boss<\/strong> k\u00fcndigte f\u00fcr 2026 ein Jahr der Konsolidierung an.<\/p>\n<p>Unter der Strategie <strong>\u201eCLAIM 5 TOUCHDOWN\u201c<\/strong> will das Unternehmen Prozesse verschlanken, das Sortiment verfeinern und das Vertriebsnetz optimieren. Das Ziel: eine effizientere Basis f\u00fcr profitables Wachstum ab 2027 schaffen.<\/p>\n<p>Die Kehrseite der Medaille? F\u00fcr das laufende Jahr erwartet Hugo Boss einen w\u00e4hrungsbereinigten Umsatzr\u00fcckgang im mittleren bis hohen einstelligen Bereich.<\/p>\n<p>Die allgemeine Konsumlaune in Deutschland bleibt verhalten. Nach Stagnation und Rezession wird erst f\u00fcr 2026 wieder mit leichtem Wirtschaftswachstum gerechnet. Viele H\u00e4ndler k\u00e4mpfen mit Insolvenzen, w\u00e4hrend Kunden ihr Geld lieber in Reisen oder langlebige G\u00fcter investieren.<\/p>\n<p>Digitale St\u00e4rke als Erfolgsfaktor<\/p>\n<p>Neben der Nachhaltigkeit treibt die Digitalisierung den Wandel voran. Online-H\u00e4ndler wie <strong>Zalando<\/strong> investieren massiv in Kreislaufwirtschaft, um Kundenerwartungen zu erf\u00fcllen.<\/p>\n<p>Eine starke digitale Community kann zum entscheidenden Vorteil werden. Das beweist das D\u00fcsseldorfer Streetwear-Label <strong>LFDY<\/strong>, das k\u00fcrzlich mit dem Modebusiness Award 2026 ausgezeichnet wurde.<\/p>\n<p>Auch der M\u00fcnchner Online-Luxush\u00e4ndler <strong>Mytheresa<\/strong> gl\u00e4nzt als Wachstumsmotor. Die dahinterstehende LuxExperience Group meldete f\u00fcr das zweite Quartal 2026 eine R\u00fcckkehr zur Profitabilit\u00e4t \u2013 ma\u00dfgeblich getragen von Mytheresas starken Zahlen.<\/p>\n<p>Die Botschaft der Experten ist klar: Integrierte digitale L\u00f6sungen sind unerl\u00e4sslich, um agil zu bleiben und auf Lieferketten-St\u00f6rungen reagieren zu k\u00f6nnen.<\/p>\n<p>Der Spagat zwischen Avantgarde und Kommerz<\/p>\n<p>Die deutsche Modeindustrie steht im Spannungsfeld zweier Pole. Einerseits setzt die Berlin Fashion Week bewusst auf progressive Narrative und bildet einen Gegenpol zu etablierten Metropolen wie Paris oder Mailand.<\/p>\n<p>Andererseits zwingt der globale Marktdruck zur Effizienz. Die Branche muss den Balanceakt zwischen innovativem Anspruch und der Realit\u00e4t von Konsumflaute sowie geopolitischen Unsicherheiten meistern.<\/p>\n<p>Die Trends der Fashion Week deuten den Weg vor: Marken mit einer klaren Identit\u00e4t, die verantwortungsvolles Handeln und eine starke digitale Strategie verbinden, d\u00fcrften die kommenden Herausforderungen am besten meistern.<\/p>\n<p>                \t\t&#13;<br \/>\n\t\t\t@ boerse-global.de&#13;<\/p>\n<p class=\"subtext\" style=\"margin:20px 0px 30px 0px;\">&#13;<br \/>\n\t\t\tHol dir den Wissensvorsprung der Profis. Seit 2005 liefert der B\u00f6rsenbrief trading-notes verl\u00e4ssliche Trading-Empfehlungen \u2013 dreimal die Woche, direkt in dein Postfach. <strong>100% kostenlos<\/strong>. <strong>100% Expertenwissen<\/strong>. Trage einfach deine E-Mail Adresse ein und verpasse ab heute keine Top-Chance mehr. <br \/><strong><a href=\"https:\/\/www.trading-house.net\/boersenakademie\/trading-notes\/?ref=ahnart_textlink\" rel=\"nofollow noopener\" target=\"_blank\">Jetzt anmelden. <\/a><\/strong>&#13;\n\t\t<\/p>\n","protected":false},"excerpt":{"rendered":"Die Berlin Fashion Week f\u00fchrt verbindliche Nachhaltigkeitskriterien ein, w\u00e4hrend etablierte Player wie Hugo Boss angesichts schwieriger Marktbedingungen ihre&hellip;\n","protected":false},"author":2,"featured_media":794766,"comment_status":"","ping_status":"","sticky":false,"template":"","format":"standard","meta":{"footnotes":"","_share_on_mastodon":"0"},"categories":[1825],"tags":[1941,1939,296,1937,111576,29,23883,30,46780,179191,4507,179190,1940,1938,154245,100264,66552],"class_list":["post-794765","post","type-post","status-publish","format-standard","has-post-thumbnail","category-berlin","tag-aktuelle-nachrichten-aus-berlin","tag-aktuelle-news-aus-berlin","tag-berlin","tag-berlin-news","tag-boss","tag-deutschland","tag-fashion","tag-germany","tag-hugo","tag-marktbedingungen","tag-nachhaltigkeit","tag-nachhaltigkeitskriterien","tag-nachrichten-aus-berlin","tag-news-aus-berlin","tag-player","tag-standard","tag-week"],"share_on_mastodon":{"url":"https:\/\/pubeurope.com\/@de\/116064104676305752","error":""},"_links":{"self":[{"href":"https:\/\/www.europesays.com\/de\/wp-json\/wp\/v2\/posts\/794765","targetHints":{"allow":["GET"]}}],"collection":[{"href":"https:\/\/www.europesays.com\/de\/wp-json\/wp\/v2\/posts"}],"about":[{"href":"https:\/\/www.europesays.com\/de\/wp-json\/wp\/v2\/types\/post"}],"author":[{"embeddable":true,"href":"https:\/\/www.europesays.com\/de\/wp-json\/wp\/v2\/users\/2"}],"replies":[{"embeddable":true,"href":"https:\/\/www.europesays.com\/de\/wp-json\/wp\/v2\/comments?post=794765"}],"version-history":[{"count":0,"href":"https:\/\/www.europesays.com\/de\/wp-json\/wp\/v2\/posts\/794765\/revisions"}],"wp:featuredmedia":[{"embeddable":true,"href":"https:\/\/www.europesays.com\/de\/wp-json\/wp\/v2\/media\/794766"}],"wp:attachment":[{"href":"https:\/\/www.europesays.com\/de\/wp-json\/wp\/v2\/media?parent=794765"}],"wp:term":[{"taxonomy":"category","embeddable":true,"href":"https:\/\/www.europesays.com\/de\/wp-json\/wp\/v2\/categories?post=794765"},{"taxonomy":"post_tag","embeddable":true,"href":"https:\/\/www.europesays.com\/de\/wp-json\/wp\/v2\/tags?post=794765"}],"curies":[{"name":"wp","href":"https:\/\/api.w.org\/{rel}","templated":true}]}}