{"id":795129,"date":"2026-02-13T19:06:15","date_gmt":"2026-02-13T19:06:15","guid":{"rendered":"https:\/\/www.europesays.com\/de\/795129\/"},"modified":"2026-02-13T19:06:15","modified_gmt":"2026-02-13T19:06:15","slug":"von-wuenschen-traeumen-und-visionen","status":"publish","type":"post","link":"https:\/\/www.europesays.com\/de\/795129\/","title":{"rendered":"Von W\u00fcnschen, Tr\u00e4umen und Visionen"},"content":{"rendered":"<p class=\"text_ohne_einzug richtext text-em-55 !leading-serif mx-6 desktop:mx-0\">F\u00fcr ihren sechsten Liederabend haben Katharina Grei\u00df und Andre Enth\u00f6fer ein facettenreiches Programm zusammengestellt. Am Sonntag, 22. Februar, werden sie eine Mischung aus klassischem Liedgesang, Liedern aus Musical, Film und Operette, Schlager und Popmusik pr\u00e4sentieren. Wie in fr\u00fcheren Konzerten bietet das Duo bekannte und weniger bekannte Lieder in eigenen Arrangements. Alle Lieder erz\u00e4hlen \u2013 auf sehr unterschiedliche Weise \u2013 von W\u00fcnschen, Tr\u00e4umen und Visionen.<\/p>\n","protected":false},"excerpt":{"rendered":"F\u00fcr ihren sechsten Liederabend haben Katharina Grei\u00df und Andre Enth\u00f6fer ein facettenreiches Programm zusammengestellt. Am Sonntag, 22. Februar,&hellip;\n","protected":false},"author":2,"featured_media":795130,"comment_status":"","ping_status":"","sticky":false,"template":"","format":"standard","meta":{"footnotes":"","_share_on_mastodon":"0"},"categories":[1840],"tags":[43782,3364,29,138028,30,179252,1570,27900,166881,179253,179254,1209,3740,22547,39469,124232,21155,28573,4418],"class_list":["post-795129","post","type-post","status-publish","format-standard","has-post-thumbnail","category-wuppertal","tag-andre","tag-de","tag-deutschland","tag-enthoefer","tag-germany","tag-greiss","tag-katharina","tag-lied","tag-liederabend","tag-liedern","tag-liedgesang","tag-nordrhein-westfalen","tag-traum","tag-traeume","tag-vision","tag-volkslied","tag-wunsch","tag-wuensche","tag-wuppertal"],"share_on_mastodon":{"url":"https:\/\/pubeurope.com\/@de\/116064891178470240","error":""},"_links":{"self":[{"href":"https:\/\/www.europesays.com\/de\/wp-json\/wp\/v2\/posts\/795129","targetHints":{"allow":["GET"]}}],"collection":[{"href":"https:\/\/www.europesays.com\/de\/wp-json\/wp\/v2\/posts"}],"about":[{"href":"https:\/\/www.europesays.com\/de\/wp-json\/wp\/v2\/types\/post"}],"author":[{"embeddable":true,"href":"https:\/\/www.europesays.com\/de\/wp-json\/wp\/v2\/users\/2"}],"replies":[{"embeddable":true,"href":"https:\/\/www.europesays.com\/de\/wp-json\/wp\/v2\/comments?post=795129"}],"version-history":[{"count":0,"href":"https:\/\/www.europesays.com\/de\/wp-json\/wp\/v2\/posts\/795129\/revisions"}],"wp:featuredmedia":[{"embeddable":true,"href":"https:\/\/www.europesays.com\/de\/wp-json\/wp\/v2\/media\/795130"}],"wp:attachment":[{"href":"https:\/\/www.europesays.com\/de\/wp-json\/wp\/v2\/media?parent=795129"}],"wp:term":[{"taxonomy":"category","embeddable":true,"href":"https:\/\/www.europesays.com\/de\/wp-json\/wp\/v2\/categories?post=795129"},{"taxonomy":"post_tag","embeddable":true,"href":"https:\/\/www.europesays.com\/de\/wp-json\/wp\/v2\/tags?post=795129"}],"curies":[{"name":"wp","href":"https:\/\/api.w.org\/{rel}","templated":true}]}}