{"id":795171,"date":"2026-02-13T19:29:13","date_gmt":"2026-02-13T19:29:13","guid":{"rendered":"https:\/\/www.europesays.com\/de\/795171\/"},"modified":"2026-02-13T19:29:13","modified_gmt":"2026-02-13T19:29:13","slug":"explosion-an-bahnhof-in-bremen-unbekannte-sprengen-ticketautomaten","status":"publish","type":"post","link":"https:\/\/www.europesays.com\/de\/795171\/","title":{"rendered":"Explosion an Bahnhof in Bremen: Unbekannte sprengen Ticketautomaten"},"content":{"rendered":"<p>\n                Stand: 13.02.2026 09:17 Uhr<\/p>\n<p>                    <a href=\"https:\/\/www.europesays.com\/de\/wp-content\/uploads\/2025\/12\/hannover-354.webp\" class=\"zoomimage\" title=\"Bild vergr\u00f6\u00dfern\"><\/p>\n<p>        <img decoding=\"async\" src=\"https:\/\/www.europesays.com\/de\/wp-content\/uploads\/2025\/12\/hannover-354.webp\" alt=\"Streifenwagen in schneller Fahrt\" title=\"Laut Polizei wurde die Explosion durch B\u00f6ller ausgel\u00f6st. (Themenbild) | Julius Matuschik\" class=\"responsive\" loading=\"lazy\"\/><\/p>\n<p>                    <\/a><\/p>\n<p>                    Laut Polizei wurde die Explosion durch B\u00f6ller ausgel\u00f6st. (Themenbild)<\/p>\n<p class=\"\">Unbekannte haben in der Nacht auf Mittwoch einen Fahrkartenautomaten an einem Bahnhof in Bremen gesprengt. Wie die Polizei mitteilte, explodierte der Automat gegen 1 Uhr auf einem Bahnsteig. Die Tr\u00fcmmerteile verteilten sich den Angaben zufolge in einem Umkreis von zehn Metern. Ausl\u00f6ser der Explosion waren mutma\u00dflich B\u00f6ller, die die Polizei vor Ort sicherstellte. Laut Polizei waren Spezialisten der Bundespolizei im Einsatz, um auszuschlie\u00dfen, dass sich in dem Automaten weiterer Sprengstoff befand. Der Sachschaden bel\u00e4uft sich auf etwa 30.000 Euro. Die Kriminalpolizei ermittelt.<\/p>\n<p>        <img decoding=\"async\" src=\"https:\/\/www.europesays.com\/de\/wp-content\/uploads\/2026\/02\/ticketautomat-100.webp.webp\" alt=\"Ein gesprengter Ticketautomat an einem Bahnsteig, Teile auf dem Boden verteilt.\" title=\"Ein gesprengter Ticketautomat an einem Bahnsteig, Teile auf dem Boden verteilt. | Polizeiinspektion Osnabr\u00fcck\" class=\"responsive\" loading=\"lazy\"\/><\/p>\n<p>Ein Zeuge h\u00f6rte den Knall und sah eine dunkle Limousine wegfahren. Es ist schon die zweite Explosion an dem Bahnhof.<\/p>\n<p>        <img decoding=\"async\" src=\"https:\/\/www.europesays.com\/de\/wp-content\/uploads\/2026\/02\/fahrkartenautomat-110.webp.webp\" alt=\"Ein gesprengter Fahrkartenautomat am Bahnhof Derneburg in der Gemeinde Holle.\" title=\"Ein gesprengter Fahrkartenautomat am Bahnhof Derneburg in der Gemeinde Holle. | Polizeiinspektion Hildesheim\" class=\"responsive\" loading=\"lazy\"\/><\/p>\n<p>Ein Zeuge hatte die Detonation in der Nacht zu Dienstag geh\u00f6rt. Anschlie\u00dfend sei ein wei\u00dfes Auto davongefahren.<\/p>\n<p>Dieses Thema im Programm:<\/p>\n<p>                NDR 1 Niedersachsen | Regional Oldenburg | 11.02.2026 | 15:00 Uhr<\/p>\n","protected":false},"excerpt":{"rendered":"Stand: 13.02.2026 09:17 Uhr Laut Polizei wurde die Explosion durch B\u00f6ller ausgel\u00f6st. (Themenbild) Unbekannte haben in der Nacht&hellip;\n","protected":false},"author":2,"featured_media":654691,"comment_status":"","ping_status":"","sticky":false,"template":"","format":"standard","meta":{"footnotes":"","_share_on_mastodon":"0"},"categories":[1824],"tags":[590,2037,2420,3364,29,2805,123233,30,14,15,1411,8751,112640],"class_list":["post-795171","post","type-post","status-publish","format-standard","has-post-thumbnail","category-bremen","tag-aktuell","tag-bahnhof","tag-bremen","tag-de","tag-deutschland","tag-explosion","tag-fahrkartenautomat","tag-germany","tag-nachrichten","tag-news","tag-niedersachsen","tag-sprengung","tag-ticketautomat"],"share_on_mastodon":{"url":"https:\/\/pubeurope.com\/@de\/116064981421851104","error":""},"_links":{"self":[{"href":"https:\/\/www.europesays.com\/de\/wp-json\/wp\/v2\/posts\/795171","targetHints":{"allow":["GET"]}}],"collection":[{"href":"https:\/\/www.europesays.com\/de\/wp-json\/wp\/v2\/posts"}],"about":[{"href":"https:\/\/www.europesays.com\/de\/wp-json\/wp\/v2\/types\/post"}],"author":[{"embeddable":true,"href":"https:\/\/www.europesays.com\/de\/wp-json\/wp\/v2\/users\/2"}],"replies":[{"embeddable":true,"href":"https:\/\/www.europesays.com\/de\/wp-json\/wp\/v2\/comments?post=795171"}],"version-history":[{"count":0,"href":"https:\/\/www.europesays.com\/de\/wp-json\/wp\/v2\/posts\/795171\/revisions"}],"wp:featuredmedia":[{"embeddable":true,"href":"https:\/\/www.europesays.com\/de\/wp-json\/wp\/v2\/media\/654691"}],"wp:attachment":[{"href":"https:\/\/www.europesays.com\/de\/wp-json\/wp\/v2\/media?parent=795171"}],"wp:term":[{"taxonomy":"category","embeddable":true,"href":"https:\/\/www.europesays.com\/de\/wp-json\/wp\/v2\/categories?post=795171"},{"taxonomy":"post_tag","embeddable":true,"href":"https:\/\/www.europesays.com\/de\/wp-json\/wp\/v2\/tags?post=795171"}],"curies":[{"name":"wp","href":"https:\/\/api.w.org\/{rel}","templated":true}]}}