{"id":795257,"date":"2026-02-13T20:18:11","date_gmt":"2026-02-13T20:18:11","guid":{"rendered":"https:\/\/www.europesays.com\/de\/795257\/"},"modified":"2026-02-13T20:18:11","modified_gmt":"2026-02-13T20:18:11","slug":"vogelpark-am-mannheimer-karlstern-wieder-geoeffnet","status":"publish","type":"post","link":"https:\/\/www.europesays.com\/de\/795257\/","title":{"rendered":"Vogelpark am Mannheimer Karlstern wieder ge\u00f6ffnet"},"content":{"rendered":"<p class=\"ar-p\"><strong>Mannheim.<\/strong> Der Vogelpark <a class=\"rtr-entity\" data-rtr-entity=\"Mannheim\" data-rtr-id=\"8e39f98d121d00ffdaf4f78a2ae2e7dea2653ba7\" data-rtr-score=\"50.38159771754636\" data-rtr-etype=\"location\" href=\"https:\/\/www.mannheimer-morgen.de\/orte\/mannheim.html\" rel=\"nofollow noopener\" target=\"_blank\">Mannheim<\/a> am Karlstern ist aufgrund der grassierenden Vogelgrippe im letzten Jahr f\u00fcr Besucher geschlossen gewesen. Wie ein Vertreter mitteilt, scheint die Krankheitswelle nun jedoch gebrochen zu sein.<\/p>\n<p>AdUnit Mobile_Pos2<\/p>\n<p>AdUnit Content_1<\/p>\n<p class=\"ar-p\"><a href=\"https:\/\/www.mannheimer-morgen.de\/orte\/mannheim_artikel,-mannheim-vogelgrippe-in-mannheim-stallpflicht-gilt-in-vielen-stadtteilen-_arid,2340778.html\" target=\"_blank\" rel=\"nofollow noopener\">Zum Schutz vor der Vogelgrippe wurde der Vogelpark Anfang November im letzten Jahr f\u00fcr die Besucher geschlossen.<\/a> Der Vogelpark besteht aus drei Gro\u00dfvolieren und f\u00fcnf Kleinvolieren mit rund 100 Raub-, Wild- und H\u00fchnerv\u00f6geln sowie K\u00e4uzen.<\/p>\n<p>Der Winterschlaf f\u00fcr die V\u00f6gel ist vorbei <\/p>\n<p class=\"ar-p\">Da die Krankheitswelle jetzt gebrochen ist, wird die Sperre f\u00fcr Besucher aufgehoben. Ab sofort kann der Vogelpark wieder den ganzen Tag \u00fcber kostenfrei besucht werden. Die Ma\u00dfnahmen, die vom betreuenden Verein des Vogelparks ergriffen wurden, um die beheimateten V\u00f6gel vor der Epidemie zu sch\u00fctzen, haben gewirkt, hei\u00dft es in der Mitteilung. Kein einziger Vogel habe sich mit der t\u00f6dlichen Krankheit infiziert.<\/p>\n<p>\t\tMehr zum Thema<\/p>\n<p>Mannheimer Morgen Plus-Artikel TiereVogelgrippe in Mannheim: Stallpflicht gilt in vielen Stadtteilen<\/p>\n<dl class=\"teaser-meta\">\n<dt class=\"teaser-meta__title teaser-meta__title--published\">Ver\u00f6ffentlicht<\/dt>\n<dd class=\"teaser-meta__data teaser-meta__data--published\">14.11.2025<\/dd>\n<dt class=\"teaser-meta__title teaser-meta__title--author\">Von <\/dt>\n<dd class=\"teaser-meta__data teaser-meta__data--author\">Peter W. Ragge<\/dd>\n<\/dl>\n<p>TiereGefl\u00fcgel darf in Mannheim wieder ins Freie<\/p>\n<dl class=\"teaser-meta\">\n<dt class=\"teaser-meta__title teaser-meta__title--published\">Ver\u00f6ffentlicht<\/dt>\n<dd class=\"teaser-meta__data teaser-meta__data--published\">12.02.2026<\/dd>\n<dt class=\"teaser-meta__title teaser-meta__title--author\">Von <\/dt>\n<dd class=\"teaser-meta__data teaser-meta__data--author\">Heike Sperl-Hofmann<\/dd>\n<\/dl>\n<p class=\"ar-p\">\u201eDer Winterschlaf ist vorbei\u201c, schreibt Paul Sch\u00fcpferling, Schriftf\u00fchrer des betreuenden Vereins. \u201eWir erwachen gesund und mit neuer Energie, unsere V\u00f6gel erwarten schon gespannt ihre G\u00e4ste, ob einfach so oder bei unserem Pfingstparkfest am 23. und 24. Mai.\u201c<\/p>\n<p class=\"print__if__bold\">URL dieses Artikels:<\/p>\n<p>https:\/\/www.mannheimer-morgen.de\/startseite_artikel,-mannheim-vogelpark-am-mannheimer-karlstern-wieder-geoeffnet-_arid,2358059.html<\/p>\n<p class=\"print__if__bold\">Links in diesem Artikel:<\/p>\n<p>[1] https:\/\/www.mannheimer-morgen.de\/orte\/mannheim.html<\/p>\n<p>[2] https:\/\/www.mannheimer-morgen.dehttps:\/\/www.mannheimer-morgen.de\/orte\/mannheim_artikel,-mannheim-vogelgrippe-in-mannheim-stallpflicht-gilt-in-vielen-stadtteilen-_arid,2340778.html<\/p>\n","protected":false},"excerpt":{"rendered":"Mannheim. Der Vogelpark Mannheim am Karlstern ist aufgrund der grassierenden Vogelgrippe im letzten Jahr f\u00fcr Besucher geschlossen gewesen.&hellip;\n","protected":false},"author":2,"featured_media":795258,"comment_status":"","ping_status":"","sticky":false,"template":"","format":"standard","meta":{"footnotes":"","_share_on_mastodon":"0"},"categories":[1845],"tags":[1634,3364,29,548,663,3934,30,13,2096,14,15,12],"class_list":["post-795257","post","type-post","status-publish","format-standard","has-post-thumbnail","category-mannheim","tag-baden-wuerttemberg","tag-de","tag-deutschland","tag-eu","tag-europa","tag-europe","tag-germany","tag-headlines","tag-mannheim","tag-nachrichten","tag-news","tag-schlagzeilen"],"share_on_mastodon":{"url":"https:\/\/pubeurope.com\/@de\/116065173884780228","error":""},"_links":{"self":[{"href":"https:\/\/www.europesays.com\/de\/wp-json\/wp\/v2\/posts\/795257","targetHints":{"allow":["GET"]}}],"collection":[{"href":"https:\/\/www.europesays.com\/de\/wp-json\/wp\/v2\/posts"}],"about":[{"href":"https:\/\/www.europesays.com\/de\/wp-json\/wp\/v2\/types\/post"}],"author":[{"embeddable":true,"href":"https:\/\/www.europesays.com\/de\/wp-json\/wp\/v2\/users\/2"}],"replies":[{"embeddable":true,"href":"https:\/\/www.europesays.com\/de\/wp-json\/wp\/v2\/comments?post=795257"}],"version-history":[{"count":0,"href":"https:\/\/www.europesays.com\/de\/wp-json\/wp\/v2\/posts\/795257\/revisions"}],"wp:featuredmedia":[{"embeddable":true,"href":"https:\/\/www.europesays.com\/de\/wp-json\/wp\/v2\/media\/795258"}],"wp:attachment":[{"href":"https:\/\/www.europesays.com\/de\/wp-json\/wp\/v2\/media?parent=795257"}],"wp:term":[{"taxonomy":"category","embeddable":true,"href":"https:\/\/www.europesays.com\/de\/wp-json\/wp\/v2\/categories?post=795257"},{"taxonomy":"post_tag","embeddable":true,"href":"https:\/\/www.europesays.com\/de\/wp-json\/wp\/v2\/tags?post=795257"}],"curies":[{"name":"wp","href":"https:\/\/api.w.org\/{rel}","templated":true}]}}