{"id":795358,"date":"2026-02-13T21:10:13","date_gmt":"2026-02-13T21:10:13","guid":{"rendered":"https:\/\/www.europesays.com\/de\/795358\/"},"modified":"2026-02-13T21:10:13","modified_gmt":"2026-02-13T21:10:13","slug":"wer-stoppt-die-gewalt-in-den-zuegen-mehr-schutz-fuer-zugbegleiter","status":"publish","type":"post","link":"https:\/\/www.europesays.com\/de\/795358\/","title":{"rendered":"Wer stoppt die Gewalt in den Z\u00fcgen? &#8211; Mehr Schutz f\u00fcr Zugbegleiter"},"content":{"rendered":"<p>\tweitere Themen der Sendung<\/p>\n<p>\t\t<a href=\"https:\/\/www.rbb-online.de\/rbb24\/videos\/20260213_2145.html\" class=\"sendeplatz\" rel=\"nofollow noopener\" target=\"_blank\"><br \/>\n\t\trbb24 vom 13.02.2026<\/p>\n<p>\t\t<\/a><\/p>\n<p>Mehr Schutz f\u00fcr Zugbegleiter +++ B\u00fcndnis ber\u00e4t Verkehrsplanung +++ Wie das Berliner Stromnetz gesch\u00fctzt wird +++ Bundeswehr wirbt auf Jobmesse um Nachwuchs +++ Moderation: &#8230;<\/p>\n<p>  <a href=\"https:\/\/www.rbb-online.de\/rbb24\/videos\/20260213_2145\/2.html\" class=\"sendeplatz\" rel=\"nofollow noopener\" target=\"_blank\"><img decoding=\"async\" src=\"https:\/\/www.europesays.com\/de\/wp-content\/uploads\/2026\/02\/1771017013_173_size=320x180.jpg\" alt=\"Symbolbild:Der Regionalexpress RE1 der Ostdeutschen Eisenbahn GmbH (ODEG).(Quelle:picture alliance\/dpa\/P.Pleul)\" title=\"Symbolbild:Der Regionalexpress RE1 der Ostdeutschen Eisenbahn GmbH (ODEG).(Quelle:picture alliance\/dpa\/P.Pleul)\" id=\"untersendungsListe_manualteaser_2_610959573\"\/><\/a><\/p>\n<p>picture alliance\/dpa\/P.Pleul<\/p>\n<p><a href=\"https:\/\/www.rbb-online.de\/rbb24\/videos\/20260213_2145\/2.html\" class=\"sendeplatz\" rel=\"nofollow noopener\" target=\"_blank\"><\/p>\n<p>\t2<br \/>\n\t\tmin<\/p>\n<p><\/a><\/p>\n<p class=\"manualteaserroofline\">13 Initiativen und Verb\u00e4nde <\/p>\n<p>\t\t<a href=\"https:\/\/www.rbb-online.de\/rbb24\/videos\/20260213_2145\/2.html\" class=\"sendeplatz\" rel=\"nofollow noopener\" target=\"_blank\"><br \/>\n\t\tB\u00fcndnis ber\u00e4t bei Verkehrsplanung <\/p>\n<p>\t\t<\/a><\/p>\n<p>Bis 2030 soll die Mobilit\u00e4t besonders im l\u00e4ndlichen Raum gest\u00e4rkt und eine umweltfreundliche, sichere und soziale Verkehrswende umgesetzt werden. Dazu traf sich am Freitag &#8230;<\/p>\n<p class=\"manualteaserroofline\">Berlin<\/p>\n<p>\t\t<a href=\"https:\/\/www.rbb-online.de\/rbb24\/videos\/20260213_2145\/3.html\" class=\"sendeplatz\" rel=\"nofollow noopener\" target=\"_blank\"><br \/>\n\t\tDas Stromnetz sch\u00fctzen<\/p>\n<p>\t\t<\/a><\/p>\n<p>Strom ist immer da. Sechs Wochen nach dem gro\u00dfen  Stromausfall  haben wir uns schon wieder daran gew\u00f6hnt. F\u00fcr die Mitarbeiter von Stromnetz Berlin hingegen hat sich die Lage &#8230;<\/p>\n<p class=\"manualteaserroofline\">Meldungen aus der Region<\/p>\n<p>\t\t<a href=\"https:\/\/www.rbb-online.de\/rbb24\/videos\/20260213_2145\/4.html\" class=\"sendeplatz\" rel=\"nofollow noopener\" target=\"_blank\"><br \/>\n\t\tNachrichten<\/p>\n<p>\t\t<\/a><\/p>\n<p>Bei der Olympiabewerbung will Berlin auf Strahlkraft setzen +++ Die Hochwasserlage an der Oder und in der Prignitz entspannt sich +++ Brandenburger Tor wird in den iranischen &#8230;<\/p>\n<p class=\"manualteaserroofline\">Auf der Impuls-Messe <\/p>\n<p>\t\t<a href=\"https:\/\/www.rbb-online.de\/rbb24\/videos\/20260213_2145\/5.html\" class=\"sendeplatz\" rel=\"nofollow noopener\" target=\"_blank\"><br \/>\n\t\tBundeswehr wirbt um Nachwuchs <\/p>\n<p>\t\t<\/a><\/p>\n<p>Viele Jugendliche fragen sich nach der Schule: Wie geht es weiter? Antworten suchen Hunderte in Cottbus bei &#8222;Impuls&#8220;, der gr\u00f6\u00dften Jobmesse im Land. Auch die &#8230;<\/p>\n<p class=\"manualteaserroofline\">Ergebnisse des Tages <\/p>\n<p>\t\t<a href=\"https:\/\/www.rbb-online.de\/rbb24\/videos\/20260213_2145\/6.html\" class=\"sendeplatz\" rel=\"nofollow noopener\" target=\"_blank\"><br \/>\n\t\trbb-Sport am Freitag<\/p>\n<p>\t\t<\/a><\/p>\n<p>Hertha BSC vor dem Spiel gegen Hannover +++ Energie Cottbus vor dem Spiel gegen Mannheim +++ F\u00fcchse Berlin verpflichten schwedischen Nationaltorh\u00fcter +++ Moderation: Dietmar &#8230;<\/p>\n","protected":false},"excerpt":{"rendered":"weitere Themen der Sendung rbb24 vom 13.02.2026 Mehr Schutz f\u00fcr Zugbegleiter +++ B\u00fcndnis ber\u00e4t Verkehrsplanung +++ Wie das&hellip;\n","protected":false},"author":2,"featured_media":795359,"comment_status":"","ping_status":"","sticky":false,"template":"","format":"standard","meta":{"footnotes":"","_share_on_mastodon":"0"},"categories":[1825],"tags":[1941,1939,296,1937,29,30,1940,1938],"class_list":["post-795358","post","type-post","status-publish","format-standard","has-post-thumbnail","category-berlin","tag-aktuelle-nachrichten-aus-berlin","tag-aktuelle-news-aus-berlin","tag-berlin","tag-berlin-news","tag-deutschland","tag-germany","tag-nachrichten-aus-berlin","tag-news-aus-berlin"],"share_on_mastodon":{"url":"https:\/\/pubeurope.com\/@de\/116065378560179037","error":""},"_links":{"self":[{"href":"https:\/\/www.europesays.com\/de\/wp-json\/wp\/v2\/posts\/795358","targetHints":{"allow":["GET"]}}],"collection":[{"href":"https:\/\/www.europesays.com\/de\/wp-json\/wp\/v2\/posts"}],"about":[{"href":"https:\/\/www.europesays.com\/de\/wp-json\/wp\/v2\/types\/post"}],"author":[{"embeddable":true,"href":"https:\/\/www.europesays.com\/de\/wp-json\/wp\/v2\/users\/2"}],"replies":[{"embeddable":true,"href":"https:\/\/www.europesays.com\/de\/wp-json\/wp\/v2\/comments?post=795358"}],"version-history":[{"count":0,"href":"https:\/\/www.europesays.com\/de\/wp-json\/wp\/v2\/posts\/795358\/revisions"}],"wp:featuredmedia":[{"embeddable":true,"href":"https:\/\/www.europesays.com\/de\/wp-json\/wp\/v2\/media\/795359"}],"wp:attachment":[{"href":"https:\/\/www.europesays.com\/de\/wp-json\/wp\/v2\/media?parent=795358"}],"wp:term":[{"taxonomy":"category","embeddable":true,"href":"https:\/\/www.europesays.com\/de\/wp-json\/wp\/v2\/categories?post=795358"},{"taxonomy":"post_tag","embeddable":true,"href":"https:\/\/www.europesays.com\/de\/wp-json\/wp\/v2\/tags?post=795358"}],"curies":[{"name":"wp","href":"https:\/\/api.w.org\/{rel}","templated":true}]}}