{"id":795360,"date":"2026-02-13T21:11:26","date_gmt":"2026-02-13T21:11:26","guid":{"rendered":"https:\/\/www.europesays.com\/de\/795360\/"},"modified":"2026-02-13T21:11:26","modified_gmt":"2026-02-13T21:11:26","slug":"kinopersonal-stoppt-am-samstag-in-berlin-und-bundesweit-den-betrieb","status":"publish","type":"post","link":"https:\/\/www.europesays.com\/de\/795360\/","title":{"rendered":"Kinopersonal stoppt am Samstag in Berlin und bundesweit den Betrieb"},"content":{"rendered":"<p class=\"tspCCnp tspCCnq\">Die Gewerkschaft Verdi hat Besch\u00e4ftigte der Kinokonzerne CineStar und UCI f\u00fcr diesen Samstag in mehreren St\u00e4dten zu einem Warnstreik aufgerufen \u2013 und auch die Berlinale in der Hauptstadt ist betroffen. Die Mitarbeiter des Cubix am Alexanderplatz, in dem wie in zahlreichen anderen Kinos der Metropole Festivalfilme laufen, sollen ihre Arbeit niederlegen. Eine Streikkundgebung ist f\u00fcr 16 Uhr angek\u00fcndigt.\u00a0<\/p>\n<p>Tagesspiegel Checkpoint: Berlins beliebtester Newsletter<\/p>\n<p><img decoding=\"async\" src=\"https:\/\/www.europesays.com\/de\/wp-content\/uploads\/2025\/04\/cp-icon.png\" alt=\"\" class=\"tspCFgx\"\/><\/p>\n<p class=\"tspCFn5\"> Der schnellste Berlin-\u00dcberblick von Montag bis Samstag. <\/p>\n<p class=\"tspCCnp\">Der Warnstreik setze ein Zeichen, sagte Verhandlungsf\u00fchrer Andreas K\u00f6hn. \u201eGlamour\u00f6se Filmfestspiele und prek\u00e4re Arbeitsbedingungen passen nicht zusammen. W\u00e4hrend sich die Hauptstadt im Glanz der Berlinale pr\u00e4sentiert, k\u00e4mpfen viele Kinobesch\u00e4ftigte weiterhin f\u00fcr existenzsichernde L\u00f6hne.\u201c<\/p>\n<p class=\"tspCCnp\">Zentrale Forderung von Verdi ist ein Einstiegslohn von mindestens 16 Euro pro Stunde f\u00fcr die rund 2500 Kinobesch\u00e4ftigten bundesweit \u2013 deutlich oberhalb des gesetzlichen Mindestlohns. Zu Ausst\u00e4nden wurde auch in Leipzig, Frankfurt und Mainz aufgerufen.\u00a0<\/p>\n<p>Mehr zur Berlinale<a href=\"https:\/\/www.tagesspiegel.de\/berlin\/roter-teppich-diese-stars-werden-am-dritten-berlinale-tag-erwartet-15248206.html?icid=topic-list_15250373___\" data-gtm-class=\"article-mzt-link\" data-hydrate-fingerprint=\"09740a54944caac75fd2c0c63fd5c5df\" data-hydrate-props=\"{&amp;escapedquot;element&amp;escapedquot;:{&amp;escapedquot;type&amp;escapedquot;:&amp;escapedquot;relatedContent&amp;escapedquot;,&amp;escapedquot;fieldMap&amp;escapedquot;:{},&amp;escapedquot;relation&amp;escapedquot;:{&amp;escapedquot;fields&amp;escapedquot;:{&amp;escapedquot;isPaid&amp;escapedquot;:null},&amp;escapedquot;href&amp;escapedquot;:&amp;escapedquot;\/berlin\/roter-teppich-diese-stars-werden-am-dritten-berlinale-tag-erwartet-15248206.html&amp;escapedquot;,&amp;escapedquot;teaserTitle&amp;escapedquot;:{&amp;escapedquot;kicker&amp;escapedquot;:&amp;escapedquot;Roter Teppich&amp;escapedquot;,&amp;escapedquot;headline&amp;escapedquot;:&amp;escapedquot;Diese Stars werden am dritten Berlinale-Tag erwartet&amp;escapedquot;},&amp;escapedquot;id&amp;escapedquot;:&amp;escapedquot;15248206&amp;escapedquot;,&amp;escapedquot;type&amp;escapedquot;:&amp;escapedquot;story&amp;escapedquot;},&amp;escapedquot;isPartOfList&amp;escapedquot;:true,&amp;escapedquot;topicListType&amp;escapedquot;:&amp;escapedquot;topic-list&amp;escapedquot;},&amp;escapedquot;showArrow&amp;escapedquot;:true}\" data-hydrate-slots=\"{&#039;default&#039;:[]}\" class=\"tspC3qb tspC2p9\" rel=\"nofollow noopener\" target=\"_blank\">Roter Teppich Diese Stars werden am dritten Berlinale-Tag erwartet <\/a><a href=\"https:\/\/www.tagesspiegel.de\/berlin\/filmfestspiele-drama-uber-die-turkei-berlinale-zeigt-neuen-film-von-catak-15246759.html?icid=topic-list_15250373___\" data-gtm-class=\"article-mzt-link\" data-hydrate-fingerprint=\"09740a54944caac75fd2c0c63fd5c5df\" data-hydrate-props=\"{&amp;escapedquot;element&amp;escapedquot;:{&amp;escapedquot;type&amp;escapedquot;:&amp;escapedquot;relatedContent&amp;escapedquot;,&amp;escapedquot;fieldMap&amp;escapedquot;:{},&amp;escapedquot;relation&amp;escapedquot;:{&amp;escapedquot;fields&amp;escapedquot;:{&amp;escapedquot;isPaid&amp;escapedquot;:null},&amp;escapedquot;href&amp;escapedquot;:&amp;escapedquot;\/berlin\/filmfestspiele-drama-uber-die-turkei-berlinale-zeigt-neuen-film-von-catak-15246759.html&amp;escapedquot;,&amp;escapedquot;teaserTitle&amp;escapedquot;:{&amp;escapedquot;kicker&amp;escapedquot;:&amp;escapedquot;Filmfestspiele&amp;escapedquot;,&amp;escapedquot;headline&amp;escapedquot;:&amp;escapedquot;Drama \u00fcber die T\u00fcrkei: Berlinale zeigt neuen Film von \u00c7atak&amp;escapedquot;},&amp;escapedquot;id&amp;escapedquot;:&amp;escapedquot;15246759&amp;escapedquot;,&amp;escapedquot;type&amp;escapedquot;:&amp;escapedquot;story&amp;escapedquot;},&amp;escapedquot;isPartOfList&amp;escapedquot;:true,&amp;escapedquot;topicListType&amp;escapedquot;:&amp;escapedquot;topic-list&amp;escapedquot;},&amp;escapedquot;showArrow&amp;escapedquot;:true}\" data-hydrate-slots=\"{&#039;default&#039;:[]}\" class=\"tspC3qb tspC2p9\" rel=\"nofollow noopener\" target=\"_blank\">Filmfestspiele Drama \u00fcber die T\u00fcrkei: Berlinale zeigt neuen Film von \u00c7atak <\/a><a href=\"https:\/\/www.tagesspiegel.de\/gesellschaft\/filmfestspiele-michelle-yeoh-sorgt-fur-tranenreichen-berlinale-auftakt-15242937.html?icid=topic-list_15250373___\" data-gtm-class=\"article-mzt-link\" data-hydrate-fingerprint=\"09740a54944caac75fd2c0c63fd5c5df\" data-hydrate-props=\"{&amp;escapedquot;element&amp;escapedquot;:{&amp;escapedquot;type&amp;escapedquot;:&amp;escapedquot;relatedContent&amp;escapedquot;,&amp;escapedquot;fieldMap&amp;escapedquot;:{},&amp;escapedquot;relation&amp;escapedquot;:{&amp;escapedquot;fields&amp;escapedquot;:{&amp;escapedquot;isPaid&amp;escapedquot;:null},&amp;escapedquot;href&amp;escapedquot;:&amp;escapedquot;\/gesellschaft\/filmfestspiele-michelle-yeoh-sorgt-fur-tranenreichen-berlinale-auftakt-15242937.html&amp;escapedquot;,&amp;escapedquot;teaserTitle&amp;escapedquot;:{&amp;escapedquot;kicker&amp;escapedquot;:&amp;escapedquot;Filmfestspiele&amp;escapedquot;,&amp;escapedquot;headline&amp;escapedquot;:&amp;escapedquot;Michelle Yeoh sorgt f\u00fcr tr\u00e4nenreichen Berlinale-Auftakt&amp;escapedquot;},&amp;escapedquot;id&amp;escapedquot;:&amp;escapedquot;15242937&amp;escapedquot;,&amp;escapedquot;type&amp;escapedquot;:&amp;escapedquot;story&amp;escapedquot;},&amp;escapedquot;isPartOfList&amp;escapedquot;:true,&amp;escapedquot;topicListType&amp;escapedquot;:&amp;escapedquot;topic-list&amp;escapedquot;},&amp;escapedquot;showArrow&amp;escapedquot;:true}\" data-hydrate-slots=\"{&#039;default&#039;:[]}\" class=\"tspC3qb tspC2p9\" rel=\"nofollow noopener\" target=\"_blank\">Filmfestspiele Michelle Yeoh sorgt f\u00fcr tr\u00e4nenreichen Berlinale-Auftakt <\/a><\/p>\n<p class=\"tspCCnp\">In einer offenen Stellungnahme wenden sich die Streikenden an das Publikum: \u201eWir wissen, dass der Streik f\u00fcr Sie mit Unannehmlichkeiten verbunden ist. Doch wir streiken nicht leichtfertig. Wir sorgen mit gro\u00dfem Engagement f\u00fcr Ihr Kinoerlebnis \u2013 und daf\u00fcr brauchen wir gute Arbeitsbedingungen und eine angemessene Bezahlung.\u201c (dpa)<\/p>\n","protected":false},"excerpt":{"rendered":"Die Gewerkschaft Verdi hat Besch\u00e4ftigte der Kinokonzerne CineStar und UCI f\u00fcr diesen Samstag in mehreren St\u00e4dten zu einem&hellip;\n","protected":false},"author":2,"featured_media":795361,"comment_status":"","ping_status":"","sticky":false,"template":"","format":"standard","meta":{"footnotes":"","_share_on_mastodon":"0"},"categories":[1825],"tags":[9006,296,5545,29,30],"class_list":["post-795360","post","type-post","status-publish","format-standard","has-post-thumbnail","category-berlin","tag-alexanderplatz","tag-berlin","tag-berlinale","tag-deutschland","tag-germany"],"share_on_mastodon":{"url":"https:\/\/pubeurope.com\/@de\/116065382295877291","error":""},"_links":{"self":[{"href":"https:\/\/www.europesays.com\/de\/wp-json\/wp\/v2\/posts\/795360","targetHints":{"allow":["GET"]}}],"collection":[{"href":"https:\/\/www.europesays.com\/de\/wp-json\/wp\/v2\/posts"}],"about":[{"href":"https:\/\/www.europesays.com\/de\/wp-json\/wp\/v2\/types\/post"}],"author":[{"embeddable":true,"href":"https:\/\/www.europesays.com\/de\/wp-json\/wp\/v2\/users\/2"}],"replies":[{"embeddable":true,"href":"https:\/\/www.europesays.com\/de\/wp-json\/wp\/v2\/comments?post=795360"}],"version-history":[{"count":0,"href":"https:\/\/www.europesays.com\/de\/wp-json\/wp\/v2\/posts\/795360\/revisions"}],"wp:featuredmedia":[{"embeddable":true,"href":"https:\/\/www.europesays.com\/de\/wp-json\/wp\/v2\/media\/795361"}],"wp:attachment":[{"href":"https:\/\/www.europesays.com\/de\/wp-json\/wp\/v2\/media?parent=795360"}],"wp:term":[{"taxonomy":"category","embeddable":true,"href":"https:\/\/www.europesays.com\/de\/wp-json\/wp\/v2\/categories?post=795360"},{"taxonomy":"post_tag","embeddable":true,"href":"https:\/\/www.europesays.com\/de\/wp-json\/wp\/v2\/tags?post=795360"}],"curies":[{"name":"wp","href":"https:\/\/api.w.org\/{rel}","templated":true}]}}