{"id":795362,"date":"2026-02-13T21:12:19","date_gmt":"2026-02-13T21:12:19","guid":{"rendered":"https:\/\/www.europesays.com\/de\/795362\/"},"modified":"2026-02-13T21:12:19","modified_gmt":"2026-02-13T21:12:19","slug":"vergewaltiger-frei-wegen-formfehler-von-richter","status":"publish","type":"post","link":"https:\/\/www.europesays.com\/de\/795362\/","title":{"rendered":"Vergewaltiger frei wegen Formfehler von Richter"},"content":{"rendered":"\n<p> Abo       \u2013   <\/p>\n<p>  Ein Formfehler mit fatalen Folgen: Verurteilter Vergewaltiger ist wieder auf freiem Fuss <\/p>\n<p class=\"lead regular externalicon-big astro-mrojhlls\"> Mahmood D. wurde erstinstanzlich wegen Vergewaltigung schuldig gesprochen. Nun ist er jedoch freigekommen, obwohl die Beh\u00f6rden ihn f\u00fcr gef\u00e4hrlich halten. Ein Richter hat Fristen nicht eingehalten.    <\/p>\n<p>   <img loading=\"lazy\" decoding=\"async\" src=\"https:\/\/www.europesays.com\/de\/wp-content\/uploads\/2025\/06\/6qqqJy0o4019XkcOP1FBag.jpg\"  width=\"100\" height=\"100\"  alt=\"Simon Widmer\" class=\"AuthorImage -content-head authorimage astro-vmrqen7w astro-g7nkasli\" style=\"background-color:#9B9B9B\"\/>        Publiziert heute um 19:02 Uhr               <img decoding=\"async\" loading=\"eager\" fetchpriority=\"high\" src=\"https:\/\/www.europesays.com\/de\/wp-content\/uploads\/2026\/02\/FcWdMYQ9KXm9JIk40kyfj1.jpg\" data-image-url=\"https:\/\/www.europesays.com\/de\/wp-content\/uploads\/2026\/02\/FcWdMYQ9KXm9JIk40kyfj1.jpg\" alt=\"Gerichtssaal des Kammergerichts am Kleistpark Berlin mit leeren Sitzreihen und einem grossen Fenster an der Decke.\" title=\"Gerichtssaal des Kammergerichts am Kleistpark Berlin mit leeren Sitzreihen und einem grossen Fenster an der Decke.\" class=\"ResponsiveImage responsive-image astro-lrzy7jfn\" style=\"background-color:#8E8A5A\" onload=\"this.style.backgroundColor = &quot;transparent&quot;\"\/>         <\/p>\n<p>Ein Urteil hier sorgt f\u00fcr Fassungslosigkeit: Das Kammergericht in Berlin. <\/p>\n<p>Foto: Imago, Tagesspiegel<\/p>\n","protected":false},"excerpt":{"rendered":"Abo \u2013 Ein Formfehler mit fatalen Folgen: Verurteilter Vergewaltiger ist wieder auf freiem Fuss Mahmood D. wurde erstinstanzlich&hellip;\n","protected":false},"author":2,"featured_media":795363,"comment_status":"","ping_status":"","sticky":false,"template":"","format":"standard","meta":{"footnotes":"","_share_on_mastodon":"0"},"categories":[1825],"tags":[296,29,30],"class_list":["post-795362","post","type-post","status-publish","format-standard","has-post-thumbnail","category-berlin","tag-berlin","tag-deutschland","tag-germany"],"share_on_mastodon":{"url":"https:\/\/pubeurope.com\/@de\/116065386277450052","error":""},"_links":{"self":[{"href":"https:\/\/www.europesays.com\/de\/wp-json\/wp\/v2\/posts\/795362","targetHints":{"allow":["GET"]}}],"collection":[{"href":"https:\/\/www.europesays.com\/de\/wp-json\/wp\/v2\/posts"}],"about":[{"href":"https:\/\/www.europesays.com\/de\/wp-json\/wp\/v2\/types\/post"}],"author":[{"embeddable":true,"href":"https:\/\/www.europesays.com\/de\/wp-json\/wp\/v2\/users\/2"}],"replies":[{"embeddable":true,"href":"https:\/\/www.europesays.com\/de\/wp-json\/wp\/v2\/comments?post=795362"}],"version-history":[{"count":0,"href":"https:\/\/www.europesays.com\/de\/wp-json\/wp\/v2\/posts\/795362\/revisions"}],"wp:featuredmedia":[{"embeddable":true,"href":"https:\/\/www.europesays.com\/de\/wp-json\/wp\/v2\/media\/795363"}],"wp:attachment":[{"href":"https:\/\/www.europesays.com\/de\/wp-json\/wp\/v2\/media?parent=795362"}],"wp:term":[{"taxonomy":"category","embeddable":true,"href":"https:\/\/www.europesays.com\/de\/wp-json\/wp\/v2\/categories?post=795362"},{"taxonomy":"post_tag","embeddable":true,"href":"https:\/\/www.europesays.com\/de\/wp-json\/wp\/v2\/tags?post=795362"}],"curies":[{"name":"wp","href":"https:\/\/api.w.org\/{rel}","templated":true}]}}