{"id":795364,"date":"2026-02-13T21:13:17","date_gmt":"2026-02-13T21:13:17","guid":{"rendered":"https:\/\/www.europesays.com\/de\/795364\/"},"modified":"2026-02-13T21:13:17","modified_gmt":"2026-02-13T21:13:17","slug":"im-fruehjahr-werden-neue-baeume-gepflanzt","status":"publish","type":"post","link":"https:\/\/www.europesays.com\/de\/795364\/","title":{"rendered":"Im Fr\u00fchjahr werden neue B\u00e4ume gepflanzt"},"content":{"rendered":"<p class=\"tspCCnp tspCCnq\">Der Fr\u00fchling bringt Gr\u00fcn \u2013 auch auf den Stra\u00dfen Pankows: In diesem Fr\u00fchjahr werden erneut zahlreiche neue B\u00e4ume im Bezirk gepflanzt. <\/p>\n<p>Bezirke-Newsletter: Pankow<\/p>\n<p><img decoding=\"async\" src=\"https:\/\/www.europesays.com\/de\/wp-content\/uploads\/2025\/04\/icon-pankow.png\" alt=\"\" class=\"tspCFgx\"\/><\/p>\n<p class=\"tspCFn5\"> Mehr Neuigkeiten zum Bezirk gibt es in unserem Newsletter \u2014 jede Woche per E-Mail. <\/p>\n<p class=\"tspCCnp\">Insgesamt 154 B\u00e4ume sollen im Rahmen der Stadtbaumkampagne gesetzt werden. Sie spenden k\u00fcnftig Schatten, senken bei Hitze die Temperaturen, filtern Schadstoffe aus der Luft und machen das Wohnumfeld insgesamt gr\u00fcner und lebenswerter.<\/p>\n<p> Spenden von Einzelnen oder etwa Hausgemeinschaften m\u00f6glich <\/p>\n<p class=\"tspCCnp\">Im Rahmen der Stadtbaumkampagne k\u00f6nnen sowohl Einzelpersonen als auch Hausgemeinschaften einen Baum spenden. Der Eigenanteil betr\u00e4gt 500 Euro. Sobald dieser Betrag erreicht ist, steuert der Senat aus Landesmitteln die restlichen Kosten bei. Insgesamt belaufen sich die Kosten pro Baum inklusive der Pflege in den ersten drei Jahren auf rund 3000 Euro. F\u00fcr die Pflanzungen werden B\u00e4ume ausgew\u00e4hlt, die sich an die sich wandelnden klimatischen Bedingungen anpassen k\u00f6nnen. <\/p>\n<p>500 <\/p>\n<p><strong>Euro <\/strong>kostet ein eigener Baum<\/p>\n<p class=\"tspCCnp\">Geplant sind Neupflanzungen unter anderem im Komponistenviertel, Florakiez, Winsviertel, Sch\u00f6nhauser Allee, B\u00f6tzowviertel, Kollwitzkiez, im Nordischen Viertel und weiteren Stra\u00dfen des Bezirks. Eine genaue \u00dcbersicht der Standorte ist <a href=\"https:\/\/www.berlin.de\/sen\/uvk\/_assets\/natur-gruen\/stadtgruen\/stadtbaeume\/stadtbaumkampagne\/baumlisten\/standorte-fruehjahr-2026-pankow.xlsx?ts=1761037390\" target=\"_blank\" rel=\"noopener nofollow\" class=\"link link--external\" data-gtm-class=\"article-text-link\" data-gtm-val=\"external\" aria-describedby=\"message-target-blank\">online<\/a> einsehbar. <\/p>\n<p><a href=\"https:\/\/leute.tagesspiegel.de\/?utm_source=tagesspiegel.de&amp;utm_campaign=newsletter-signup&amp;utm_medium=website&amp;utm_content=link&amp;icid=single-topic_15248344___\" data-gtm-class=\"article-mzt-link\" class=\"tspC3qb\" rel=\"nofollow noopener\" target=\"_blank\">Hilfsaktionen, Spendenaufrufe, pers\u00f6nliches Engagement sind immer wieder Thema in unseren Berliner Bezirks-Newslettern &#8211; hier bestellen: www.tagesspiegel.de\/bezirke <\/a> Wer noch spenden will, muss sich beeilen <\/p>\n<p class=\"tspCCnp\">Wer einen eigenen Baum in seiner Nachbarschaft wachsen sehen und daf\u00fcr spenden m\u00f6chte, sollte sich beeilen: Am 15. Februar endet die diesj\u00e4hrige Kampagne. <\/p>\n<p class=\"tspCCnp\">\u201eDass wir diese Pflanzungen gemeinsam mit der Senatsverwaltung und mit Unterst\u00fctzung engagierter B\u00fcrgerinnen und B\u00fcrger umsetzen, zeigt: Stadtgr\u00fcn ist eine Gemeinschaftsaufgabe\u201c, sagte Manuela Anders-Granitzki (CDU), Bezirksstadtr\u00e4tin f\u00fcr Ordnung und \u00d6ffentlichen Raum. \u201eMein Dank gilt allen B\u00fcrgerinnen und B\u00fcrgern, die sich im Rahmen der Stadtbaumkampagne engagieren und mit ihrer Spende ganz konkret zur Versch\u00f6nerung unseres Bezirks beitragen.\u201c<\/p>\n<p>Mehr zum Berliner Stadtgr\u00fcn<a href=\"https:\/\/www.tagesspiegel.de\/wissen\/hier-wurde-eine-ganze-pflanzengruppe-verunglimpft-forscher-wirbt-fur-mehr-nadelbaume-in-berlin-15062458.html?icid=topic-list_15248344___\" data-gtm-class=\"article-mzt-link\" data-hydrate-fingerprint=\"09740a54944caac75fd2c0c63fd5c5df\" data-hydrate-props=\"{&amp;escapedquot;element&amp;escapedquot;:{&amp;escapedquot;type&amp;escapedquot;:&amp;escapedquot;relatedContent&amp;escapedquot;,&amp;escapedquot;fieldMap&amp;escapedquot;:{},&amp;escapedquot;relation&amp;escapedquot;:{&amp;escapedquot;fields&amp;escapedquot;:{&amp;escapedquot;isPaid&amp;escapedquot;:true},&amp;escapedquot;href&amp;escapedquot;:&amp;escapedquot;\/wissen\/hier-wurde-eine-ganze-pflanzengruppe-verunglimpft-forscher-wirbt-fur-mehr-nadelbaume-in-berlin-15062458.html&amp;escapedquot;,&amp;escapedquot;teaserTitle&amp;escapedquot;:{&amp;escapedquot;kicker&amp;escapedquot;:&amp;escapedquot;\u201eHier wurde eine ganze Pflanzengruppe verunglimpft\u201c&amp;escapedquot;,&amp;escapedquot;headline&amp;escapedquot;:&amp;escapedquot;Forscher wirbt f\u00fcr mehr Nadelb\u00e4ume im Stadtbild&amp;escapedquot;},&amp;escapedquot;id&amp;escapedquot;:&amp;escapedquot;15062458&amp;escapedquot;,&amp;escapedquot;type&amp;escapedquot;:&amp;escapedquot;story&amp;escapedquot;},&amp;escapedquot;isPartOfList&amp;escapedquot;:true,&amp;escapedquot;topicListType&amp;escapedquot;:&amp;escapedquot;topic-list&amp;escapedquot;},&amp;escapedquot;showArrow&amp;escapedquot;:true}\" data-hydrate-slots=\"{&#039;default&#039;:[]}\" class=\"tspC3qb tspC2p9\" rel=\"nofollow noopener\" target=\"_blank\">\u201eHier wurde eine ganze Pflanzengruppe verunglimpft\u201c Forscher wirbt f\u00fcr mehr Nadelb\u00e4ume im Stadtbild <\/a><a href=\"https:\/\/www.tagesspiegel.de\/berlin\/hunderttausende-neue-baume-fur-berlin-wie-sie-die-hauptstadt-verandern-sollen-und-wo-neue-probleme-drohen-14737676.html?icid=topic-list_15248344___\" data-gtm-class=\"article-mzt-link\" data-hydrate-fingerprint=\"09740a54944caac75fd2c0c63fd5c5df\" data-hydrate-props=\"{&amp;escapedquot;element&amp;escapedquot;:{&amp;escapedquot;type&amp;escapedquot;:&amp;escapedquot;relatedContent&amp;escapedquot;,&amp;escapedquot;fieldMap&amp;escapedquot;:{},&amp;escapedquot;relation&amp;escapedquot;:{&amp;escapedquot;fields&amp;escapedquot;:{&amp;escapedquot;isPaid&amp;escapedquot;:true},&amp;escapedquot;href&amp;escapedquot;:&amp;escapedquot;\/berlin\/hunderttausende-neue-baume-fur-berlin-wie-sie-die-hauptstadt-verandern-sollen-und-wo-neue-probleme-drohen-14737676.html&amp;escapedquot;,&amp;escapedquot;teaserTitle&amp;escapedquot;:{&amp;escapedquot;kicker&amp;escapedquot;:&amp;escapedquot;Hunderttausende neue B\u00e4ume f\u00fcr Berlin&amp;escapedquot;,&amp;escapedquot;headline&amp;escapedquot;:&amp;escapedquot;Wie sie die Hauptstadt ver\u00e4ndern sollen und wo neue Probleme drohen&amp;escapedquot;},&amp;escapedquot;id&amp;escapedquot;:&amp;escapedquot;14737676&amp;escapedquot;,&amp;escapedquot;type&amp;escapedquot;:&amp;escapedquot;story&amp;escapedquot;},&amp;escapedquot;isPartOfList&amp;escapedquot;:true,&amp;escapedquot;topicListType&amp;escapedquot;:&amp;escapedquot;topic-list&amp;escapedquot;},&amp;escapedquot;showArrow&amp;escapedquot;:true}\" data-hydrate-slots=\"{&#039;default&#039;:[]}\" class=\"tspC3qb tspC2p9\" rel=\"nofollow noopener\" target=\"_blank\">Hunderttausende neue B\u00e4ume f\u00fcr Berlin Wie sie die Hauptstadt ver\u00e4ndern sollen und wo neue Probleme drohen <\/a><a href=\"https:\/\/www.tagesspiegel.de\/berlin\/bezirke\/pankow\/abholzung-in-berlin-schreitet-voran-dramatische-fall-statistik-fur-pankow-wird-ihr-kiez-zur-kahlen-betonwuste-14895941.html?icid=topic-list_15248344___\" data-gtm-class=\"article-mzt-link\" data-hydrate-fingerprint=\"09740a54944caac75fd2c0c63fd5c5df\" data-hydrate-props=\"{&amp;escapedquot;element&amp;escapedquot;:{&amp;escapedquot;type&amp;escapedquot;:&amp;escapedquot;relatedContent&amp;escapedquot;,&amp;escapedquot;fieldMap&amp;escapedquot;:{},&amp;escapedquot;relation&amp;escapedquot;:{&amp;escapedquot;fields&amp;escapedquot;:{&amp;escapedquot;isPaid&amp;escapedquot;:true},&amp;escapedquot;href&amp;escapedquot;:&amp;escapedquot;\/berlin\/bezirke\/pankow\/abholzung-in-berlin-schreitet-voran-dramatische-fall-statistik-fur-pankow-wird-ihr-kiez-zur-kahlen-betonwuste-14895941.html&amp;escapedquot;,&amp;escapedquot;teaserTitle&amp;escapedquot;:{&amp;escapedquot;kicker&amp;escapedquot;:&amp;escapedquot;Abholzung in Berlin schreitet dramatisch voran&amp;escapedquot;,&amp;escapedquot;headline&amp;escapedquot;:&amp;escapedquot;Wird auch Ihr Kiez zur baumlosen Betonw\u00fcste?&amp;escapedquot;},&amp;escapedquot;id&amp;escapedquot;:&amp;escapedquot;14895941&amp;escapedquot;,&amp;escapedquot;type&amp;escapedquot;:&amp;escapedquot;story&amp;escapedquot;},&amp;escapedquot;isPartOfList&amp;escapedquot;:true,&amp;escapedquot;topicListType&amp;escapedquot;:&amp;escapedquot;topic-list&amp;escapedquot;},&amp;escapedquot;showArrow&amp;escapedquot;:true}\" data-hydrate-slots=\"{&#039;default&#039;:[]}\" class=\"tspC3qb tspC2p9\" rel=\"nofollow noopener\" target=\"_blank\">Abholzung in Berlin schreitet dramatisch voran Wird auch Ihr Kiez zur baumlosen Betonw\u00fcste? <\/a><\/p>\n<p class=\"tspCCnp\">Im vergangenen Jahr wurden in Berlin im Rahmen der Stadtbaumkampagne insgesamt 314.686,58 Euro gespendet. Weitere Informationen sowie das Spendenformular <a href=\"https:\/\/www.berlin.de\/sen\/uvk\/natur-und-gruen\/stadtgruen\/stadtbaeume\/stadtbaumkampagne\/\" target=\"_blank\" rel=\"noopener nofollow\" class=\"link link--external\" data-gtm-class=\"article-text-link\" data-gtm-val=\"external\" aria-describedby=\"message-target-blank\">finden Sie hier.<\/a><\/p>\n","protected":false},"excerpt":{"rendered":"Der Fr\u00fchling bringt Gr\u00fcn \u2013 auch auf den Stra\u00dfen Pankows: In diesem Fr\u00fchjahr werden erneut zahlreiche neue B\u00e4ume&hellip;\n","protected":false},"author":2,"featured_media":795365,"comment_status":"","ping_status":"","sticky":false,"template":"","format":"standard","meta":{"footnotes":"","_share_on_mastodon":"0"},"categories":[1825],"tags":[296,29,30,952,530],"class_list":["post-795364","post","type-post","status-publish","format-standard","has-post-thumbnail","category-berlin","tag-berlin","tag-deutschland","tag-germany","tag-klimawandel","tag-pankow"],"share_on_mastodon":{"url":"https:\/\/pubeurope.com\/@de\/116065390239970095","error":""},"_links":{"self":[{"href":"https:\/\/www.europesays.com\/de\/wp-json\/wp\/v2\/posts\/795364","targetHints":{"allow":["GET"]}}],"collection":[{"href":"https:\/\/www.europesays.com\/de\/wp-json\/wp\/v2\/posts"}],"about":[{"href":"https:\/\/www.europesays.com\/de\/wp-json\/wp\/v2\/types\/post"}],"author":[{"embeddable":true,"href":"https:\/\/www.europesays.com\/de\/wp-json\/wp\/v2\/users\/2"}],"replies":[{"embeddable":true,"href":"https:\/\/www.europesays.com\/de\/wp-json\/wp\/v2\/comments?post=795364"}],"version-history":[{"count":0,"href":"https:\/\/www.europesays.com\/de\/wp-json\/wp\/v2\/posts\/795364\/revisions"}],"wp:featuredmedia":[{"embeddable":true,"href":"https:\/\/www.europesays.com\/de\/wp-json\/wp\/v2\/media\/795365"}],"wp:attachment":[{"href":"https:\/\/www.europesays.com\/de\/wp-json\/wp\/v2\/media?parent=795364"}],"wp:term":[{"taxonomy":"category","embeddable":true,"href":"https:\/\/www.europesays.com\/de\/wp-json\/wp\/v2\/categories?post=795364"},{"taxonomy":"post_tag","embeddable":true,"href":"https:\/\/www.europesays.com\/de\/wp-json\/wp\/v2\/tags?post=795364"}],"curies":[{"name":"wp","href":"https:\/\/api.w.org\/{rel}","templated":true}]}}