{"id":795506,"date":"2026-02-13T22:40:18","date_gmt":"2026-02-13T22:40:18","guid":{"rendered":"https:\/\/www.europesays.com\/de\/795506\/"},"modified":"2026-02-13T22:40:18","modified_gmt":"2026-02-13T22:40:18","slug":"autorin-arundhati-roy-sagt-teilnahme-an-berlinale-ploetzlich-ab","status":"publish","type":"post","link":"https:\/\/www.europesays.com\/de\/795506\/","title":{"rendered":"Autorin Arundhati Roy sagt Teilnahme an Berlinale pl\u00f6tzlich ab"},"content":{"rendered":"<p class=\"tspCCnp tspCCnq\">Die indische Schriftstellerin Arundhati Roy (64) hat ihre Teilnahme an der Berlinale aus politischen Gr\u00fcnden abgesagt. \u201eMit gro\u00dfem Bedauern muss ich mitteilen, dass ich nicht an der Berlinale teilnehmen werde\u201c, erkl\u00e4rte sie in einer Stellungnahme \u00fcber ihren Verlag. Als Begr\u00fcndung nannte sie die aus ihrer Sicht \u201eunerh\u00f6rten Aussagen\u201c von Mitgliedern der Jury, als sie aufgefordert worden seien, sich zum Gazakrieg zu \u00e4u\u00dfern.<\/p>\n<p>Tagesspiegel Checkpoint: Berlins beliebtester Newsletter<\/p>\n<p><img decoding=\"async\" src=\"https:\/\/www.europesays.com\/de\/wp-content\/uploads\/2025\/04\/cp-icon.png\" alt=\"\" class=\"tspCFgx\"\/><\/p>\n<p class=\"tspCFn5\"> Der schnellste Berlin-\u00dcberblick von Montag bis Samstag. <\/p>\n<p class=\"tspCCnp\">Am Er\u00f6ffnungstag hatte ein Journalist die Jurymitglieder auf den Nahostkonflikt angesprochen. Er warf der Berlinale vor, sich mit Menschen im Iran und in der Ukraine solidarisiert zu haben, nicht aber mit pal\u00e4stinensischen Menschen. Er fragte die Jury, ob sie vor dem Hintergrund, \u201edass die deutsche Regierung den V\u00f6lkermord in Gaza unterst\u00fctzt und Hauptgeldgeber der Berlinale ist, diese selektive Behandlung der Menschenrechte\u201c unterst\u00fctze.<\/p>\n<p class=\"tspCCnp\">Israel streitet ab, im Gazastreifen einen V\u00f6lkermord zu begehen. Das ist auch die Position der Bundesregierung. Vor dem Internationalen Gerichtshof (IGH) in Den Haag l\u00e4uft eine von S\u00fcdafrika angestrengte V\u00f6lkermord-Klage gegen Israel. Wann das Gericht ein Urteil f\u00e4llen k\u00f6nnte, ist unbekannt.<\/p>\n<p> Wenders: Filmschaffende als Gegengewicht zur Politik\u00a0 <\/p>\n<p class=\"tspCCnp\">Jurymitglied Ewa Puszczy\u0144ska betonte, dies seien komplizierte Fragen. Jurypr\u00e4sident Wenders antwortete, sie k\u00f6nnten sich nicht auf das Feld der Politik begeben. Filmschaffende m\u00fcssten sich aus der Politik heraushalten, sie seien ein Gegengewicht zur Politik. \u201eWir m\u00fcssen die Arbeit der Menschen machen und nicht die Arbeit der Politiker.\u201c\u00a0<\/p>\n<p class=\"tspCCnp\">Zu h\u00f6ren, dass Kunst nicht politisch sein solle, sei schockierend, schrieb Roy (\u201eDer Gott der kleinen Dinge\u201c, \u201eMeine Zuflucht und mein Sturm\u201c) in ihrer Stellungnahme. \u201eDamit wird eine Diskussion \u00fcber ein Verbrechen gegen die Menschlichkeit unterbunden, obwohl es sich gerade in Echtzeit vor unseren Augen abspielt \u2013 in einer Zeit, in der K\u00fcnstler, Schriftsteller und Filmemacher alles in ihrer Macht Stehende tun sollten, um es zu stoppen.\u201c<\/p>\n<p>Mehr zur Berlinale<a href=\"https:\/\/www.tagesspiegel.de\/berlin\/roter-teppich-diese-stars-werden-am-dritten-berlinale-tag-erwartet-15248206.html?icid=topic-list_15250473___\" data-gtm-class=\"article-mzt-link\" data-hydrate-fingerprint=\"09740a54944caac75fd2c0c63fd5c5df\" data-hydrate-props=\"{&amp;escapedquot;element&amp;escapedquot;:{&amp;escapedquot;type&amp;escapedquot;:&amp;escapedquot;relatedContent&amp;escapedquot;,&amp;escapedquot;fieldMap&amp;escapedquot;:{},&amp;escapedquot;relation&amp;escapedquot;:{&amp;escapedquot;fields&amp;escapedquot;:{&amp;escapedquot;isPaid&amp;escapedquot;:null},&amp;escapedquot;href&amp;escapedquot;:&amp;escapedquot;\/berlin\/roter-teppich-diese-stars-werden-am-dritten-berlinale-tag-erwartet-15248206.html&amp;escapedquot;,&amp;escapedquot;teaserTitle&amp;escapedquot;:{&amp;escapedquot;kicker&amp;escapedquot;:&amp;escapedquot;Roter Teppich&amp;escapedquot;,&amp;escapedquot;headline&amp;escapedquot;:&amp;escapedquot;Diese Stars werden am dritten Berlinale-Tag erwartet&amp;escapedquot;},&amp;escapedquot;id&amp;escapedquot;:&amp;escapedquot;15248206&amp;escapedquot;,&amp;escapedquot;type&amp;escapedquot;:&amp;escapedquot;story&amp;escapedquot;},&amp;escapedquot;isPartOfList&amp;escapedquot;:true,&amp;escapedquot;topicListType&amp;escapedquot;:&amp;escapedquot;topic-list&amp;escapedquot;},&amp;escapedquot;showArrow&amp;escapedquot;:true}\" data-hydrate-slots=\"{&#039;default&#039;:[]}\" class=\"tspC3qb tspC2p9\" rel=\"nofollow noopener\" target=\"_blank\">Roter Teppich Diese Stars werden am dritten Berlinale-Tag erwartet <\/a><a href=\"https:\/\/www.tagesspiegel.de\/potsdam\/potsdam-kultur\/berlinale-spotlights-potsdamer-filmmuseum-zeigt-filmnachwuchs-15244769.html?icid=topic-list_15250473___\" data-gtm-class=\"article-mzt-link\" data-hydrate-fingerprint=\"09740a54944caac75fd2c0c63fd5c5df\" data-hydrate-props=\"{&amp;escapedquot;element&amp;escapedquot;:{&amp;escapedquot;type&amp;escapedquot;:&amp;escapedquot;relatedContent&amp;escapedquot;,&amp;escapedquot;fieldMap&amp;escapedquot;:{},&amp;escapedquot;relation&amp;escapedquot;:{&amp;escapedquot;fields&amp;escapedquot;:{&amp;escapedquot;isPaid&amp;escapedquot;:null},&amp;escapedquot;href&amp;escapedquot;:&amp;escapedquot;\/potsdam\/potsdam-kultur\/berlinale-spotlights-potsdamer-filmmuseum-zeigt-filmnachwuchs-15244769.html&amp;escapedquot;,&amp;escapedquot;teaserTitle&amp;escapedquot;:{&amp;escapedquot;kicker&amp;escapedquot;:&amp;escapedquot;Berlinale Spotlights&amp;escapedquot;,&amp;escapedquot;headline&amp;escapedquot;:&amp;escapedquot;Potsdamer Filmmuseum zeigt Filmnachwuchs&amp;escapedquot;},&amp;escapedquot;id&amp;escapedquot;:&amp;escapedquot;15244769&amp;escapedquot;,&amp;escapedquot;type&amp;escapedquot;:&amp;escapedquot;story&amp;escapedquot;},&amp;escapedquot;isPartOfList&amp;escapedquot;:true,&amp;escapedquot;topicListType&amp;escapedquot;:&amp;escapedquot;topic-list&amp;escapedquot;},&amp;escapedquot;showArrow&amp;escapedquot;:true}\" data-hydrate-slots=\"{&#039;default&#039;:[]}\" class=\"tspC3qb tspC2p9\" rel=\"nofollow noopener\" target=\"_blank\">Berlinale Spotlights Potsdamer Filmmuseum zeigt Filmnachwuchs <\/a><a href=\"https:\/\/www.tagesspiegel.de\/kultur\/goldener-ehrenbar-furs-lebenswerk-die-berlinale-feiert-die-malaysische-schauspielerin-michelle-yeoh-15243970.html?icid=topic-list_15250473___\" data-gtm-class=\"article-mzt-link\" data-hydrate-fingerprint=\"09740a54944caac75fd2c0c63fd5c5df\" data-hydrate-props=\"{&amp;escapedquot;element&amp;escapedquot;:{&amp;escapedquot;type&amp;escapedquot;:&amp;escapedquot;relatedContent&amp;escapedquot;,&amp;escapedquot;fieldMap&amp;escapedquot;:{},&amp;escapedquot;relation&amp;escapedquot;:{&amp;escapedquot;fields&amp;escapedquot;:{&amp;escapedquot;isPaid&amp;escapedquot;:true},&amp;escapedquot;href&amp;escapedquot;:&amp;escapedquot;\/kultur\/goldener-ehrenbar-furs-lebenswerk-die-berlinale-feiert-die-malaysische-schauspielerin-michelle-yeoh-15243970.html&amp;escapedquot;,&amp;escapedquot;teaserTitle&amp;escapedquot;:{&amp;escapedquot;kicker&amp;escapedquot;:&amp;escapedquot;Goldener Ehrenb\u00e4r f\u00fcrs Lebenswerk&amp;escapedquot;,&amp;escapedquot;headline&amp;escapedquot;:&amp;escapedquot;Die Berlinale feiert die Oscar-Preistr\u00e4gerin Michelle Yeoh&amp;escapedquot;},&amp;escapedquot;id&amp;escapedquot;:&amp;escapedquot;15243970&amp;escapedquot;,&amp;escapedquot;type&amp;escapedquot;:&amp;escapedquot;story&amp;escapedquot;},&amp;escapedquot;isPartOfList&amp;escapedquot;:true,&amp;escapedquot;topicListType&amp;escapedquot;:&amp;escapedquot;topic-list&amp;escapedquot;},&amp;escapedquot;showArrow&amp;escapedquot;:true}\" data-hydrate-slots=\"{&#039;default&#039;:[]}\" class=\"tspC3qb tspC2p9\" rel=\"nofollow noopener\" target=\"_blank\">Goldener Ehrenb\u00e4r f\u00fcrs Lebenswerk Die Berlinale feiert die Oscar-Preistr\u00e4gerin Michelle Yeoh <\/a><\/p>\n<p class=\"tspCCnp\">Roy hatte f\u00fcr ihren Roman\u00a0\u201eDer Gott der kleinen Dinge\u201c 1997 den Booker-Preis erhalten. Bei der Berlinale wird in der Reihe \u201eClassics\u201c der Film \u201eIn Which Annie Gives It Those Ones\u201c (1989) gezeigt, in dem sie damals mitspielte und f\u00fcr den sie auch das Drehbuch geschrieben hatte. (dpa)<\/p>\n","protected":false},"excerpt":{"rendered":"Die indische Schriftstellerin Arundhati Roy (64) hat ihre Teilnahme an der Berlinale aus politischen Gr\u00fcnden abgesagt. \u201eMit gro\u00dfem&hellip;\n","protected":false},"author":2,"featured_media":795507,"comment_status":"","ping_status":"","sticky":false,"template":"","format":"standard","meta":{"footnotes":"","_share_on_mastodon":"0"},"categories":[1825],"tags":[296,5545,29,738,30,345,130,317],"class_list":["post-795506","post","type-post","status-publish","format-standard","has-post-thumbnail","category-berlin","tag-berlin","tag-berlinale","tag-deutschland","tag-gazastreifen","tag-germany","tag-iran","tag-menschenrechte","tag-ukraine"],"share_on_mastodon":{"url":"https:\/\/pubeurope.com\/@de\/116065732413648661","error":""},"_links":{"self":[{"href":"https:\/\/www.europesays.com\/de\/wp-json\/wp\/v2\/posts\/795506","targetHints":{"allow":["GET"]}}],"collection":[{"href":"https:\/\/www.europesays.com\/de\/wp-json\/wp\/v2\/posts"}],"about":[{"href":"https:\/\/www.europesays.com\/de\/wp-json\/wp\/v2\/types\/post"}],"author":[{"embeddable":true,"href":"https:\/\/www.europesays.com\/de\/wp-json\/wp\/v2\/users\/2"}],"replies":[{"embeddable":true,"href":"https:\/\/www.europesays.com\/de\/wp-json\/wp\/v2\/comments?post=795506"}],"version-history":[{"count":0,"href":"https:\/\/www.europesays.com\/de\/wp-json\/wp\/v2\/posts\/795506\/revisions"}],"wp:featuredmedia":[{"embeddable":true,"href":"https:\/\/www.europesays.com\/de\/wp-json\/wp\/v2\/media\/795507"}],"wp:attachment":[{"href":"https:\/\/www.europesays.com\/de\/wp-json\/wp\/v2\/media?parent=795506"}],"wp:term":[{"taxonomy":"category","embeddable":true,"href":"https:\/\/www.europesays.com\/de\/wp-json\/wp\/v2\/categories?post=795506"},{"taxonomy":"post_tag","embeddable":true,"href":"https:\/\/www.europesays.com\/de\/wp-json\/wp\/v2\/tags?post=795506"}],"curies":[{"name":"wp","href":"https:\/\/api.w.org\/{rel}","templated":true}]}}