{"id":795508,"date":"2026-02-13T22:41:15","date_gmt":"2026-02-13T22:41:15","guid":{"rendered":"https:\/\/www.europesays.com\/de\/795508\/"},"modified":"2026-02-13T22:41:15","modified_gmt":"2026-02-13T22:41:15","slug":"gericht-verhaengt-geldstrafe-fuer-attacke-auf-betreuer-seiner-mutter","status":"publish","type":"post","link":"https:\/\/www.europesays.com\/de\/795508\/","title":{"rendered":"Gericht verh\u00e4ngt Geldstrafe f\u00fcr Attacke auf Betreuer seiner Mutter"},"content":{"rendered":"<p class=\"tspCCnp tspCCnq\">Ein Mann, der einen Pfleger seiner Mutter in einer Wohngemeinschaft in Berlin-Sch\u00f6neberg attackiert hat, ist zu einer Strafe von 2.250 Euro verurteilt worden. Das Amtsgericht Tiergarten sprach den 55-j\u00e4hrigen Arzt der gef\u00e4hrlichen K\u00f6rperverletzung schuldig. Mit mindestens drei Schl\u00e4gen mit der Fu\u00dfst\u00fctze eines Toilettenstuhls habe er den 57-j\u00e4hrigen Pfleger verletzt, sagte die Vorsitzende Richterin. Es sei in einer \u201eprovokativen Situation\u201c geschehen.\u00a0<\/p>\n<p>Tagesspiegel Checkpoint: Berlins beliebtester Newsletter<\/p>\n<p><img decoding=\"async\" src=\"https:\/\/www.europesays.com\/de\/wp-content\/uploads\/2025\/04\/cp-icon.png\" alt=\"\" class=\"tspCFgx\"\/><\/p>\n<p class=\"tspCFn5\"> Der schnellste Berlin-\u00dcberblick von Montag bis Samstag. <\/p>\n<p class=\"tspCCnp\">Der Mann hatte seine Mutter im September 2024 besucht und wollte auch im Krankenzimmer der 87-J\u00e4hrigen \u00fcbernachten. Als der Pfleger im Sp\u00e4tdienst seine \u00fcbliche Pflegeroutine vornehmen wollte, sei es zum Streit gekommen.\u00a0<\/p>\n<p class=\"tspCCnp\">Zum Hintergrund sagte der Pfleger, der Angeklagte habe sich bez\u00fcglich der Pflege \u201eSachen angema\u00dft\u201c und die Frau ohne technische Hilfsmittel aus dem Bett gehoben. \u201eIch habe ihm erkl\u00e4rt, dass ich die Pflegepflicht und die Verantwortung habe\u201c, so der 57-J\u00e4hrige.\u00a0<\/p>\n<p> Pfleger erlitt Platzwunde am Kopf <\/p>\n<p class=\"tspCCnp\">Der Arzt, der sich nach seinen Angaben seit Jahren um seine Mutter k\u00fcmmert und schon l\u00e4ngere Zeit nicht mehr in seinem Beruf t\u00e4tig ist, hatte die Schl\u00e4ge zugegeben. Er bereue sie zutiefst, erkl\u00e4rte der 55-J\u00e4hrige. Vor der Gewalt sei es zu einem Streit und zu Provokationen gekommen \u2013 \u201eda habe ich einen beliebigen Gegenstand gegriffen\u201c. Nach der Tat habe er ein Hausverbot erhalten. Der Pfleger erlitt unter anderem eine Platzwunde am Hinterkopf.\u00a0<\/p>\n<p>Mehr aus Berlin <a href=\"https:\/\/www.tagesspiegel.de\/berlin\/115000-euro-fur-sozialarbeit-am-kottbusser-tor-berliner-senat-rettet-projekt-fur-junge-drogensuchtige-15249574.html?icid=topic-list_15250340___\" data-gtm-class=\"article-mzt-link\" data-hydrate-fingerprint=\"09740a54944caac75fd2c0c63fd5c5df\" data-hydrate-props=\"{&amp;escapedquot;element&amp;escapedquot;:{&amp;escapedquot;type&amp;escapedquot;:&amp;escapedquot;relatedContent&amp;escapedquot;,&amp;escapedquot;fieldMap&amp;escapedquot;:{},&amp;escapedquot;relation&amp;escapedquot;:{&amp;escapedquot;fields&amp;escapedquot;:{&amp;escapedquot;isPaid&amp;escapedquot;:true},&amp;escapedquot;href&amp;escapedquot;:&amp;escapedquot;\/berlin\/115000-euro-fur-sozialarbeit-am-kottbusser-tor-berliner-senat-rettet-projekt-fur-junge-drogensuchtige-15249574.html&amp;escapedquot;,&amp;escapedquot;teaserTitle&amp;escapedquot;:{&amp;escapedquot;kicker&amp;escapedquot;:&amp;escapedquot;105.000 Euro f\u00fcr Sozialarbeit am Kottbusser Tor&amp;escapedquot;,&amp;escapedquot;headline&amp;escapedquot;:&amp;escapedquot;Berliner Senat rettet Projekt f\u00fcr junge Drogens\u00fcchtige&amp;escapedquot;},&amp;escapedquot;id&amp;escapedquot;:&amp;escapedquot;15249574&amp;escapedquot;,&amp;escapedquot;type&amp;escapedquot;:&amp;escapedquot;story&amp;escapedquot;},&amp;escapedquot;isPartOfList&amp;escapedquot;:true,&amp;escapedquot;topicListType&amp;escapedquot;:&amp;escapedquot;topic-list&amp;escapedquot;},&amp;escapedquot;showArrow&amp;escapedquot;:true}\" data-hydrate-slots=\"{&#039;default&#039;:[]}\" class=\"tspC3qb tspC2p9\" rel=\"nofollow noopener\" target=\"_blank\">105.000 Euro f\u00fcr Sozialarbeit am Kottbusser Tor Berliner Senat rettet Projekt f\u00fcr junge Drogens\u00fcchtige <\/a><a href=\"https:\/\/www.tagesspiegel.de\/berlin\/bezirke\/friedrichshain-kreuzberg\/afrikanische-literatur-in-berlin-interkontinental-erhalt-den-deutschen-buchhandlungspreis-2025-15249342.html?icid=topic-list_15250340___\" data-gtm-class=\"article-mzt-link\" data-hydrate-fingerprint=\"09740a54944caac75fd2c0c63fd5c5df\" data-hydrate-props=\"{&amp;escapedquot;element&amp;escapedquot;:{&amp;escapedquot;type&amp;escapedquot;:&amp;escapedquot;relatedContent&amp;escapedquot;,&amp;escapedquot;fieldMap&amp;escapedquot;:{},&amp;escapedquot;relation&amp;escapedquot;:{&amp;escapedquot;fields&amp;escapedquot;:{&amp;escapedquot;isPaid&amp;escapedquot;:null},&amp;escapedquot;href&amp;escapedquot;:&amp;escapedquot;\/berlin\/bezirke\/friedrichshain-kreuzberg\/afrikanische-literatur-in-berlin-interkontinental-erhalt-den-deutschen-buchhandlungspreis-2025-15249342.html&amp;escapedquot;,&amp;escapedquot;teaserTitle&amp;escapedquot;:{&amp;escapedquot;kicker&amp;escapedquot;:&amp;escapedquot;Afrikanische Literatur in Berlin&amp;escapedquot;,&amp;escapedquot;headline&amp;escapedquot;:&amp;escapedquot;\u201eInterKontinental\u201c erh\u00e4lt den Deutschen Buchhandlungspreis 2025&amp;escapedquot;},&amp;escapedquot;id&amp;escapedquot;:&amp;escapedquot;15249342&amp;escapedquot;,&amp;escapedquot;type&amp;escapedquot;:&amp;escapedquot;story&amp;escapedquot;},&amp;escapedquot;isPartOfList&amp;escapedquot;:true,&amp;escapedquot;topicListType&amp;escapedquot;:&amp;escapedquot;topic-list&amp;escapedquot;},&amp;escapedquot;showArrow&amp;escapedquot;:true}\" data-hydrate-slots=\"{&#039;default&#039;:[]}\" class=\"tspC3qb tspC2p9\" rel=\"nofollow noopener\" target=\"_blank\">Afrikanische Literatur in Berlin \u201eInterKontinental\u201c erh\u00e4lt den Deutschen Buchhandlungspreis 2025 <\/a><a href=\"https:\/\/www.tagesspiegel.de\/berlin\/berliner-linke-plant-kiezkantinen-neue-treffpunkte-gegen-armut-und-einsamkeit-15249201.html?icid=topic-list_15250340___\" data-gtm-class=\"article-mzt-link\" data-hydrate-fingerprint=\"09740a54944caac75fd2c0c63fd5c5df\" data-hydrate-props=\"{&amp;escapedquot;element&amp;escapedquot;:{&amp;escapedquot;type&amp;escapedquot;:&amp;escapedquot;relatedContent&amp;escapedquot;,&amp;escapedquot;fieldMap&amp;escapedquot;:{},&amp;escapedquot;relation&amp;escapedquot;:{&amp;escapedquot;fields&amp;escapedquot;:{&amp;escapedquot;isPaid&amp;escapedquot;:null},&amp;escapedquot;href&amp;escapedquot;:&amp;escapedquot;\/berlin\/berliner-linke-plant-kiezkantinen-neue-treffpunkte-gegen-armut-und-einsamkeit-15249201.html&amp;escapedquot;,&amp;escapedquot;teaserTitle&amp;escapedquot;:{&amp;escapedquot;kicker&amp;escapedquot;:&amp;escapedquot;Berliner Linke plant \u201eKiezkantinen\u201c&amp;escapedquot;,&amp;escapedquot;headline&amp;escapedquot;:&amp;escapedquot;Neue Treffpunkte gegen Armut und Einsamkeit &amp;escapedquot;},&amp;escapedquot;id&amp;escapedquot;:&amp;escapedquot;15249201&amp;escapedquot;,&amp;escapedquot;type&amp;escapedquot;:&amp;escapedquot;story&amp;escapedquot;},&amp;escapedquot;isPartOfList&amp;escapedquot;:true,&amp;escapedquot;topicListType&amp;escapedquot;:&amp;escapedquot;topic-list&amp;escapedquot;},&amp;escapedquot;showArrow&amp;escapedquot;:true}\" data-hydrate-slots=\"{&#039;default&#039;:[]}\" class=\"tspC3qb tspC2p9\" rel=\"nofollow noopener\" target=\"_blank\">Berliner Linke plant \u201eKiezkantinen\u201c Neue Treffpunkte gegen Armut und Einsamkeit  <\/a><\/p>\n<p class=\"tspCCnp\">Der Staatsanwalt hatte ein Jahr und sechs Monate Haft auf Bew\u00e4hrung gefordert. Auf eine Geldstrafe von nicht mehr als 90 Tagess\u00e4tzen pl\u00e4dierte der Verteidiger. Das Gericht verh\u00e4ngte eine Strafe von 150 Tagess\u00e4tzen zu je 15 Euro und ging wie der Anwalt von einem \u2013 juristisch \u2013 minder schweren Fall aus. Der Angeklagte sei nicht vorbestraft und habe in einer emotional sehr aufgeladenen Situation und nach Provokationen gehandelt. Das Urteil ist bislang nicht rechtskr\u00e4ftig. (dpa)<\/p>\n","protected":false},"excerpt":{"rendered":"Ein Mann, der einen Pfleger seiner Mutter in einer Wohngemeinschaft in Berlin-Sch\u00f6neberg attackiert hat, ist zu einer Strafe&hellip;\n","protected":false},"author":2,"featured_media":795509,"comment_status":"","ping_status":"","sticky":false,"template":"","format":"standard","meta":{"footnotes":"","_share_on_mastodon":"0"},"categories":[1825],"tags":[296,29,30],"class_list":["post-795508","post","type-post","status-publish","format-standard","has-post-thumbnail","category-berlin","tag-berlin","tag-deutschland","tag-germany"],"share_on_mastodon":{"url":"https:\/\/pubeurope.com\/@de\/116065736421888187","error":""},"_links":{"self":[{"href":"https:\/\/www.europesays.com\/de\/wp-json\/wp\/v2\/posts\/795508","targetHints":{"allow":["GET"]}}],"collection":[{"href":"https:\/\/www.europesays.com\/de\/wp-json\/wp\/v2\/posts"}],"about":[{"href":"https:\/\/www.europesays.com\/de\/wp-json\/wp\/v2\/types\/post"}],"author":[{"embeddable":true,"href":"https:\/\/www.europesays.com\/de\/wp-json\/wp\/v2\/users\/2"}],"replies":[{"embeddable":true,"href":"https:\/\/www.europesays.com\/de\/wp-json\/wp\/v2\/comments?post=795508"}],"version-history":[{"count":0,"href":"https:\/\/www.europesays.com\/de\/wp-json\/wp\/v2\/posts\/795508\/revisions"}],"wp:featuredmedia":[{"embeddable":true,"href":"https:\/\/www.europesays.com\/de\/wp-json\/wp\/v2\/media\/795509"}],"wp:attachment":[{"href":"https:\/\/www.europesays.com\/de\/wp-json\/wp\/v2\/media?parent=795508"}],"wp:term":[{"taxonomy":"category","embeddable":true,"href":"https:\/\/www.europesays.com\/de\/wp-json\/wp\/v2\/categories?post=795508"},{"taxonomy":"post_tag","embeddable":true,"href":"https:\/\/www.europesays.com\/de\/wp-json\/wp\/v2\/tags?post=795508"}],"curies":[{"name":"wp","href":"https:\/\/api.w.org\/{rel}","templated":true}]}}